{"id":75092,"date":"2025-03-27T05:28:06","date_gmt":"2025-03-27T04:28:06","guid":{"rendered":"https:\/\/www.infokuryr.cz\/n\/?p=75092"},"modified":"2025-03-27T05:28:06","modified_gmt":"2025-03-27T04:28:06","slug":"michael-svatos-valecna-mise-ceskych-vojaku-na-ukrajinu-maji-byt-pripraveni-se-zapojit-do-skutecneho-boje","status":"publish","type":"post","link":"https:\/\/www.infokuryr.cz\/n\/2025\/03\/27\/michael-svatos-valecna-mise-ceskych-vojaku-na-ukrajinu-maji-byt-pripraveni-se-zapojit-do-skutecneho-boje\/","title":{"rendered":"Michael Svato\u0161: V\u00e1le\u010dn\u00e1 mise \u010desk\u00fdch voj\u00e1k\u016f na Ukrajinu!? Maj\u00ed b\u00fdt p\u0159ipraveni se zapojit do skute\u010dn\u00e9ho boje&#8230;"},"content":{"rendered":"<div id=\"fb-root\"><\/div>\n<h3>V\u00e1le\u010dn\u00e1 mise \u010desk\u00fdch voj\u00e1k\u016f na Ukrajinu!? Maj\u00ed b\u00fdt p\u0159ipraveni se zapojit do skute\u010dn\u00e9ho boje, prasklo v\u010dera! \u017de by d\u016fvod z\u00e1kazu ve\u0159ejn\u00e9ho jedn\u00e1n\u00ed parlamentu?<\/h3>\n<p>V\u010dera protagonist\u00e9 nahrazen\u00ed z\u00e1padn\u00ed demokracie v \u010cR nejnov\u011bj\u0161\u00edm \u201cmy\u0161lenkov\u00fdm\u201d sm\u011brem pra\u017esk\u00e9 kav\u00e1rny tzv. \u201cfialov\u00fdm\u00a0 lampas\u00e1kismem\u201d,\u00a0<a href=\"https:\/\/www.seznamzpravy.cz\/clanek\/domaci-zivot-v-cesku-cesko-jeste-zvysi-vydaje-na-obranu-272640#dop_ab_variant=0&amp;dop_source_zone_name=zpravy.sznhp.box&amp;source=hp&amp;seq_no=1&amp;utm_campaign=abtest284_stream_popup_varB&amp;utm_medium=z-boxiku&amp;utm_source=www.seznam.cz\">zak\u00e1zali ve\u0159ejnou parlamentn\u00ed debatu<\/a>\u00a0o \u201czv\u00fd\u0161en\u00ed zbrojn\u00edch v\u00fddaj\u016f \u010cR na 3% HDP\u201d. Podobnou parlamentn\u00ed debatu o zv\u00fd\u0161en\u00ed v\u00fddaj\u016f na zbrojen\u00ed absolvovala 24. listopadu 2024 i Velk\u00e1 Brit\u00e1nie, a proto\u017ee jde o zemi s letitou demokratickou tradic\u00ed, kde fialov\u00fdm lampas\u00e1k\u016fm politick\u00e1 p\u0161enka nekvete,\u00a0<a href=\"https:\/\/hansard.parliament.uk\/Commons\/2024-11-11\/debates\/9D510DE5-A094-40C8-8ADA-D00A73D7CC93\/Defence25GDPSpendingCommitment\">cel\u00fd p\u0159epis t\u00e9to debaty si m\u016f\u017ee p\u0159e\u010d\u00edst zde<\/a>. Debata byla ve\u0159ejn\u00e1, a \u010d\u00edsla o neut\u011b\u0161en\u00e9m stavu britsk\u00e9ho lo\u010fstva, arm\u00e1dy i letectva, nikdo nepot\u0159eboval utajovat, stejn\u011b jako skute\u010dnost, \u017ee \u0159ada \u00fa\u010dastn\u00edk\u016f debaty m\u011bla r\u016fzn\u00e9 n\u00e1zory, kolik, a jak utratit.<\/p>\n<p>Jak\u00fd byl skute\u010dn\u00fd d\u016fvod v\u010derej\u0161\u00edho utajovac\u00edho hlasovac\u00edho man\u00e9vru fialov\u00fdch lampas-poslanc\u016f, si nen\u00ed tak t\u011b\u017ek\u00e9 domyslet. Budou volby, a cel\u00e1 vl\u00e1dnouc\u00ed fialov\u00e1 lampas-kohorta se t\u0159ese o sv\u00e1 \u0161t\u011bd\u0159e placen\u00e1 politick\u00e1 koryta. Fiala i Pavel jsou ve\u0159ejn\u00ed zast\u00e1nci \u201ckoalice ochotn\u00fdch\u201d. A ta m\u00e1 v pl\u00e1nu vyslat mlad\u00e9 ob\u010dany sv\u00fdch st\u00e1t\u016f na Ukrajinu, aby tam doz\u00edrali na m\u00edr s Ruskem. P\u0159i v\u010derej\u0161\u00ed parlamentn\u00ed debat\u011b, kdyby byla ve\u0159ejn\u00e1, tak mohl padnout brizantn\u00ed dotaz, zda tito na\u0161i mlad\u00ed voj\u00e1ci budou tak\u00e9 muset na Ukrajin\u011b s Rusy bojovat. A na vyh\u00fdbavou lampas-fialovou odpov\u011b\u010f, tak mohla hned, a v p\u0159\u00edm\u00e9m televizn\u00edm p\u0159enosu, p\u0159ij\u00edt p\u0159edvolebn\u011b nanejv\u00fd\u0161 t\u0159askav\u00e1 opozi\u010dn\u00ed argumentace:\u00a0 A pro\u010d tedy\u00a0<a href=\"https:\/\/uk.wikipedia.org\/wiki\/%D0%96%D0%BE%D0%B2%D0%BA%D0%B2%D0%B0_%D0%86%D0%B3%D0%BE%D1%80_%D0%86%D0%B2%D0%B0%D0%BD%D0%BE%D0%B2%D0%B8%D1%87\">Igor Zhovka<\/a>, z\u00e1stupce \u0159editele prezidentsk\u00e9 kancel\u00e1\u0159e samotn\u00e9ho Zelensk\u00e9ho pr\u00e1v\u011b p\u0159ed p\u00e1r minutami sd\u011blil francouzsk\u00e9 tiskov\u00e9 agentu\u0159e AFP: \u201c<a href=\"https:\/\/www.france24.com\/en\/live-news\/20250326-ukraine-needs-european-troops-with-readiness-to-fight-kyiv-aide\">Ukrajina pot\u0159ebuje poslat z Evropy velmi siln\u00fd kontingent voj\u00e1k\u016f p\u0159ipraven\u00fdch s Ruskem bojovat, a ne poslat m\u00edsto nich jen n\u011bjakou historicky obvyklou m\u00edrovou misi<\/a>.\u201c.<\/p>\n<p>A Zhovka pokra\u010doval: \u201c<a href=\"https:\/\/www.france24.com\/en\/live-news\/20250326-ukraine-needs-european-troops-with-readiness-to-fight-kyiv-aide\">Every soldier has to be ready to be engaged in the real combat<\/a>\u201d \u2013 Ka\u017ed\u00fd, (v kontextu evropsk\u00fd voj\u00e1k vyslan\u00fd na Ukrajinu), mus\u00ed b\u00fdt p\u0159ipraven se zapojit do skute\u010dn\u00e9ho boje. Nesta\u010d\u00ed n\u00e1m poslat 5 nebo 10 tis\u00edc Va\u0161ich voj\u00e1k\u016f. A v\u0161ichni mus\u00ed b\u00fdt t\u011b\u017ece vyzbrojeni. A ch\u00e1pat, \u017ee Ukrajina je ned\u00edlnou sou\u010d\u00e1st\u00ed evropsk\u00e9 bezpe\u010dnosti. A mus\u00ed b\u00fdt p\u0159ipraveni na obrann\u00e9 boje, a nesm\u00ed b\u00fdt rozm\u00edst\u011bni jen n\u011bkde v okol\u00ed z\u00e1padoukrajinsk\u00e9ho Lvova, tedy v t\u00fdlu, kde se nebojuje, a\u010dkoli na hlavn\u00ed front\u011b budou jen Ukrajinci.<\/p>\n<p>Proto\u017ee Petr Pavel pob\u00fdval t\u011bsn\u011b p\u0159ed v\u010derej\u0161\u00edm zak\u00e1zan\u00fdm ve\u0159ejn\u00fdm jedn\u00e1n\u00edm \u010desk\u00e9ho parlamentu obstojn\u011b dlouho na Ukrajin\u011b, nelze nep\u0159edpokl\u00e1dat, \u017ee by jako tr\u00e9novan\u00fd rozv\u011bd\u010d\u00edk a persona bl\u00edzk\u00e1 nejvy\u0161\u0161\u00ed Zelensk\u00e9ho administrativ\u011b, nedok\u00e1zal aspo\u0148 v relevantn\u00edch n\u00e1znac\u00edch odhalit, \u017ee nejvy\u0161\u0161\u00ed veden\u00ed Ukrajiny nestoj\u00ed o \u017e\u00e1dnou \u201cm\u00edrovou misi\u201d koalice ochotn\u00fdch, ale o maskovanou siln\u011b vyzbrojenou \u201cbojovou misi\u201d evropsk\u00fdch zem\u00ed NATO. \u017de se \u010cR bude \u00fa\u010dastnit mise koalice ochotn\u00fdch\u00a0<a class=\"mfp-iframe lightbox-added\" href=\"https:\/\/www.youtube.com\/watch?v=ARXsYIDA9uc\">potvrdil Petr Pavel dokonce v rozhovoru tamn\u00edm m\u00e9di\u00edm<\/a>, tedy za p\u0159edpokladu, \u017ee bude uzav\u0159en m\u00edr, nebo p\u0159\u00edm\u011b\u0159\u00ed,\u00a0 a siln\u00e1 skupina zem\u00ed NATO vy\u0161le do t\u00e9to mise sv\u00e9 voj\u00e1ky. V rozhovoru Petr Pavel p\u0159ednesl i dal\u0161\u00ed oslniv\u00e9 my\u0161lenky. (1) Nov\u00e1 rusk\u00e1 \u00fazem\u00ed nemaj\u00ed b\u00fdt nikdy uzn\u00e1na za rusk\u00e1, ale jen za do\u010dasn\u011b okupovan\u00e1 ukrajinsk\u00e1 \u00fazem\u00ed. (2) USA si maj\u00ed uv\u011bdomit, \u017ee pot\u0159ebuj\u00ed siln\u00e9ho spojence EU, spojence Ukrajiny, proto\u017ee pro nast\u00e1vaj\u00edc\u00ed konflikt s \u010c\u00ednou bude pro USA toto spojenectv\u00ed nutn\u00e9 proti Rusku a \u010c\u00edn\u011b.<\/p>\n<p>Ze z\u00e1kladn\u00ed vojensko-strategick\u00e9 teorie o zp\u016fsobech \u0159e\u0161en\u00ed probl\u00e9mu p\u0159i prob\u00edhaj\u00edc\u00ed zm\u011bn\u011b sv\u011btov\u00e9ho hegemona, tzv. Th\u00fakydidova past, vypl\u00fdvaj\u00ed v\u0161ak pouze dv\u011b \u0159e\u0161en\u00ed: (1) Dosavadn\u00ed hegemon se sv\u00fdmi spojenci napadne nastupuj\u00edc\u00edho hegemona i s jeho spojenci, aby ztr\u00e1t\u011b sv\u00e9 hegemonie zabr\u00e1nil. (2) Dosavadn\u00ed hegemon nezah\u00e1j\u00ed p\u0159\u00edmou v\u00e1lku proti nastupuj\u00edc\u00edmu hegemonovi, ale vyu\u017eije situace, \u017ee n\u011bkte\u0159\u00ed mocn\u00ed spojenci nastupuj\u00edc\u00edho hegemona nebudou cht\u00edt, aby nov\u00fd hegemon pln\u011b p\u0159evzal pozici sv\u011btov\u00e9ho hegemona, a zatla\u010dil je tak do zna\u010dn\u011b bezv\u00fdznamn\u011bj\u0161\u00ed pozice, a zm\u011bn\u00ed strany prob\u00edhaj\u00edc\u00edho konfliktu tak, \u017ee spole\u010dn\u011b se star\u00fdm hegemonem vytvo\u0159\u00ed mnohem siln\u011bj\u0161\u00ed spole\u010dn\u00fd val, ne\u017e nov\u00fd hegemon bude moci sv\u00fdm vzestupem vybudovat.<\/p>\n<p>\u0158e\u0161en\u00ed Th\u00fakydidovi pasti podle sc\u00e9n\u00e1\u0159e 1 zakazuje Kissingerovo pravidlo v\u00e1lek mezi jadern\u00fdmi mocnostmi. USA nemohou, a nesm\u00ed ani EU samostatn\u011b dovolit, v\u00e9st v\u00e1lku s Ruskem, proto\u017ee by do\u0161lo ke zni\u010den\u00ed cel\u00e9ho sv\u011bta. \u00datok proti Rusku, respektive sou\u010dasn\u00e1 hybridn\u00ed v\u00e1lka na Ukrajin\u011b je vlastn\u011b hybridn\u00ed v\u00e1lkou kolektivn\u00edho Z\u00e1padu proti \u010c\u00edn\u011b, a jej\u00edm\u00a0 neskr\u00fdvan\u00fdm c\u00edlem od roku 2014 bylo pod\u0159\u00eddit Ukrajinu i se v\u0161emi jej\u00edm zdroji a populac\u00ed v\u00fdhradn\u011b Z\u00e1padu. A po Putinov\u011b invazi dos\u00e1hnout vnit\u0159n\u00ed dezorganizace Ruska, a jeho poz\u0159en\u00ed Z\u00e1padem. Jakmile Rusko s masivn\u00ed \u010d\u00ednskou a indickou ekonomickou, i politickou pomoc\u00ed, ust\u00e1lo hybridn\u00ed \u00fatok Z\u00e1padu (2023), a jeho vnit\u0159n\u00ed dezorganizace p\u0159estala b\u00fdt potenci\u00e1ln\u011b mo\u017en\u00e1, Washington rychle p\u0159ehodil v\u00fdhybky sv\u00e9 politiky, aby neporu\u0161il Kissingerovo pravidlo, a pl\u00e1nem na p\u0159ipojen\u00ed ukrajinsk\u00fdch \u00fazem\u00ed k Rusku, a demilitarizac\u00ed n\u00e1razn\u00edkov\u00e9 z\u00f3ny mezi sv\u00fdm satelitem EU a Ruskem za\u010dal vytv\u00e1\u0159et podm\u00ednky, aby Rusko nem\u011blo z\u00e1jem eskalovat vojenskou situaci v Evrop\u011b, a umo\u017enilo tak USA p\u0159esunout s\u00edly a zdroje na zadr\u017eov\u00e1n\u00ed \u010c\u00edny.<\/p>\n<p>Jakmile Washington dos\u00e1hne tohoto sv\u00e9ho c\u00edle, a Rusko bude uspokojeno ve sv\u00fdch bezpe\u010dnostn\u00edch pot\u0159eb\u00e1ch, Indie, kter\u00e1 pova\u017euje Rusko za jistotu sv\u00e9 suverenity i existence, se za\u010dne Z\u00e1padu v\u00edce otev\u00edrat. USA tak z\u00edskaj\u00ed \u010das na vybudov\u00e1n\u00ed modern\u00ed ekonomiky, stejn\u011b jako Indie a Rusko. EU, kter\u00e1 t\u00edmto \u0159e\u0161en\u00edm p\u0159ijde o ukrajinsk\u00e9 zdroje i pracovn\u00ed s\u00edly, bude konfrontov\u00e1na se \u010dty\u0159mi prudce rostouc\u00edmi obrovsk\u00fdmi ekonomikami \u010c\u00ednou, USA, Ruskem a Indi\u00ed, a ty p\u0159itom nejsou paralyzov\u00e1ny politikou Green Deal, nejsou zahlceny des\u00edtkami milion\u016f nevzd\u011blan\u00fdch imigrant\u016f, kte\u0159\u00ed se odm\u00edtaj\u00ed asimilovat a necht\u011bj\u00ed ani pracovat, a nemaj\u00ed ani absurdn\u011b p\u0159emno\u017een\u00fd \u00fa\u0159ednick\u00fd apar\u00e1t, v\u010detn\u011b neziskovek, a ani jim nechyb\u00ed dostatek levn\u00fdch surovin.<\/p>\n<p>Jestli si Petr Pavel mysl\u00ed, \u017ee USA pot\u0159ebuj\u00ed EU jako siln\u00e9ho spojence, nech\u00e1pe, \u017ee sou\u010dasn\u00e1 EU jen pro USA p\u0159edstavuje ekonomick\u00fd i politick\u00fd balvan na noze, a je\u0161t\u011b ke v\u0161emu re\u00e1ln\u011b hroz\u00ed, \u017ee se ekonomicky i politicky zhrout\u00ed, a nebo rozpout\u00e1 sebezni\u010duj\u00edc\u00ed v\u00e1lku s Ruskem. Siln\u00e9 Rusko nebude m\u00edt \u017e\u00e1dn\u00fd z\u00e1jem na zdrcuj\u00edc\u00edm p\u0159ev\u00e1lcov\u00e1n\u00ed USA \u010c\u00ednou, stejn\u011b jako Indie. \u017de se p\u0159itom EU vinou Bruselu a jeho politick\u00fdch vyznava\u010d\u016f propadne do chudoby a bezv\u00fdznamnosti, Washingtonu vadit nebude.<\/p>\n<p>N\u011bjak jsem se rozepsal. Tak zase z\u00edtra. Maily jsem v\u0161echny ve\u010der \u010detl, odpov\u011bdi po\u0161lu z\u00edtra odpoledne, d\u011bkuji. Fialov\u00fd lampas\u00e1k = z\u00e1kaz ve\u0159ejn\u00fdch politick\u00fdch debat, m\u00edsto nich zup\u00e1ck\u00fd p\u0159\u00edstup: ml\u010det, d\u0159\u00edt a poslouchat! Th\u00fakydidovu past i Kissingerovo pravidlo jsem vysv\u011btli v n\u011bkolika star\u0161\u00edch anal\u00fdz\u00e1ch.<\/p>\n<p><a href=\"https:\/\/www.michalapetr.com\/map-2256-valecna-mise-ceskych-vojaku-na-ukrajinu-maji-byt-pripraveni-se-zapojit-do-skutecneho-boje-prasklo-vcera-ze-by-duvod-zakazu-verejneho-jednani-parlamentu\/\">Michael Svato\u0161<\/a><\/p>\n<p><img decoding=\"async\" loading=\"lazy\" class=\"alignnone size-full wp-image-27204\" src=\"http:\/\/www.infokuryr.cz\/n\/wp-content\/uploads\/2023\/05\/Michael_Svatos.png\" alt=\"\" width=\"180\" height=\"180\" srcset=\"https:\/\/www.infokuryr.cz\/n\/wp-content\/uploads\/2023\/05\/Michael_Svatos.png 180w, https:\/\/www.infokuryr.cz\/n\/wp-content\/uploads\/2023\/05\/Michael_Svatos-150x150.png 150w\" sizes=\"(max-width: 180px) 100vw, 180px\" \/><\/p>\n<p>&nbsp;<\/p>\n","protected":false},"excerpt":{"rendered":"<p>V\u00e1le\u010dn\u00e1 mise \u010desk\u00fdch voj\u00e1k\u016f na Ukrajinu!? Maj\u00ed b\u00fdt p\u0159ipraveni se zapojit do skute\u010dn\u00e9ho boje, prasklo&#8230;<\/p>\n","protected":false},"author":2,"featured_media":10501,"comment_status":"closed","ping_status":"closed","sticky":false,"template":"","format":"standard","meta":[],"categories":[6],"tags":[1042,1917,1908,26],"_links":{"self":[{"href":"https:\/\/www.infokuryr.cz\/n\/wp-json\/wp\/v2\/posts\/75092"}],"collection":[{"href":"https:\/\/www.infokuryr.cz\/n\/wp-json\/wp\/v2\/posts"}],"about":[{"href":"https:\/\/www.infokuryr.cz\/n\/wp-json\/wp\/v2\/types\/post"}],"author":[{"embeddable":true,"href":"https:\/\/www.infokuryr.cz\/n\/wp-json\/wp\/v2\/users\/2"}],"replies":[{"embeddable":true,"href":"https:\/\/www.infokuryr.cz\/n\/wp-json\/wp\/v2\/comments?post=75092"}],"version-history":[{"count":0,"href":"https:\/\/www.infokuryr.cz\/n\/wp-json\/wp\/v2\/posts\/75092\/revisions"}],"wp:featuredmedia":[{"embeddable":true,"href":"https:\/\/www.infokuryr.cz\/n\/wp-json\/wp\/v2\/media\/10501"}],"wp:attachment":[{"href":"https:\/\/www.infokuryr.cz\/n\/wp-json\/wp\/v2\/media?parent=75092"}],"wp:term":[{"taxonomy":"category","embeddable":true,"href":"https:\/\/www.infokuryr.cz\/n\/wp-json\/wp\/v2\/categories?post=75092"},{"taxonomy":"post_tag","embeddable":true,"href":"https:\/\/www.infokuryr.cz\/n\/wp-json\/wp\/v2\/tags?post=75092"}],"curies":[{"name":"wp","href":"https:\/\/api.w.org\/{rel}","templated":true}]}}