{"id":75083,"date":"2025-03-27T05:01:33","date_gmt":"2025-03-27T04:01:33","guid":{"rendered":"https:\/\/www.infokuryr.cz\/n\/?p=75083"},"modified":"2025-03-27T05:17:43","modified_gmt":"2025-03-27T04:17:43","slug":"ruska-armada-nasla-v-kurske-oblasti-hromadu-popravenych-ruskych-rodicu-s-malymi-detmi","status":"publish","type":"post","link":"https:\/\/www.infokuryr.cz\/n\/2025\/03\/27\/ruska-armada-nasla-v-kurske-oblasti-hromadu-popravenych-ruskych-rodicu-s-malymi-detmi\/","title":{"rendered":"Rusk\u00e1 arm\u00e1da na\u0161la v Kursk\u00e9 oblasti hromadu popraven\u00fdch rusk\u00fdch rodi\u010d\u016f s mal\u00fdmi d\u011btmi&#8230;"},"content":{"rendered":"<div id=\"fb-root\"><\/div>\n<h4>Rusk\u00e1 arm\u00e1da na\u0161la v Kursk\u00e9 oblasti hromadu popraven\u00fdch rusk\u00fdch rodi\u010d\u016f s mal\u00fdmi d\u011btmi, kte\u0159\u00ed se stali ob\u011bt\u00ed etnick\u00e9ho za\u010di\u0161\u0165ov\u00e1n\u00ed okupovan\u00e9 Kursk\u00e9 oblasti od rusk\u00e9ho obyvatelstva! \u0160okuj\u00edc\u00ed z\u00e1b\u011bry t\u011bl\u00ed\u010dek mal\u00fdch d\u011bt\u00ed jsou dal\u0161\u00edm d\u016fkazem zv\u011brstev ukronacistick\u00e9ho re\u017eimu a v\u0161ech jeho z\u00e1padn\u00edch komplic\u016f a podporovatel\u016f! A veden\u00ed EU pr\u00e1v\u011b vyzvalo ob\u010dany, aby si ud\u011blali z\u00e1soby na 3 dny!<\/h4>\n<p>Okupace Kursk\u00e9 oblasti ukrajinskou arm\u00e1dou, kter\u00e1 trvala zhruba 7 m\u011bs\u00edc\u016f od lo\u0148sk\u00e9ho srpna, byla koncipov\u00e1na jako vyhlazovac\u00ed operace. D\u016fkazy tohoto pl\u00e1nu v t\u011bchto hodin\u00e1ch nach\u00e1z\u00ed ru\u0161t\u00ed vy\u0161et\u0159ovatel\u00e9 na mnoha m\u00edstech Kursk\u00e9 oblasti a ukazuje se, \u017ee\u00a0<strong>ukrajinsk\u00e1 okupace byla spojena s naprosto ot\u0159esn\u00fdm etnick\u00fdm vyhlazov\u00e1n\u00edm, kter\u00e9 Kursk\u00e1 oblast naposledy za\u017eila za II. sv. v\u00e1lky b\u011bhem operace Barbarossa.<\/strong><\/p>\n<p>Rusk\u00e9 jednotky toti\u017e na\u0161ly v Kursk\u00e9 oblasti v jedn\u00e9 osad\u011b hromadn\u00e9 popravi\u0161t\u011b, kde na dvou hromad\u00e1ch n\u011bkolik des\u00edtek metr\u016f od sebe byla nalezena tlej\u00edc\u00ed a rozkl\u00e1daj\u00edc\u00ed se t\u011bla p\u016fvodn\u00edch rusk\u00fdch obyvatel, kter\u00e9 voj\u00e1ci ukrajinsk\u00e9 arm\u00e1dy post\u0159\u00edleli. A to jak dosp\u011bl\u00fdch, tak d\u011bt\u00ed.<\/p>\n<div class=\"wp-video\">\n<div style=\"width: 640px;\" class=\"wp-video\"><!--[if lt IE 9]><script>document.createElement('video');<\/script><![endif]-->\n<video class=\"wp-video-shortcode\" id=\"video-75083-1\" width=\"640\" height=\"360\" preload=\"metadata\" controls=\"controls\"><source type=\"video\/mp4\" src=\"http:\/\/www.infokuryr.cz\/n\/wp-content\/uploads\/2025\/03\/KidsVictimsKursk720.mp4?_=1\" \/><a href=\"http:\/\/www.infokuryr.cz\/n\/wp-content\/uploads\/2025\/03\/KidsVictimsKursk720.mp4\">http:\/\/www.infokuryr.cz\/n\/wp-content\/uploads\/2025\/03\/KidsVictimsKursk720.mp4<\/a><\/video><\/div>\n<\/div>\n<p>Na jedn\u00e9 hromad\u011b byli dosp\u011bl\u00ed, podle ohled\u00e1n\u00ed m\u00edsta \u010dinu \u0161lo o rodi\u010de z n\u011bkolika rodin, a o n\u011bkolik des\u00edtek metr\u016f d\u00e1l byla hromada t\u011bl\u00ed\u010dek mal\u00fdch d\u011bt\u00ed. V d\u016fsledku rozkladu t\u011bl a \u010dinnosti potuluj\u00edc\u00edch se a hladov\u00fdch ps\u016f z\u016fstaly z ob\u011bt\u00ed p\u0159ev\u00e1\u017en\u011b jen torza s ohlodan\u00fdmi \u010d\u00e1stmi t\u011bl.\u00a0<strong>Video m\u00e1te v\u00fd\u0161e, ale nen\u00ed pro citliv\u00e9 povahy.<\/strong>\u00a0Podle hlavn\u00edho vy\u0161et\u0159ovatele FSB se jednalo o\u00a0<strong>dvojitou sc\u00e9nickou popravu<\/strong>, o kter\u00e9 zajat\u00ed ukrajin\u0161t\u00ed voj\u00e1ci pod\u00e1vali v\u00fdpov\u011b\u010f v jin\u00fdch oblastech fronty a v jin\u00fdch p\u0159\u00edpadech.<\/p>\n<p>Jednotky AFU shrom\u00e1\u017ed\u00ed rusk\u00e9 rodiny s d\u011btmi, p\u0159i\u010dem\u017e d\u011bti odd\u011bl\u00ed a potom n\u00e1sleduje bu\u010f st\u0159\u00edlen\u00ed d\u011bt\u00ed p\u0159ed o\u010dima jejich rodi\u010d\u016f, p\u0159i\u010dem\u017e ukroprasata se u toho vesele bav\u00ed, anebo to prob\u00edh\u00e1 obr\u00e1cen\u011b, kdy naopak jako prvn\u00ed jsou post\u0159\u00edleni rodi\u010de, aby se na to mal\u00e9 d\u011bti d\u00edvaly. V n\u011bkter\u00fdch p\u0159\u00edpadech daj\u00ed d\u00edt\u011bti do ruky pistoli a na\u0159\u00edd\u00ed mu, aby d\u00edt\u011b \u0161lo a zast\u0159elilo ve druh\u00e9 skupin\u011b, tedy ve skupin\u011b dosp\u011bl\u00fdch, m\u00e1mu nebo t\u00e1tu.<\/p>\n<h3>Vyhlazov\u00e1n\u00ed rusk\u00e9ho etnika jako program Kyjeva a euronacist\u016f<\/h3>\n<p>Kdy\u017e to d\u00edt\u011b neud\u011bl\u00e1, tak chochlov\u00e9 d\u00edt\u011b zast\u0159el\u00ed a daj\u00ed pistoli do ruky dal\u0161\u00edmu d\u00edt\u011bti, aby \u0161lo a zast\u0159elilo sv\u00e9 rodi\u010de. V n\u011bkter\u00fdch p\u0159\u00edpadech se role obrac\u00ed, kdy pistoli dostane rodi\u010d s p\u0159\u00edkazem zast\u0159elit sv\u00e9 d\u00edt\u011b, anebo sebe. Prakticky poka\u017ed\u00e9 pr\u00fd rodi\u010d zast\u0159el\u00ed s\u00e1m sebe, jak podle v\u00fdpov\u011bd\u00ed potvrzuj\u00ed n\u011bkte\u0159\u00ed ukrajin\u0161t\u00ed zajatci z Mariupolu, kde tato zv\u011brstva prov\u00e1d\u011bly jednotky Azov s m\u00edstn\u00edmi rusk\u00fdmi rodinami.<\/p>\n<p>A jeliko\u017e invaze do Kursk\u00e9 oblasti ze dne 6. srpna 2024 byla provedena brig\u00e1dami AFU, ve kter\u00fdch jsou jednotky Azov za\u010dlen\u011bny,\u00a0<strong>tak je velmi pravd\u011bpodobn\u00e9, \u017ee tato zv\u011brstva maj\u00ed i v Kursk\u00e9 oblasti na sv\u011bdom\u00ed Azov\u00e1ci, proto\u017ee je to jejich podpisov\u00e1 zna\u010dka.<\/strong>\u00a0Nen\u00ed ale vylou\u010deno, \u017ee mohlo j\u00edt i o jinou neonacistickou \u010d\u00e1st AFU, nap\u0159. Aidar nebo Zakarpatskou Si\u010d, kter\u00e9 si v nen\u00e1visti k Rus\u016fm s Azov\u00e1ky v ni\u010dem nezadaj\u00ed.<\/p>\n<p>&nbsp;<\/p>\n<div id=\"rumble_v6p198i\">\n<div id=\"vid_v6p198i\" class=\"rumble_v6p198i-Rumble-cls\" tabindex=\"-1\">\n<div class=\"bigPlayUI ctp\">\n<div class='videoWrapper'>\r\n\t            <iframe src='https:\/\/rumble.com\/embed\/pj.v6p198i\/' frameborder='0' allowfullscreen><\/iframe>\r\n\t        <\/div>\n<div class=\"bigPlayUIInner ctp\"><\/div>\n<\/div>\n<\/div>\n<\/div>\n<p>&nbsp;<\/p>\n<p>Z\u00e1stupce rusk\u00e9ho velvyslance v OSN Dmitrij Poljanskij v Rad\u011b bezpe\u010dnosti p\u0159e\u010detl jm\u00e9na novin\u00e1\u0159\u016f a posledn\u00edch civiln\u00edch ob\u011bt\u00ed, kter\u00e9 byly zmasakrov\u00e1ny v Belgorodsk\u00e9 oblasti a v dal\u0161\u00edm rusk\u00e9m pohrani\u010d\u00ed po raketov\u00fdch \u00faderech HIMARS z ukrajinsk\u00fdch pozic a rovn\u011b\u017e z dron\u016f.<\/p>\n<p>\u00dadery byly op\u011bt m\u00ed\u0159eny na civiln\u00ed objekty a ob\u011bt\u00ed se stali i novin\u00e1\u0159i a kameramani z n\u011bkolika agentur.\u00a0Anna Prokofjevov\u00e1, v\u00e1le\u010dn\u00e1 zpravodajka rusk\u00e9ho Prvn\u00edho kan\u00e1lu, byla ve st\u0159edu zabita p\u0159i pln\u011bn\u00ed \u00fakolu v Belgorodsk\u00e9 oblasti\u00a0<strong>[<a href=\"https:\/\/href.li\/?https:\/\/www.themoscowtimes.com\/2025\/03\/26\/russian-state-tv-journalist-killed-by-mine-near-ukrainian-border-a88483\" target=\"_blank\" rel=\"nofollow noopener\">1<\/a>]<\/strong>, kter\u00e1 hrani\u010d\u00ed s Ukrajinou. Televize potvrdila jej\u00ed smrt a uvedla, \u017ee p\u0159i incidentu byl zran\u011bn tak\u00e9 kameraman Dmitrij Volkov.<\/p>\n<h3>Chochlov\u00e9 za\u010dali organizovan\u011b zab\u00edjet rusk\u00e9 novin\u00e1\u0159e<\/h3>\n<p>Prokofjevov\u00e1 \u00fadajn\u011b pracovala ve vesnici D\u011bmidovka, v oblasti pobl\u00ed\u017e aktivn\u00edch boj\u016f. Podle prvn\u00edch zpr\u00e1v byla p\u011btat\u0159icetilet\u00e1 novin\u00e1\u0159ka zabita bu\u010f \u00faderem bezpilotn\u00edho letounu, nebo smrteln\u00fdm zran\u011bn\u00edm \u0161rapnelem, a\u010dkoli v\u00fdpov\u011bdi o incidentu se li\u0161\u00ed. Za\u010d\u00e1tkem tohoto t\u00fddne byli p\u0159i ukrajinsk\u00fdch \u00fatoc\u00edch v Luhansk\u00e9 lidov\u00e9 republice (LLR) a v Kursk\u00e9 oblasti zabiti t\u0159i \u010dlenov\u00e9 zpravodajsk\u00fdch \u0161t\u00e1b\u016f.<\/p>\n<p><strong>Prokofjevov\u00e1 v posledn\u00edch dnech p\u0159ipravovala report\u00e1\u017ee z ned\u00e1vno osvobozen\u00e9ho m\u011bsta Sud\u017ea, kde pom\u00e1hala evakuovat civilisty z oblasti.<\/strong>\u00a0\u201c<em>V\u00e1le\u010dn\u00e1 zpravodajka Prvn\u00edho kan\u00e1lu Anna Prokofjevov\u00e1 byla zabita p\u0159i v\u00fdkonu slu\u017eby. Stalo se tak v Belgorodsk\u00e9 oblasti na hranic\u00edch s Ukrajinou, kde zpravodajsk\u00fd \u0161t\u00e1b Channel One najel na nep\u0159\u00e1telskou minu<\/em>,\u201d uvedla televize v prohl\u00e1\u0161en\u00ed.<\/p>\n<figure id=\"attachment_63083\" class=\"wp-caption aligncenter\" style=\"width: 839px;\"><a href=\"https:\/\/aeronet.news\/wp-content\/uploads\/AnnaProkofievaField.jpg\"><img decoding=\"async\" loading=\"lazy\" class=\"wp-image-63083 \" src=\"https:\/\/aeronet.news\/wp-content\/uploads\/AnnaProkofievaField.jpg\" sizes=\"(max-width: 1280px) 100vw, 1280px\" srcset=\"https:\/\/aeronet.news\/wp-content\/uploads\/AnnaProkofievaField.jpg 1280w, https:\/\/aeronet.news\/wp-content\/uploads\/AnnaProkofievaField-300x169.jpg 300w, https:\/\/aeronet.news\/wp-content\/uploads\/AnnaProkofievaField-768x432.jpg 768w, https:\/\/aeronet.news\/wp-content\/uploads\/AnnaProkofievaField-1024x576.jpg 1024w, https:\/\/aeronet.news\/wp-content\/uploads\/AnnaProkofievaField-700x394.jpg 700w, https:\/\/aeronet.news\/wp-content\/uploads\/AnnaProkofievaField-635x357.jpg 635w, https:\/\/aeronet.news\/wp-content\/uploads\/AnnaProkofievaField-859x483.jpg 859w\" alt=\"\" width=\"839\" height=\"472\" \/><\/a><figcaption class=\"wp-caption-text\">Anna Prokofjevov\u00e1<\/figcaption><\/figure>\n<p>O jej\u00ed smrti jako prvn\u00ed informoval vojensk\u00fd blogger Vladimir Romanov, kter\u00fd napsal, \u017ee byla zabita ve st\u0159edu p\u0159i pln\u011bn\u00ed redak\u010dn\u00edho \u00fakolu. Romanov prost\u0159ednictv\u00edm sv\u00e9ho kan\u00e1lu Telegram sd\u011blil, \u017ee Prokofjevov\u00e1 pracovala v obci D\u011bmidovka v rusk\u00e9m Krasnojarsk\u00e9m okrese.<\/p>\n<p>Kameraman Prvn\u00edho kan\u00e1lu Dmitrij Volkov byl v\u00e1\u017en\u011b zran\u011bn a v sou\u010dasn\u00e9 dob\u011b je podle \u00fa\u0159aduj\u00edc\u00edho kursk\u00e9ho gubern\u00e1tora Alexandra Khinshteina na um\u011bl\u00e9 plicn\u00ed ventilaci. Je urychlen\u011b p\u0159evezen k o\u0161et\u0159en\u00ed do Kursk\u00e9 oblastn\u00ed nemocnice. Televize ji\u017e d\u0159\u00edve informovala, \u017ee Volkov v dob\u011b incidentu pracoval po boku Prokofjevov\u00e9.<\/p>\n<h3>Eurosojuz vydal doporu\u010den\u00ed pro vytvo\u0159en\u00ed si z\u00e1sob na 3 dny! Tak tohle u\u017e v\u00e1\u017en\u011b smrd\u00ed\u2026<\/h3>\n<p><strong>Evropsk\u00e1 unie doporu\u010dila sv\u00fdm 450 milion\u016fm obyvatel, aby si vytvo\u0159ili z\u00e1soby z\u00e1kladn\u00edch potravin posta\u010duj\u00edc\u00ed alespo\u0148 na 72 hodin, a to s odkazem na rostouc\u00ed rizika v\u00e1lky<\/strong>, kybernetick\u00fdch \u00fatok\u016f, zm\u011bny klimatu a nemoc\u00ed. Komisa\u0159ka EU pro krizov\u00e9 \u0159\u00edzen\u00ed Hadja Lahbibov\u00e1 ve st\u0159edu uvedla\u00a0<strong>[<a href=\"https:\/\/href.li\/?https:\/\/www.euronews.com\/my-europe\/2025\/03\/26\/brussels-ask-eu-citizens-to-put-together-a-72-hour-emergency-kit-to-face-crises\" target=\"_blank\" rel=\"nofollow noopener\">2<\/a>]<\/strong>, \u017ee toto varov\u00e1n\u00ed odr\u00e1\u017e\u00ed \u0161ir\u0161\u00ed strategii na zlep\u0161en\u00ed civiln\u00ed p\u0159ipravenosti v cel\u00e9m bloku<\/p>\n<p>A\u010dkoli se nezm\u00ednila konkr\u00e9tn\u011b o Rusku, zd\u016fraznila, \u017ee konflikt na Ukrajin\u011b ohro\u017euje evropskou bezpe\u010dnost. \u201c<em>Ji\u017e t\u0159i roky jsme na Ukrajin\u011b sv\u011bdky boji\u0161t\u011b pln\u00e9ho bomb a st\u0159el, dron\u016f, st\u00edha\u010dek, z\u00e1kop\u016f a ponorek. ano, na\u0161e evropsk\u00e1 bezpe\u010dnost je t\u00edm p\u0159\u00edmo ohro\u017eena<\/em>,\u201d uvedla Lahbibov\u00e1.<\/p>\n<figure id=\"attachment_63084\" class=\"wp-caption aligncenter\" style=\"width: 689px;\"><a href=\"https:\/\/aeronet.news\/wp-content\/uploads\/HadjaLahbibEU.jpg\"><img decoding=\"async\" loading=\"lazy\" class=\"wp-image-63084 \" src=\"https:\/\/aeronet.news\/wp-content\/uploads\/HadjaLahbibEU-1024x576.jpg\" sizes=\"(max-width: 700px) 100vw, 700px\" srcset=\"https:\/\/aeronet.news\/wp-content\/uploads\/HadjaLahbibEU-1024x576.jpg 1024w, https:\/\/aeronet.news\/wp-content\/uploads\/HadjaLahbibEU-300x169.jpg 300w, https:\/\/aeronet.news\/wp-content\/uploads\/HadjaLahbibEU-768x432.jpg 768w, https:\/\/aeronet.news\/wp-content\/uploads\/HadjaLahbibEU-700x394.jpg 700w, https:\/\/aeronet.news\/wp-content\/uploads\/HadjaLahbibEU-635x357.jpg 635w, https:\/\/aeronet.news\/wp-content\/uploads\/HadjaLahbibEU-859x483.jpg 859w, https:\/\/aeronet.news\/wp-content\/uploads\/HadjaLahbibEU.jpg 1280w\" alt=\"\" width=\"689\" height=\"388\" \/><\/a><figcaption class=\"wp-caption-text\">Hadja Lahbibov\u00e1, eurokomisa\u0159ka<\/figcaption><\/figure>\n<p>N\u011bkolik zem\u00ed EU soustavn\u011b ozna\u010duje Moskvu za v\u00fdznamnou hrozbu pro region\u00e1ln\u00ed bezpe\u010dnost. Francie, Polsko, pobaltsk\u00e9 st\u00e1ty a Finsko vyj\u00e1d\u0159ily obavy z \u00fadajn\u00fdch rusk\u00fdch kybernetick\u00fdch \u00fatok\u016f, dezinforma\u010dn\u00edch kampan\u00ed a politick\u00e9ho vm\u011b\u0161ov\u00e1n\u00ed.<\/p>\n<p>Rovn\u011b\u017e ozna\u010dily konflikt na Ukrajin\u011b za p\u0159\u00edklad agresivn\u00edho chov\u00e1n\u00ed, kter\u00e9 pro blok p\u0159edstavuje vojenskou hrozbu. Moskva d\u016fsledn\u011b pop\u00edr\u00e1, \u017ee by m\u011bla v \u00famyslu za\u00fato\u010dit na zem\u011b NATO nebo EU. Rusk\u00fd prezident Vladimir Putin takov\u00e1 tvrzen\u00ed odm\u00edtl jako \u201cnesmysl\u201d, kter\u00fd m\u00e1 zastra\u0161it evropsk\u00e9 obyvatelstvo a zv\u00fd\u0161it vojensk\u00e9 rozpo\u010dty.<\/p>\n<h3>Euronacist\u00e9 se na n\u011bco chystaj\u00ed, \u017ee tak najednou apeluj\u00ed na obyvatele, aby si ud\u011blali z\u00e1soby?<\/h3>\n<p>\u201c<em>Chceme, aby lid\u00e9 byli p\u0159ipraveni a nepanika\u0159ili<\/em>,\u201d \u0159ekl Lahbib. \u201c<em>P\u0159ipravenost nen\u00ed vyvol\u00e1v\u00e1n\u00ed strachu \u2013 je to zdrav\u00fd rozum v dob\u011b nejistoty.<\/em>\u201d V r\u00e1mci t\u00e9to strategie EU doporu\u010duje dom\u00e1cnostem, aby si ponechaly z\u00e1kladn\u00ed z\u00e1soby, v\u010detn\u011b nekaz\u00edc\u00edch se potravin, balen\u00e9 vody, sv\u00edtilen, bateri\u00ed, materi\u00e1l\u016f prvn\u00ed pomoci a kl\u00ed\u010dov\u00fdch dokument\u016f.<\/p>\n<p>Ob\u010dan\u016fm se tak\u00e9 doporu\u010duje, aby m\u011bli p\u0159\u00edstup ke kr\u00e1tkovlnn\u00e9mu r\u00e1diu pro p\u0159\u00edpad v\u00fdpadku proudu nebo komunikace.\u00a0<strong>EU rovn\u011b\u017e pl\u00e1nuje vytvo\u0159it strategickou rezervu kl\u00ed\u010dov\u00fdch zdroj\u016f, v\u010detn\u011b hasi\u010dsk\u00fdch letadel, zdravotnick\u00e9 dopravy, mobiln\u00edch nemocnic a z\u00e1sob ochrann\u00fdch prost\u0159edk\u016f<\/strong>\u00a0pro p\u0159\u00edpad chemick\u00fdch, biologick\u00fdch, radiologick\u00fdch a jadern\u00fdch hav\u00e1ri\u00ed.<\/p>\n<figure id=\"attachment_56397\" class=\"wp-caption aligncenter\" style=\"width: 680px;\"><a href=\"https:\/\/aeronet.news\/wp-content\/uploads\/European-Commission-official-entry.jpg\"><img decoding=\"async\" loading=\"lazy\" class=\"wp-image-56397 \" src=\"https:\/\/aeronet.news\/wp-content\/uploads\/European-Commission-official-entry-1024x576.jpg\" sizes=\"(max-width: 700px) 100vw, 700px\" srcset=\"https:\/\/aeronet.news\/wp-content\/uploads\/European-Commission-official-entry-1024x576.jpg 1024w, https:\/\/aeronet.news\/wp-content\/uploads\/European-Commission-official-entry-300x169.jpg 300w, https:\/\/aeronet.news\/wp-content\/uploads\/European-Commission-official-entry-768x432.jpg 768w, https:\/\/aeronet.news\/wp-content\/uploads\/European-Commission-official-entry-700x394.jpg 700w, https:\/\/aeronet.news\/wp-content\/uploads\/European-Commission-official-entry-635x357.jpg 635w, https:\/\/aeronet.news\/wp-content\/uploads\/European-Commission-official-entry-859x483.jpg 859w, https:\/\/aeronet.news\/wp-content\/uploads\/European-Commission-official-entry.jpg 1280w\" alt=\"\" width=\"680\" height=\"383\" \/><\/a><figcaption class=\"wp-caption-text\">Evropsk\u00e1 komise<\/figcaption><\/figure>\n<p>\u201c<em>Dne\u0161n\u00ed hrozby, kter\u00fdm Evropa \u010del\u00ed, jsou slo\u017eit\u011bj\u0161\u00ed ne\u017e kdy d\u0159\u00edve a jsou vz\u00e1jemn\u011b propojen\u00e9<\/em>,\u201d \u0159ekl Lahbib. \u201c<em>Od v\u00e1lky na na\u0161ich hranic\u00edch po st\u00e1le \u010dast\u011bj\u0161\u00ed klimatick\u00e9 katastrofy, EU mus\u00ed b\u00fdt p\u0159ipravena \u010delit neo\u010dek\u00e1van\u00fdm situac\u00edm,<\/em>\u201d dodala. Iniciativa odr\u00e1\u017e\u00ed dlouhodob\u00e9 postupy v zem\u00edch, jako je Finsko a \u0160v\u00e9dsko, kde jsou p\u0159\u00edpravy na civiln\u00ed obranu a pokyny pro p\u0159\u00edpad nouze v\u00edce zaveden\u00e9.<\/p>\n<p>\u0160v\u00e9dsko nap\u0159\u00edklad ned\u00e1vno aktualizovalo svou p\u0159\u00edru\u010dku \u201c<em>P\u0159ijde-li krize nebo v\u00e1lka<\/em>\u201d o modern\u00ed sc\u00e9n\u00e1\u0159e, v\u010detn\u011b toho, jak reagovat na jadern\u00e9 hrozby.\u00a0Nov\u00fd pl\u00e1n Komise zahrnuje vytvo\u0159en\u00ed krizov\u00e9ho centra na \u00farovni EU, kter\u00e9 by koordinovalo p\u0159eshrani\u010dn\u00ed reakce a zaji\u0161\u0165ovalo kontinuitu z\u00e1kladn\u00edch slu\u017eeb, od zdravotn\u00ed p\u00e9\u010de po energetiku a telekomunikace.<\/p>\n<h3>Z\u00e1soby na 3 dny nejsou ur\u010deny pro p\u0159\u00edpad v\u00fdpadku elekt\u0159iny nebo z\u00e1plavy, ale pro 72-hodinov\u00fd radia\u010dn\u00ed lockdown<\/h3>\n<p><strong>V\u00fdzva k vytvo\u0159en\u00ed z\u00e1sob na 3 dny zn\u00ed pro laickou ve\u0159ejnost docela nen\u00e1padn\u011b a lehce se d\u00e1 zam\u011bnit za ud\u00e1lost spojenou t\u0159eba s v\u00fdpadkem elektrick\u00e9 energie, z\u00e1plavami atd.<\/strong>\u00a0Jen\u017ee to v\u0161echno je nesmysl! Kritick\u00e9 situace jsou toti\u017e v\u017edy spojeny s evakuac\u00ed obyvatelstva z m\u00edsta ohro\u017een\u00e9 z\u00f3ny.<\/p>\n<p>Z\u00e1soby jsou ale ur\u010den\u00e9 ne pro evakuace, ale pro izolaci a lockdown v m\u00edst\u011b, kdy nen\u00ed mo\u017en\u00e9 vych\u00e1zet a ani se evakuovat. A to neodpov\u00edd\u00e1 popisu z\u00e1plav nebo v\u00fdpadku elekt\u0159iny, proto\u017ee b\u011bhem nich se evakuuje norm\u00e1ln\u011b po\u0159\u00e1d, pomoc\u00ed \u010dlun\u016f a helikopt\u00e9r. Odpov\u00edd\u00e1 to jedin\u00e9 mo\u017en\u00e9 ud\u00e1losti \u2013 vyhl\u00e1\u0161en\u00ed radia\u010dn\u00edho poplachu!<\/p>\n<figure id=\"attachment_63085\" class=\"wp-caption aligncenter\" style=\"width: 667px;\"><a href=\"https:\/\/aeronet.news\/wp-content\/uploads\/RadiacniSituaceManual.jpg\"><img decoding=\"async\" loading=\"lazy\" class=\"wp-image-63085 \" src=\"https:\/\/aeronet.news\/wp-content\/uploads\/RadiacniSituaceManual.jpg\" sizes=\"(max-width: 700px) 100vw, 700px\" srcset=\"https:\/\/aeronet.news\/wp-content\/uploads\/RadiacniSituaceManual.jpg 700w, https:\/\/aeronet.news\/wp-content\/uploads\/RadiacniSituaceManual-300x225.jpg 300w, https:\/\/aeronet.news\/wp-content\/uploads\/RadiacniSituaceManual-476x357.jpg 476w, https:\/\/aeronet.news\/wp-content\/uploads\/RadiacniSituaceManual-644x483.jpg 644w\" alt=\"\" width=\"667\" height=\"500\" \/><\/a><figcaption class=\"wp-caption-text\">Radia\u010dn\u00ed manu\u00e1l pro velitele kryt\u016f CO v \u010ceskoslovensku. Ilustra\u010dn\u00ed foto.<\/figcaption><\/figure>\n<p>V p\u0159\u00edru\u010dce \u010cSLA z roku 1983 o p\u0159\u00edprav\u011b na jadern\u00fd resp. radia\u010dn\u00ed poplach a o v\u00fdstroji pro Civiln\u00ed obranu se uv\u00e1d\u00ed, \u017ee\u2026\u00a0<em><strong>kryt CO mus\u00ed b\u00fdt vybaven tak, aby dok\u00e1zal pln\u011b zajistit p\u0159e\u017eit\u00ed osob po dobu 72 hodin, dokud nedojde venku k poklesu radiace.<\/strong><\/em>\u00a0A to je p\u0159esn\u011b ten d\u016fvod, pro\u010d maj\u00ed m\u00edt lid\u00e9 v EU z\u00e1soby na 3 dny.<\/p>\n<p>Polo\u010das rozpad\u016f izotop\u016f stroncia, baria a dal\u0161\u00edch prvk\u016f, kter\u00e9 se vytvo\u0159\u00ed b\u011bhem termojadern\u00e9 exploze, je zhruba 50 a\u017e 85 hodin. Uv\u00e1d\u00ed se tedy tzv.\u00a0<strong><em>st\u0159edn\u00ed doba<\/em><\/strong>\u00a0pro opu\u0161t\u011bn\u00ed kryt\u016f po zhruba 3 dnech, p\u0159i\u010dem\u017e velitel krytu CO m\u016f\u017ee opu\u0161t\u011bn\u00ed krytu pozdr\u017eet a\u017e o n\u011bkolik dn\u00ed, pokud vlivem v\u011btru do\u0161lo k zav\u00e1t\u00ed radioaktivn\u00edho koncentrovan\u00e9ho prachu ze zem\u011b sm\u011brem ke vchodu do krytu.<\/p>\n<h3>V\u0161echno do sebe zapad\u00e1 s d\u011bsivou preciznost\u00ed<\/h3>\n<p>Euronacistick\u00e1 unie zkr\u00e1tka chyst\u00e1 Eurosojuz na p\u0159\u00edpadn\u00fd jadern\u00fd konflikt, proto\u017ee nen\u00ed vylou\u010deno, \u017ee Kyjev chyst\u00e1 jadernou provokaci, o \u010dem\u017e p\u0159ed p\u00e1r dny mluvil\u00a0<strong>Zelensk\u00e9ho b\u00fdval\u00fd poradce Alexej Arestovi\u010d, kter\u00fd odhalil \u0161okuj\u00edc\u00ed informac\u00ed, \u017ee \u0161\u00e9f ukrajinsk\u00e9 GUR Budanov pl\u00e1noval [<a href=\"https:\/\/aeronet.news\/pro-americany-jsme-jako-opice-s-granatem-arestovic-odpalil-informaci-ze-sef-ukrajinske-vojenske-rozvedky-gur-ma-v-pripade-porazky-ukrajiny-plan-na-vyhozeni-vsech-jadernych-elektraren-na-ukrajine\/\">3<\/a>] vyhodit do pov\u011bt\u0159\u00ed v\u0161echny ukrajinsk\u00e9 jadern\u00e9 elektr\u00e1rny<\/strong>, pokud by hrozila por\u00e1\u017eka Ukrajiny. Nen\u00ed vylou\u010deno, \u017ee ten pl\u00e1n m\u00e1 v\u00edce variant, a \u017ee ty varianty jsou vypracov\u00e1ny ve spolupr\u00e1ci s euronacisty v EU.<\/p>\n<figure id=\"attachment_63086\" class=\"wp-caption aligncenter\" style=\"width: 688px;\"><a href=\"https:\/\/aeronet.news\/wp-content\/uploads\/ZelenskyScholzLeyenFT.jpg\"><img decoding=\"async\" loading=\"lazy\" class=\"wp-image-63086 \" src=\"https:\/\/aeronet.news\/wp-content\/uploads\/ZelenskyScholzLeyenFT-1024x682.jpg\" sizes=\"(max-width: 700px) 100vw, 700px\" srcset=\"https:\/\/aeronet.news\/wp-content\/uploads\/ZelenskyScholzLeyenFT-1024x682.jpg 1024w, https:\/\/aeronet.news\/wp-content\/uploads\/ZelenskyScholzLeyenFT-300x200.jpg 300w, https:\/\/aeronet.news\/wp-content\/uploads\/ZelenskyScholzLeyenFT-768x512.jpg 768w, https:\/\/aeronet.news\/wp-content\/uploads\/ZelenskyScholzLeyenFT-700x466.jpg 700w, https:\/\/aeronet.news\/wp-content\/uploads\/ZelenskyScholzLeyenFT-536x357.jpg 536w, https:\/\/aeronet.news\/wp-content\/uploads\/ZelenskyScholzLeyenFT-725x483.jpg 725w, https:\/\/aeronet.news\/wp-content\/uploads\/ZelenskyScholzLeyenFT.jpg 1280w\" alt=\"\" width=\"688\" height=\"458\" \/><\/a><figcaption class=\"wp-caption-text\">Setk\u00e1n\u00ed euronacist\u016f: Volodymyr Zelensk\u00fd, Olaf Scholz a Ursula von der Leyen<\/figcaption><\/figure>\n<p>A tak dop\u0159edu vyd\u00e1vaj\u00ed povely, aby se lid\u00e9 pro jistotu z\u00e1sobili p\u0159esn\u011b na 3 dny, tedy p\u0159esn\u011b jak \u010cSLA v letech p\u0159ed rokem 1989 odporu\u010dovala v manu\u00e1lu pro pov\u011b\u0159en\u00e9 velitele kryt\u016f CO v p\u0159\u00edpad\u011b jadern\u00e9ho poplachu. V\u0161echno to do sebe dokonale pasuje a zapad\u00e1. \u0160\u00edlenci v EU se nezastav\u00ed. Cht\u011bj\u00ed prost\u011b v\u00e1lku, proto\u017ee jin\u00fd program ne\u017e v\u00e1lku veden\u00ed EU nem\u00e1. V\u00e1lka je pl\u00e1n! V\u00e1lka je politick\u00fd program. V\u00e1lka je m\u00edr! M\u00edr je v\u00e1lka! Takhle daleko jsme v EU do\u0161li. Na blit\u00ed!<\/p>\n<p><a href=\"https:\/\/aeronet.news\/ruska-armada-nasla-v-kurske-oblasti-hromadu-popravenych-ruskych-rodicu-s-malymi-detmi-kteri-se-stali-obeti-etnickeho-zacistovani-okupovane-kurske-oblasti-od-ruskeho-obyvatelstva-sokujici-zabery\/\">-VK-<\/a><\/p>\n","protected":false},"excerpt":{"rendered":"<p>Rusk\u00e1 arm\u00e1da na\u0161la v Kursk\u00e9 oblasti hromadu popraven\u00fdch rusk\u00fdch rodi\u010d\u016f s mal\u00fdmi d\u011btmi, kte\u0159\u00ed se&#8230;<\/p>\n","protected":false},"author":2,"featured_media":75085,"comment_status":"closed","ping_status":"closed","sticky":false,"template":"","format":"standard","meta":[],"categories":[6],"tags":[1042,22,1635,1746],"_links":{"self":[{"href":"https:\/\/www.infokuryr.cz\/n\/wp-json\/wp\/v2\/posts\/75083"}],"collection":[{"href":"https:\/\/www.infokuryr.cz\/n\/wp-json\/wp\/v2\/posts"}],"about":[{"href":"https:\/\/www.infokuryr.cz\/n\/wp-json\/wp\/v2\/types\/post"}],"author":[{"embeddable":true,"href":"https:\/\/www.infokuryr.cz\/n\/wp-json\/wp\/v2\/users\/2"}],"replies":[{"embeddable":true,"href":"https:\/\/www.infokuryr.cz\/n\/wp-json\/wp\/v2\/comments?post=75083"}],"version-history":[{"count":0,"href":"https:\/\/www.infokuryr.cz\/n\/wp-json\/wp\/v2\/posts\/75083\/revisions"}],"wp:featuredmedia":[{"embeddable":true,"href":"https:\/\/www.infokuryr.cz\/n\/wp-json\/wp\/v2\/media\/75085"}],"wp:attachment":[{"href":"https:\/\/www.infokuryr.cz\/n\/wp-json\/wp\/v2\/media?parent=75083"}],"wp:term":[{"taxonomy":"category","embeddable":true,"href":"https:\/\/www.infokuryr.cz\/n\/wp-json\/wp\/v2\/categories?post=75083"},{"taxonomy":"post_tag","embeddable":true,"href":"https:\/\/www.infokuryr.cz\/n\/wp-json\/wp\/v2\/tags?post=75083"}],"curies":[{"name":"wp","href":"https:\/\/api.w.org\/{rel}","templated":true}]}}