{"id":75076,"date":"2025-03-27T04:42:19","date_gmt":"2025-03-27T03:42:19","guid":{"rendered":"https:\/\/www.infokuryr.cz\/n\/?p=75076"},"modified":"2025-03-27T04:42:19","modified_gmt":"2025-03-27T03:42:19","slug":"prohlaseni-dsz-za-prava-zvirat-k-petici-pozadujici-nepodmineny-trest-za-brutalne-ubitou-kocku","status":"publish","type":"post","link":"https:\/\/www.infokuryr.cz\/n\/2025\/03\/27\/prohlaseni-dsz-za-prava-zvirat-k-petici-pozadujici-nepodmineny-trest-za-brutalne-ubitou-kocku\/","title":{"rendered":"Prohl\u00e1\u0161en\u00ed DSZ &#8211; ZA PR\u00c1VA ZV\u00cd\u0158AT k petici po\u017eaduj\u00edc\u00ed nepodm\u00edn\u011bn\u00fd trest za brut\u00e1ln\u011b ubitou ko\u010dku"},"content":{"rendered":"<div id=\"fb-root\"><\/div>\n<p><strong>Demokratick\u00e1 strana zelen\u00fdch &#8211; ZA PR\u00c1VA ZV\u00cd\u0158AT se rozhodla podpo\u0159it petici ochr\u00e1nc\u016f zv\u00ed\u0159at, resp. Kate\u0159iny Markov\u00e9, za nepodm\u00edn\u011bn\u00fd trest pro Jana Dulovce, kter\u00fd brut\u00e1ln\u011b ubil ko\u010dku.<\/strong><\/p>\n<p>DSZ &#8211; ZA PR\u00c1VA ZV\u00cd\u0158AT byla minul\u00fd rok pobou\u0159ena sadistick\u00fdm \u010dinem pana J.D., kter\u00fd zvl\u00e1\u0161\u0165 zavr\u017een\u00edhodn\u00fdm zp\u016fsobem ut\u00fdral ko\u010dku. DSZ &#8211; ZA PR\u00c1VA ZV\u00cd\u0158AT \u017e\u00e1dala p\u0159\u00edsn\u00e9 potrest\u00e1n\u00ed vin\u00edka s nejvy\u0161\u0161\u00edm mo\u017en\u00fdm &#8211; nepodm\u00edn\u011bn\u00fdm &#8211; trestem, resp. aby org\u00e1ny \u010dinn\u00e9 v trestn\u00edm \u0159\u00edzen\u00ed \u0159\u00e1dn\u011b vy\u0161et\u0159ily p\u0159\u00edpad extr\u00e9mn\u00edho a brut\u00e1ln\u00edho ut\u00fdr\u00e1n\u00ed ko\u010dky osobou J.D., kter\u00fd by m\u011bl b\u00fdt jednozna\u010dn\u011b posuzov\u00e1n jako trestn\u00fd \u010din. DSZ &#8211; ZA PR\u00c1VA ZV\u00cd\u0158AT po\u017eadovala, aby v tomto p\u0159\u00edpad\u011b soud ulo\u017eil pachateli trest podle \u00a7 302, odst. 3, p\u00edsm. b) trestn\u00edho z\u00e1kona, a to exempl\u00e1rn\u00ed trest odn\u011bt\u00ed svobody v trv\u00e1n\u00ed 6 let nepodm\u00edn\u011bn\u011b.<\/p>\n<p>DSZ &#8211; ZA PR\u00c1VA ZV\u00cd\u0158AT se pln\u011b ztoto\u017e\u0148uje s d\u016fvody k vytvo\u0159en\u00ed petice, s jej\u00edm textem i n\u00e1vrhy \u0159e\u0161en\u00ed. K petici se t\u00edmto prohl\u00e1\u0161en\u00edm p\u0159ipojuje.<\/p>\n<p><strong>Text petice:<\/strong><\/p>\n<p><em>&#8222;My, n\u00ed\u017ee podepsan\u00ed ob\u010dan\u00e9 \u010cesk\u00e9 republiky, vyjad\u0159ujeme hlubok\u00e9 znepokojen\u00ed nad rozsudkem v p\u0159\u00edpad\u011b Jana Dulovce, kter\u00fd 1. z\u00e1\u0159\u00ed 2024 brut\u00e1ln\u00edm zp\u016fsobem ubil ko\u010dku a byl odsouzen pouze k podm\u00edn\u011bn\u00e9mu trestu.<\/p>\n<p>Tento \u010din p\u0159edstavuje z\u00e1va\u017en\u00e9 t\u00fdr\u00e1n\u00ed zv\u00ed\u0159ete, kter\u00e9 by m\u011blo b\u00fdt potrest\u00e1no nepodm\u00edn\u011bn\u00fdm trestem odn\u011bt\u00ed svobody. Podle \u00a7 302 trestn\u00edho z\u00e1kon\u00edku m\u016f\u017ee b\u00fdt za zvl\u00e1\u0161\u0165 surov\u00e9 nebo tr\u00fdzniv\u00e9 t\u00fdr\u00e1n\u00ed zv\u00ed\u0159ete ulo\u017een trest a\u017e \u0161est let v\u011bzen\u00ed, av\u0161ak soud v tomto p\u0159\u00edpad\u011b zvolil pouze podm\u00ednku, co\u017e nepova\u017eujeme za dostate\u010dn\u00e9 a spravedliv\u00e9.<\/p>\n<p>Tento rozsudek nejen\u017ee neodpov\u00edd\u00e1 z\u00e1va\u017enosti \u010dinu, ale z\u00e1rove\u0148 vys\u00edl\u00e1 nebezpe\u010dn\u00fd sign\u00e1l, \u017ee brut\u00e1ln\u00ed n\u00e1sil\u00ed na zv\u00ed\u0159atech nebude p\u0159\u00edsn\u011b trest\u00e1no. Studie jasn\u011b ukazuj\u00ed, \u017ee krutost v\u016f\u010di zv\u00ed\u0159at\u016fm m\u016f\u017ee b\u00fdt varovn\u00fdm sign\u00e1lem pro agresi v\u016f\u010di lidem, a proto je nezbytn\u00e9, aby soudy postupovaly p\u0159\u00edsn\u011bji.<\/p>\n<p>\u017d\u00e1d\u00e1me proto:<\/p>\n<p>1. P\u0159ezkoum\u00e1n\u00ed tohoto rozsudku a ulo\u017een\u00ed nepodm\u00edn\u011bn\u00e9ho trestu.<br \/>\n2. D\u016fsledn\u011bj\u0161\u00ed uplat\u0148ov\u00e1n\u00ed trestn\u00edho z\u00e1kon\u00edku v p\u0159\u00edpadech t\u00fdr\u00e1n\u00ed zv\u00ed\u0159at.<br \/>\n3. P\u0159\u00edsn\u011bj\u0161\u00ed tresty za brut\u00e1ln\u00ed n\u00e1sil\u00ed na zv\u00ed\u0159atech.<\/p>\n<p>Podporujeme spravedlnost pro zv\u00ed\u0159ata a v\u011b\u0159\u00edme, \u017ee pachatel\u00e9 t\u011bchto \u010din\u016f mus\u00ed n\u00e9st odpov\u00eddaj\u00edc\u00ed n\u00e1sledky.&#8220;<\/em><\/p>\n<p>DSZ &#8211; ZA PR\u00c1VA ZV\u00cd\u0158AT dlouhodob\u011b po\u017eaduje, aby pachatel\u00e9, kte\u0159\u00ed t\u00fdraj\u00ed \u010di tr\u00fdzniv\u00fdm zp\u016fsobem zab\u00edj\u00ed zv\u00ed\u0159ata, byli spravedliv\u011b odsuzov\u00e1ni k trest\u016fm stanoven\u00fdm trestn\u00edm z\u00e1kon\u00edkem a nikoliv jen k pohr\u016f\u017ek\u00e1m trestem. T\u00fdr\u00e1n\u00ed zv\u00ed\u0159at je, s ohledem na naprostou bezmocnost ob\u011bt\u00ed, mimo\u0159\u00e1dn\u011b zavr\u017een\u00edhodn\u00e9. DSZ &#8211; ZA PR\u00c1VA ZV\u00cd\u0158AT konstatuje, \u017ee zat\u00edm pachatel\u00e9 t\u011bchto trestn\u00fdch \u010din\u016f odch\u00e1zej\u00ed od soud\u016f se sm\u011b\u0161n\u00fdmi tresty, tj. pokutou, podm\u00edn\u011bn\u00fdmi tresty, nebo dokonce nejsou st\u00edh\u00e1ni v\u016fbec.<\/p>\n<p>DSZ &#8211; ZA PR\u00c1VA ZV\u00cd\u0158AT si klade za c\u00edl prosadit d\u016fsledn\u011bj\u0161\u00ed ochranu zv\u00ed\u0159at, lid\u00ed, p\u0159\u00edrody, vody, ovzdu\u0161\u00ed, podneb\u00ed, \u017eivotn\u00edho prost\u0159ed\u00ed, ale t\u00e9\u017e v\u011bt\u0161\u00ed pr\u00e1va pro zv\u00ed\u0159ata, resp. jejich v\u011bt\u0161\u00ed pr\u00e1vn\u00ed ochranu.<\/p>\n<p>DSZ &#8211; ZA PR\u00c1VA ZV\u00cd\u0158AT vystupuje proti v\u0161em druh\u016fm t\u00fdr\u00e1n\u00ed zv\u00ed\u0159at \u010di krut\u00e9mu zach\u00e1zen\u00ed s nimi. Odsuzuje ka\u017edou \u010dinnost, kter\u00e1 zp\u016fsobuje utrpen\u00ed zv\u00ed\u0159at.<\/p>\n<p>DSZ &#8211; ZA PR\u00c1VA ZV\u00cd\u0158AT se zasazuje o d\u016fsledn\u011bj\u0161\u00ed ochranu zv\u00ed\u0159at, p\u0159\u00edsn\u011bj\u0161\u00ed tresty za t\u00fdr\u00e1n\u00ed a zlep\u0161en\u00ed podm\u00ednek chovu.<\/p>\n<p>DSZ &#8211; ZA PR\u00c1VA ZV\u00cd\u0158AT je dvac\u00e1tou registrovanou politickou stranou za pr\u00e1va zv\u00ed\u0159at ve sv\u011bt\u011b, resp. \u010cesk\u00e1 republika je dvac\u00e1tou zem\u00ed, ve kter\u00e9 existuje strana zam\u011b\u0159en\u00e1 prim\u00e1rn\u011b na obranu pr\u00e1v zv\u00ed\u0159at.<\/p>\n<p>NEP\u0158IHL\u00cd\u017dEJME UTRPEN\u00cd, ZV\u00cd\u0158E NEN\u00cd V\u011aC!<br \/>\nMLUV\u00cdME ZA TY, KTE\u0158\u00cd SAMI NEMOHOU.<br \/>\nBR\u00c1N\u00cdME TY, KTE\u0158\u00cd SE BR\u00c1NIT SAMI NEDOK\u00c1\u017d\u00cd.<br \/>\nCHR\u00c1N\u00cdME ZV\u00cd\u0158ATA A JEJICH PR\u00c1VA.<\/p>\n<p>\u0158V DSZ &#8211; ZA PR\u00c1VA ZV\u00cd\u0158AT<\/p>\n<p>V Doma\u017elic\u00edch 26. 3. 2025<\/p>\n<p><img decoding=\"async\" loading=\"lazy\" class=\"alignnone size-medium wp-image-14353\" src=\"http:\/\/www.infokuryr.cz\/n\/wp-content\/uploads\/2022\/08\/demokraticka-strana-zelenych-300x172.jpg\" alt=\"\" width=\"300\" height=\"172\" srcset=\"https:\/\/www.infokuryr.cz\/n\/wp-content\/uploads\/2022\/08\/demokraticka-strana-zelenych-300x172.jpg 300w, https:\/\/www.infokuryr.cz\/n\/wp-content\/uploads\/2022\/08\/demokraticka-strana-zelenych-768x441.jpg 768w, https:\/\/www.infokuryr.cz\/n\/wp-content\/uploads\/2022\/08\/demokraticka-strana-zelenych.jpg 838w\" sizes=\"(max-width: 300px) 100vw, 300px\" \/><\/p>\n<p>&nbsp;<\/p>\n","protected":false},"excerpt":{"rendered":"<p>Demokratick\u00e1 strana zelen\u00fdch &#8211; ZA PR\u00c1VA ZV\u00cd\u0158AT se rozhodla podpo\u0159it petici ochr\u00e1nc\u016f zv\u00ed\u0159at, resp. Kate\u0159iny&#8230;<\/p>\n","protected":false},"author":2,"featured_media":75077,"comment_status":"closed","ping_status":"closed","sticky":false,"template":"","format":"standard","meta":[],"categories":[6],"tags":[1140,8779,204,520,331],"_links":{"self":[{"href":"https:\/\/www.infokuryr.cz\/n\/wp-json\/wp\/v2\/posts\/75076"}],"collection":[{"href":"https:\/\/www.infokuryr.cz\/n\/wp-json\/wp\/v2\/posts"}],"about":[{"href":"https:\/\/www.infokuryr.cz\/n\/wp-json\/wp\/v2\/types\/post"}],"author":[{"embeddable":true,"href":"https:\/\/www.infokuryr.cz\/n\/wp-json\/wp\/v2\/users\/2"}],"replies":[{"embeddable":true,"href":"https:\/\/www.infokuryr.cz\/n\/wp-json\/wp\/v2\/comments?post=75076"}],"version-history":[{"count":0,"href":"https:\/\/www.infokuryr.cz\/n\/wp-json\/wp\/v2\/posts\/75076\/revisions"}],"wp:featuredmedia":[{"embeddable":true,"href":"https:\/\/www.infokuryr.cz\/n\/wp-json\/wp\/v2\/media\/75077"}],"wp:attachment":[{"href":"https:\/\/www.infokuryr.cz\/n\/wp-json\/wp\/v2\/media?parent=75076"}],"wp:term":[{"taxonomy":"category","embeddable":true,"href":"https:\/\/www.infokuryr.cz\/n\/wp-json\/wp\/v2\/categories?post=75076"},{"taxonomy":"post_tag","embeddable":true,"href":"https:\/\/www.infokuryr.cz\/n\/wp-json\/wp\/v2\/tags?post=75076"}],"curies":[{"name":"wp","href":"https:\/\/api.w.org\/{rel}","templated":true}]}}