{"id":75070,"date":"2025-03-27T00:35:18","date_gmt":"2025-03-26T23:35:18","guid":{"rendered":"https:\/\/www.infokuryr.cz\/n\/?p=75070"},"modified":"2025-03-26T17:29:26","modified_gmt":"2025-03-26T16:29:26","slug":"ruske-sily-rozsirily-na-syrskem-pobrezi-kontrolu-mimo-leteckou-zakladnu-khmeimim","status":"publish","type":"post","link":"https:\/\/www.infokuryr.cz\/n\/2025\/03\/27\/ruske-sily-rozsirily-na-syrskem-pobrezi-kontrolu-mimo-leteckou-zakladnu-khmeimim\/","title":{"rendered":"Rusk\u00e9 s\u00edly roz\u0161\u00ed\u0159ily na syrsk\u00e9m pob\u0159e\u017e\u00ed kontrolu mimo leteckou z\u00e1kladnu Khmeimim"},"content":{"rendered":"<div id=\"fb-root\"><\/div>\n<p><strong><span>Rusk\u00e1 vojensk\u00e1 skupina v S\u00fdrii rozm\u00edstila s\u00edly v n\u011bkolika m\u011bstech soused\u00edc\u00edch s leteckou z\u00e1kladnou Khmeimim na pob\u0159e\u017e\u00ed, informoval Erem News 25. b\u0159ezna s odkazem na zdroje z regionu.<\/span><\/strong><\/p>\n<p><span>Za\u010d\u00e1tkem tohoto m\u011bs\u00edce leteck\u00e1 z\u00e1kladna, kter\u00e1 p\u0159edstavuje \u00fast\u0159edn\u00ed bod rozm\u00edst\u011bn\u00ed rusk\u00e9 arm\u00e1dy v S\u00fdrii, otev\u0159ela sv\u00e9 dve\u0159e t\u00e9m\u011b\u0159 10 000 civilist\u016fm, kte\u0159\u00ed uprchli p\u0159ed vl\u00e1dn\u00edm z\u00e1sahem zam\u011b\u0159en\u00fdm p\u0159edev\u0161\u00edm na p\u0159\u00edslu\u0161n\u00edky al\u00e1vitsk\u00e9 n\u00e1bo\u017eensk\u00e9 men\u0161iny, k n\u00ed\u017e pat\u0159\u00ed b\u00fdval\u00fd syrsk\u00fd prezident Ba\u0161\u00e1r al-Asad.<\/span><\/p>\n<p><span>Z\u00e1sah trval v\u00edce ne\u017e t\u00fdden a podle Syrsk\u00e9 observato\u0159e pro lidsk\u00e1 pr\u00e1va se s\u00eddlem v Lond\u00fdn\u011b zem\u0159elo v\u00edce ne\u017e 1600 civilist\u016f, v\u011bt\u0161inou Alawit\u016f.<\/span><\/p>\n<p><span>Rusk\u00e9 s\u00edly v posledn\u00edch dnech pos\u00edlily sv\u00e9 pozice kolem Khmeimim, podle Erem News, kter\u00fd uvedl, \u017ee syr\u0161t\u00ed vojen\u0161t\u00ed a bezpe\u010dnostn\u00ed pracovn\u00edci rozm\u00edst\u011bn\u00ed kolem leteck\u00e9 z\u00e1kladny dostali pokyn evakuovat v\u0161echny sv\u00e9 pozice a st\u00e1hnout se, co\u017e umo\u017en\u00ed rusk\u00fdm sil\u00e1m p\u0159evz\u00edt kontrolu, aby z\u00e1kladnu \u201ezabezpe\u010dily a ochr\u00e1nily\u201c.<\/span><\/p>\n<p><span>Zpravodajsk\u00fd web se s\u00eddlem v Ab\u00fa Zab\u00ed tak\u00e9 informoval o velk\u00e9m n\u00e1r\u016fstu rusk\u00fdch leteck\u00fdch operac\u00ed nad cel\u00fdm pob\u0159e\u017en\u00edm regionem.<\/span><\/p>\n<p><span>Zat\u00edmco vl\u00e1dn\u00ed z\u00e1sahy proti takzvan\u00fdm \u201ezbytk\u016fm re\u017eimu\u201c se z velk\u00e9 \u010d\u00e1sti zastavily, poru\u0161ov\u00e1n\u00ed, v\u010detn\u011b \u00fanos\u016f a zab\u00edjen\u00ed, je st\u00e1le denn\u011b hl\u00e1\u0161eno. Kv\u016fli tomu se civilist\u00e9, kte\u0159\u00ed se uch\u00fdlili do Khmeimimu, st\u00e1le odm\u00edtaj\u00ed vr\u00e1tit do sv\u00fdch domov\u016f.<\/span><\/p>\n<p><span>V rozhovoru s Eremem jeden z uprchl\u00edk\u016f \u0159ekl, \u017ee rusk\u00e9 s\u00edly p\u0159evzaly kontrolu nad m\u011bsty Qubaisiya, Bakhdarmo a Khirbet al-Ashar hned vedle leteck\u00e9 z\u00e1kladny.<\/span><\/p>\n<p><span>Syrsk\u00e9 \u00fa\u0159ady se n\u011bkolikr\u00e1t pokusily p\u0159esv\u011bd\u010dit civilisty v Khmeimim, aby opustili leteckou z\u00e1kladnu, ani\u017e by poskytly jak\u00e9koli z\u00e1ruky. Ve skute\u010dnosti byli civilist\u00e9 v n\u011bkter\u00fdch p\u0159\u00edpadech ohro\u017eeni.<\/span><\/p>\n<p><span>Dal\u0161\u00ed uprchl\u00edk v Khmeimim \u0159ekl Eremovi, \u017ee rusk\u00e9 s\u00edly zach\u00e1zej\u00ed s uprchl\u00edky s respektem a lidskost\u00ed a poskytuj\u00ed jim v\u0161echny jejich pot\u0159eby, v\u010detn\u011b poln\u00ed kuchyn\u011b, l\u00e9ka\u0159sk\u00e9ho centra a stan\u016f. Poznamenal v\u0161ak, \u017ee tamn\u00ed humanit\u00e1rn\u00ed situace je i nad\u00e1le slo\u017eit\u00e1, proto\u017ee leteck\u00e1 z\u00e1kladna nen\u00ed vybavena tak, aby pojala tak velk\u00fd po\u010det lid\u00ed.<\/span><\/p>\n<p><span>Mezit\u00edm rusk\u00e9 zdroje uvedly, \u017ee po\u010det let\u016f s pomoc\u00ed na leteckou z\u00e1kladnu se zv\u00fd\u0161il na p\u0159ibli\u017en\u011b na t\u0159i a\u017e \u010dty\u0159i t\u00fddn\u011b.<\/span><\/p>\n<p><span>Rusko bylo mezi prvn\u00edmi, kdo odsoudil masakry na pob\u0159e\u017e\u00ed a vyzval prozat\u00edmn\u00ed vl\u00e1du zem\u011b, aby pohnala odpov\u011bdn\u00e9 osoby k odpov\u011bdnosti.<\/span><\/p>\n<p><span>Vl\u00e1da ozn\u00e1mila vytvo\u0159en\u00ed vy\u0161et\u0159ovac\u00edho v\u00fdboru, proto\u017ee zab\u00edjen\u00ed prob\u00edhalo za\u010d\u00e1tkem tohoto m\u011bs\u00edce. Aktivist\u00e9 z pob\u0159e\u017e\u00ed v\u0161ak zpochyb\u0148uj\u00ed nez\u00e1vislost a c\u00edt\u011bn\u00ed v\u00fdboru, zejm\u00e9na to, \u017ee jeho sou\u010d\u00e1st\u00ed jsou \u010dlenov\u00e9 zn\u00e1m\u00ed sv\u00fdmi protialawitsk\u00fdmi n\u00e1ladami. Dosud nebyl nikdo z bojovn\u00edk\u016f a velitel\u016f, o kter\u00fdch bylo dolo\u017eeno, \u017ee se masakr\u016f \u00fa\u010dastnil, pohn\u00e1n k odpov\u011bdnosti.<\/span><\/p>\n<p><span>Zat\u00edmco n\u011bkte\u0159\u00ed pozorovatel\u00e9 rychle spekulovali, \u017ee rusk\u00e9 nasazen\u00ed mimo Khmeimim bylo za\u010d\u00e1tkem n\u011b\u010deho v\u011bt\u0161\u00edho, fakta na m\u00edst\u011b to nepodporuj\u00ed. P\u0159esto by dal\u0161\u00ed eskalace vl\u00e1dn\u00edch sil proti Alawit\u016fm mohla vyvolat \u017ehav\u00fd konflikt na pob\u0159e\u017e\u00ed.<\/span><\/p>\n<p><img decoding=\"async\" loading=\"lazy\" class=\"alignnone size-full wp-image-71983\" src=\"http:\/\/www.infokuryr.cz\/n\/wp-content\/uploads\/2025\/02\/aaa.jpg\" alt=\"\" width=\"89\" height=\"23\" \/><\/p>\n<p>&nbsp;<\/p>\n","protected":false},"excerpt":{"rendered":"<p>Rusk\u00e1 vojensk\u00e1 skupina v S\u00fdrii rozm\u00edstila s\u00edly v n\u011bkolika m\u011bstech soused\u00edc\u00edch s leteckou z\u00e1kladnou Khmeimim&#8230;<\/p>\n","protected":false},"author":2,"featured_media":75071,"comment_status":"closed","ping_status":"closed","sticky":false,"template":"","format":"standard","meta":[],"categories":[7],"tags":[2320,805,147,1737],"_links":{"self":[{"href":"https:\/\/www.infokuryr.cz\/n\/wp-json\/wp\/v2\/posts\/75070"}],"collection":[{"href":"https:\/\/www.infokuryr.cz\/n\/wp-json\/wp\/v2\/posts"}],"about":[{"href":"https:\/\/www.infokuryr.cz\/n\/wp-json\/wp\/v2\/types\/post"}],"author":[{"embeddable":true,"href":"https:\/\/www.infokuryr.cz\/n\/wp-json\/wp\/v2\/users\/2"}],"replies":[{"embeddable":true,"href":"https:\/\/www.infokuryr.cz\/n\/wp-json\/wp\/v2\/comments?post=75070"}],"version-history":[{"count":0,"href":"https:\/\/www.infokuryr.cz\/n\/wp-json\/wp\/v2\/posts\/75070\/revisions"}],"wp:featuredmedia":[{"embeddable":true,"href":"https:\/\/www.infokuryr.cz\/n\/wp-json\/wp\/v2\/media\/75071"}],"wp:attachment":[{"href":"https:\/\/www.infokuryr.cz\/n\/wp-json\/wp\/v2\/media?parent=75070"}],"wp:term":[{"taxonomy":"category","embeddable":true,"href":"https:\/\/www.infokuryr.cz\/n\/wp-json\/wp\/v2\/categories?post=75070"},{"taxonomy":"post_tag","embeddable":true,"href":"https:\/\/www.infokuryr.cz\/n\/wp-json\/wp\/v2\/tags?post=75070"}],"curies":[{"name":"wp","href":"https:\/\/api.w.org\/{rel}","templated":true}]}}