{"id":7507,"date":"2022-01-12T17:15:26","date_gmt":"2022-01-12T16:15:26","guid":{"rendered":"http:\/\/www.infokuryr.cz\/n\/?p=7507"},"modified":"2022-01-12T17:19:00","modified_gmt":"2022-01-12T16:19:00","slug":"polaci-na-hranicich-povrazdili-pres-240-bezencu","status":"publish","type":"post","link":"https:\/\/www.infokuryr.cz\/n\/2022\/01\/12\/polaci-na-hranicich-povrazdili-pres-240-bezencu\/","title":{"rendered":"Pol\u00e1ci  na hranic\u00edch povra\u017edili p\u0159es 240 b\u011b\u017eenc\u016f"},"content":{"rendered":"<div id=\"fb-root\"><\/div>\n<p><strong>Pol\u0161t\u00ed voj\u00e1ci zavra\u017edili na hranici p\u0159es 240 migrant\u016f. Sd\u011blil to b\u011blorusk\u00e9mu vy\u0161et\u0159ovac\u00edmu v\u00fdboru voj\u00e1k Emil Czeczko, kter\u00fd po\u017e\u00e1dal o politick\u00fd azyl.<\/strong><\/p>\n<p>\u201eV pr\u016fb\u011bhu vy\u0161et\u0159ov\u00e1n\u00ed trestn\u00edho p\u0159\u00edpadu Emil Czeczko uvedl, \u017ee se od 8. \u010dervna roku 2021 \u00fa\u010dastnil spolu se sv\u00fdmi kolegy organizovan\u00fdch vra\u017ed v pohrani\u010dn\u00edm p\u00e1smu a v bl\u00edzkosti obce Siemian\u00f3wka. Podle slov voj\u00e1ka v\u00ed o vra\u017ed\u00e1ch v\u00edce ne\u017e 240 lid\u00ed,\u201c uv\u00e1d\u00ed se ve zpr\u00e1v\u011b rezortu.<\/p>\n<p>Czeczko byl zadr\u017een 16. prosince v pohrani\u010dn\u00edm p\u00e1smu. Po\u017e\u00e1dal\u00a0Minsk\u00a0o politick\u00fd azyl\u00a0<strong><em>\u201ekv\u016fli nesouhlasu s politikou, kterou prov\u00e1d\u00ed Polsko v\u016f\u010di migra\u010dn\u00ed krizi a s prax\u00ed nehum\u00e1nn\u00edho zach\u00e1zen\u00ed s b\u011b\u017eenci\u201c<\/em><\/strong>. Mu\u017e obvinil Var\u0161avu ze systematick\u00fdch vra\u017ed migrant\u016f a dvou dobrovoln\u00edk\u016f, p\u0159iznal se, \u017ee s\u00e1m musel st\u0159\u00edlet na b\u011b\u017eence.\u00a0Polsk\u00e9 \u00fa\u0159ady\u00a0ho obvinily z dezert\u00e9rstv\u00ed a vyhl\u00e1sily po n\u011bm p\u00e1tr\u00e1n\u00ed. Hroz\u00ed mu a\u017e desetilet\u00e9 v\u011bzen\u00ed.<\/p>\n<p>V l\u00e9t\u011b se zv\u00fd\u0161il na hranici B\u011bloruska s Polskem a s baltsk\u00fdmi zem\u011bmi po\u010det b\u011b\u017eenc\u016f z bl\u00edzkov\u00fdchodn\u00edch a africk\u00fdch zem\u00ed, kte\u0159\u00ed se sna\u017e\u00ed dostat do z\u00e1padn\u00ed Evropy. Situace se vyost\u0159ila za\u010d\u00e1tkem listopadu, kdy se shrom\u00e1\u017edily u dr\u00e1t\u011bn\u00fdch z\u00e1taras\u016f asi dva tis\u00edce lid\u00ed. Pol\u0161t\u00ed voj\u00e1ci zabr\u00e1nili n\u011bkolika pokus\u016fm o prora\u017een\u00ed z\u00e1taras\u016f, mj. i za pomoci slzn\u00e9ho plynu. Neleg\u00e1ln\u00ed migranti na m\u00edst\u011b zalo\u017eili t\u00e1bor.\u00a0B\u011bloru\u0161t\u00ed pohrani\u010dn\u00edci\u00a0nejednou ohl\u00e1sili n\u00e1siln\u00e9 vyho\u0161t\u011bn\u00ed migrant\u016f z Litvy, Polska a Loty\u0161ska na \u00fazem\u00ed B\u011bloruska. Z\u00e1padn\u00ed zem\u011b uvaluj\u00ed odpov\u011bdnost za tyto ud\u00e1losti na B\u011blorusy, v Minsku ale v\u0161echna obvin\u011bn\u00ed odm\u00edtaj\u00ed. Prezident Alexandr Luka\u0161enko upozornil na to, \u017ee jeho zem\u011b u\u017e nebude zadr\u017eovat proud b\u011b\u017eenc\u016f, kv\u016fli z\u00e1padn\u00edm sankc\u00edm nem\u00e1 na to \u201eani pen\u00edze, ani s\u00edly\u201c.<\/p>\n<p>V B\u011blorusku p\u0159ipravili pro ubytov\u00e1n\u00ed migrant\u016f dopravn\u00ed a logistick\u00e9 st\u0159edisko, kter\u00e9 se nach\u00e1z\u00ed nedaleko pohrani\u010dn\u00edho kontroln\u00edho stanovi\u0161t\u011b. \u010c\u00e1st b\u011b\u017eenc\u016f se vrac\u00ed do vlasti, a to jak evakua\u010dn\u00edmi lety, tak i individu\u00e1ln\u011b. Podle ofici\u00e1ln\u00edch \u00fadaj\u016f z\u016fst\u00e1valo v t\u00e1bo\u0159e koncem minul\u00e9ho roku kolem 600 b\u011b\u017eenc\u016f.<\/p>\n<p><a href=\"https:\/\/cz.sputniknews.com\/20220112\/na-hranici-bylo-zavrazdeno-pres-240-bezencu-oznamil-zbehly-polsky-vojak-17181794.html\">ZDROJ<\/a><\/p>\n<p>&nbsp;<\/p>\n","protected":false},"excerpt":{"rendered":"<p>Pol\u0161t\u00ed voj\u00e1ci zavra\u017edili na hranici p\u0159es 240 migrant\u016f. Sd\u011blil to b\u011blorusk\u00e9mu vy\u0161et\u0159ovac\u00edmu v\u00fdboru voj\u00e1k Emil&#8230;<\/p>\n","protected":false},"author":2,"featured_media":4006,"comment_status":"closed","ping_status":"closed","sticky":false,"template":"","format":"standard","meta":[],"categories":[7],"tags":[1700,31,148,1205],"_links":{"self":[{"href":"https:\/\/www.infokuryr.cz\/n\/wp-json\/wp\/v2\/posts\/7507"}],"collection":[{"href":"https:\/\/www.infokuryr.cz\/n\/wp-json\/wp\/v2\/posts"}],"about":[{"href":"https:\/\/www.infokuryr.cz\/n\/wp-json\/wp\/v2\/types\/post"}],"author":[{"embeddable":true,"href":"https:\/\/www.infokuryr.cz\/n\/wp-json\/wp\/v2\/users\/2"}],"replies":[{"embeddable":true,"href":"https:\/\/www.infokuryr.cz\/n\/wp-json\/wp\/v2\/comments?post=7507"}],"version-history":[{"count":0,"href":"https:\/\/www.infokuryr.cz\/n\/wp-json\/wp\/v2\/posts\/7507\/revisions"}],"wp:featuredmedia":[{"embeddable":true,"href":"https:\/\/www.infokuryr.cz\/n\/wp-json\/wp\/v2\/media\/4006"}],"wp:attachment":[{"href":"https:\/\/www.infokuryr.cz\/n\/wp-json\/wp\/v2\/media?parent=7507"}],"wp:term":[{"taxonomy":"category","embeddable":true,"href":"https:\/\/www.infokuryr.cz\/n\/wp-json\/wp\/v2\/categories?post=7507"},{"taxonomy":"post_tag","embeddable":true,"href":"https:\/\/www.infokuryr.cz\/n\/wp-json\/wp\/v2\/tags?post=7507"}],"curies":[{"name":"wp","href":"https:\/\/api.w.org\/{rel}","templated":true}]}}