{"id":75068,"date":"2025-03-27T00:34:38","date_gmt":"2025-03-26T23:34:38","guid":{"rendered":"https:\/\/www.infokuryr.cz\/n\/?p=75068"},"modified":"2025-03-26T17:25:18","modified_gmt":"2025-03-26T16:25:18","slug":"doucovani-pro-danusi-aneb-jak-to-bylo-s-nasim-osvobozenim-americke-myty-a-omyly","status":"publish","type":"post","link":"https:\/\/www.infokuryr.cz\/n\/2025\/03\/27\/doucovani-pro-danusi-aneb-jak-to-bylo-s-nasim-osvobozenim-americke-myty-a-omyly\/","title":{"rendered":"Dou\u010dov\u00e1n\u00ed pro Danu\u0161i aneb jak to bylo s na\u0161\u00edm osvobozen\u00edm. Americk\u00e9 m\u00fdty a omyly"},"content":{"rendered":"<div id=\"fb-root\"><\/div>\n<p>Na konci druh\u00e9 sv\u011btov\u00e9 v\u00e1lky v \u010ceskoslovensku, konkr\u00e9tn\u011b v roce 1944 a 1945, se situace stala pro mnoh\u00e9 \u010cechy a Slov\u00e1ky tragick\u00e1 z d\u016fvodu\u00a0<strong>\u010dast\u00e9ho bombardov\u00e1n\u00ed<\/strong>, kter\u00e9 si n\u011bkdy lid\u00e9 vysv\u011btlovali jako \u201eomyl\u201c, ale ve skute\u010dnosti bylo sou\u010d\u00e1st\u00ed vojensk\u00e9 strategie. Ameri\u010dan\u00e9, kte\u0159\u00ed m\u011bli na starosti leteck\u00e9 bombardov\u00e1n\u00ed N\u011bmecka a jeho okupovan\u00fdch \u00fazem\u00ed, toti\u017e\u00a0<strong>\u201eomylem\u201c a\u017e p\u0159\u00edli\u0161 \u010dasto zasahovali i \u010ceskoslovensko<\/strong>, p\u0159i\u010dem\u017e ob\u011b\u0165mi byli hlavn\u011b civilist\u00e9.<span id=\"more-55725\"><\/span><\/p>\n<p><em>\u201eTuto zemi osvobodili Ameri\u010dan\u00e9.\u201c ~ Danu\u0161e Nerudov\u00e1, OVM 16.3.2025<\/em><\/p>\n<h2><strong>\u201eOmyl\u201c, kter\u00fd nebyl omylem.<\/strong><\/h2>\n<p>V kv\u011btnu 1944 do\u0161lo k po listopadu 1989 zaml\u010dovan\u00e9mu bombardov\u00e1n\u00ed \u010desk\u00fdch, moravsk\u00fdch a slezsk\u00fdch m\u011bst, kter\u00e9 byly zasa\u017eeny zejm\u00e9na kv\u016fli jejich pr\u016fmyslov\u00e9 v\u00fdrob\u011b, jako byly zbrojovky, chemi\u010dky a tov\u00e1rny na munici.\u00a0<strong>Mezi m\u011bsta, kter\u00e1 \u201eomylem\u201c vybrali ameri\u010dt\u00ed piloti za c\u00edl, pat\u0159ila p\u0159edev\u0161\u00edm Karlovy Vary, Praha, Kol\u00edn, Plze\u0148, \u010cesk\u00e9 Bud\u011bjovice, Pardubice, Ostrava, Olomouc, Brno, Jihlava, Sokolov, Hranice, Zl\u00edn, Uhersk\u00fd Brod\u200b a Kralupy nad Vltavou<\/strong>.<\/p>\n<p>Nen\u00ed to jen p\u0159\u00edb\u011bh o tom, \u017ee Ameri\u010dan\u00e9 \u201enecht\u011bli\u201c zas\u00e1hnout civiln\u00ed obyvatelstvo. Mnohem sp\u00ed\u0161e \u0161lo o systematick\u00e9 bombardov\u00e1n\u00ed, kde se vedl kalkul o tom,\u00a0<strong>jak co nejv\u00edce naru\u0161it vojensk\u00fd pr\u016fmysl, i za cenu civiln\u00edch ob\u011bt\u00ed<\/strong>. Plze\u0148, kter\u00e1 byla kl\u00ed\u010dov\u00fdm m\u011bstem z hlediska v\u00fdroby munice a vojensk\u00e9 techniky, se stala \u010dast\u00fdm c\u00edlem. P\u0159\u00ed\u010dinou t\u011bchto trag\u00e9di\u00ed bylo, \u017ee americk\u00e9 velen\u00ed v\u011bd\u011blo, \u017ee v n\u011bkter\u00fdch \u010desk\u00fdch m\u011bstech funguj\u00ed zbrojovky, a rozhodli se je zas\u00e1hnout, i kdy\u017e v\u011bd\u011bli, \u017ee to znamen\u00e1 obrovsk\u00e9 civiln\u00ed ztr\u00e1ty.\u00a0<strong>Plze\u0148 byla bombardov\u00e1na n\u011bkolikr\u00e1t, p\u0159i\u010dem\u017e nejhor\u0161\u00ed \u0161kody vznikly v b\u0159eznu a dubnu 1945<\/strong>. Ameri\u010dan\u00e9 na to \u010dasto reagovali prohl\u00e1\u0161en\u00edm, \u017ee \u201enebylo z\u00e1m\u011brem zas\u00e1hnout civilisty\u201c, ale p\u0159itom se bombardov\u00e1n\u00ed prov\u00e1d\u011blo na z\u00e1klad\u011b informac\u00ed o strategick\u00fdch vojensk\u00fdch c\u00edlech, o kter\u00fdch m\u011bli pln\u00e9 v\u011bdom\u00ed. \u201eOmyl\u201c to rozhodn\u011b nebyl.<\/p>\n<h2><strong>Osvobozen\u00ed Plzn\u011b a z\u00e1padn\u00edch \u010cech. Jak to doopravdy bylo?<\/strong><\/h2>\n<p>Dal\u0161\u00ed fikc\u00ed, kterou si mnoz\u00ed r\u00e1di p\u0159edstavuj\u00ed, je ta b\u00e1jn\u00e1 \u201eosvobozeneck\u00e1\u201c j\u00edzda Ameri\u010dan\u016f na z\u00e1padn\u00ed \u010cechy. Po m\u011bs\u00edce se v \u010ceskoslovensku p\u011bstovala legenda o tom, jak se Ameri\u010dan\u00e9 stali zachr\u00e1nci, kte\u0159\u00ed p\u0159i\u0161li \u010ceskoslovensku na pomoc. Realita byla ale daleko slo\u017eit\u011bj\u0161\u00ed, a sp\u00ed\u0161e ne\u017e o oslavu osvobozen\u00ed \u0161lo o praktickou vojenskou operaci, kter\u00e1 m\u011bla sv\u00e9 politick\u00e9 i vojensk\u00e9 pozad\u00ed.<\/p>\n<p><strong>Kdy\u017e v kv\u011btnu 1945 Ameri\u010dan\u00e9 kone\u010dn\u011b vstoupili na \u010desk\u00e9 \u00fazem\u00ed, Plze\u0148 u\u017e byla z velk\u00e9 \u010d\u00e1sti zni\u010den\u00e1 bombardov\u00e1n\u00edm, a p\u0159esto\u017ee to mnoz\u00ed pova\u017eovali za \u201eosvobozen\u00ed\u201c, pro civilisty to rozhodn\u011b nebyl \u017e\u00e1dn\u00fd triumf<\/strong>. Osvobozen\u00ed Plzn\u011b a dal\u0161\u00edch m\u011bst Z\u00e1padn\u00edch \u010cech Ameri\u010dany bylo sp\u00ed\u0161e taktick\u00fdm rozhodnut\u00edm v r\u00e1mci \u0161ir\u0161\u00ed vojensk\u00e9 strategie na z\u00e1padn\u00ed front\u011b. Z\u00e1padn\u00ed aliance se dostala na \u010desk\u00e9 \u00fazem\u00ed proto, \u017ee byla odhodl\u00e1na pokra\u010dovat v ofenz\u00edv\u011b proti N\u011bmc\u016fm. A to, \u017ee sov\u011btsk\u00e1 arm\u00e1da u\u017e byla na v\u00fdchod\u011b, jen urychlilo rozhodnut\u00ed Ameri\u010dan\u016f ve snaze vybojovat si lep\u0161\u00ed postaven\u00ed p\u0159ed kone\u010dnou sov\u011btskou dominanc\u00ed.<\/p>\n<p><iframe loading=\"lazy\" title=\"Karel Gott Bombardov\u00e1n\u00ed Plzn\u011b\" width=\"640\" height=\"360\" src=\"https:\/\/www.youtube.com\/embed\/ak1AuLQ27I4?feature=oembed\" frameborder=\"0\" allow=\"accelerometer; autoplay; clipboard-write; encrypted-media; gyroscope; picture-in-picture; web-share\" referrerpolicy=\"strict-origin-when-cross-origin\" allowfullscreen><\/iframe><\/p>\n<p>Kdy\u017e p\u0159i\u0161li Ameri\u010dan\u00e9, jejich vojensk\u00e9 c\u00edle nebyly v \u017e\u00e1dn\u00e9m p\u0159\u00edpad\u011b o humanit\u00e1rn\u00edm \u201eosvobozov\u00e1n\u00ed\u201c. Vzali si to, co pot\u0159ebovali \u2013 strategick\u00e1 m\u00edsta pro z\u00e1sobov\u00e1n\u00ed a kontrolu, a to bylo v\u0161e. Skute\u010dn\u00e9 osvobozen\u00ed p\u0159i\u0161lo a\u017e o n\u011bco pozd\u011bji, kdy\u017e se po kapitulaci N\u011bmecka na na\u0161em \u00fazem\u00ed rozb\u011bhly \u010distky a politick\u00e9 machinace, kdy bylo jasn\u00e9, \u017ee \u010ceskoslovensko bude rozd\u011bleno mezi v\u00fdchodn\u00ed a z\u00e1padn\u00ed mocnosti. Tak\u017ee nakonec, a\u0165 u\u017e to bylo v Plzni, v Pardubic\u00edch, nebo jinde, americk\u00e9 bombardov\u00e1n\u00ed a vojensk\u00e1 p\u0159\u00edtomnost rozhodn\u011b nebyly pro \u010ceskoslovensko \u017e\u00e1dn\u00fdm oslavovan\u00fdm \u201eosvobozen\u00edm\u201c.<\/p>\n<h2><strong>M\u00fdtus \u201ezak\u00e1zan\u00e9ho\u201c americk\u00e9ho osvobozen\u00ed Prahy.<\/strong><\/h2>\n<p>V roce 1945, kdy\u017e u\u017e bylo jasn\u00e9, \u017ee se nacistick\u00e9 N\u011bmecko bl\u200b\u00ed\u017e\u00ed k por\u00e1\u017ece, za\u010dal b\u00fdt probl\u00e9m s t\u00edm, kdo bude v \u010ceskoslovensku hr\u00e1t hlavn\u00ed roli po v\u00e1lce. Ameri\u010dan\u00e9, kte\u0159\u00ed v t\u00e9 dob\u011b byli na z\u00e1padn\u00ed front\u011b, si byli v\u011bdomi sv\u00e9 s\u00edly a p\u0159\u00edtomnosti v Evrop\u011b, a tak se rozhodli, \u017ee i v \u010ceskoslovensku by mohli m\u00edt ur\u010ditou roli. Ve skute\u010dnosti to byla snaha o to, aby z\u00e1padn\u00ed mocnosti \u2013 tedy Spojen\u00e9 st\u00e1ty \u2013 m\u011bly v post-nacistick\u00e9m uspo\u0159\u00e1d\u00e1n\u00ed Evropy co nejv\u011bt\u0161\u00ed vliv. Praha, jako hlavn\u00ed m\u011bsto \u010ceskoslovenska, byla kl\u00ed\u010dov\u00fdm bodem. A americk\u00fd pl\u00e1n? Dostat se do Prahy d\u0159\u00edv ne\u017e Sov\u011bti.<\/p>\n<p><img decoding=\"async\" loading=\"lazy\" class=\"wp-image-27386 aligncenter\" src=\"http:\/\/www.infokuryr.cz\/n\/wp-content\/uploads\/2023\/05\/osvobozeni-mapa-250x300.jpg\" alt=\"\" width=\"628\" height=\"753\" srcset=\"https:\/\/www.infokuryr.cz\/n\/wp-content\/uploads\/2023\/05\/osvobozeni-mapa-250x300.jpg 250w, https:\/\/www.infokuryr.cz\/n\/wp-content\/uploads\/2023\/05\/osvobozeni-mapa.jpg 710w\" sizes=\"(max-width: 628px) 100vw, 628px\" \/><\/p>\n<p>Tento z\u00e1m\u011br byl, jak se uk\u00e1zalo, naprosto absurdn\u00ed.\u00a0<strong>Ameri\u010dan\u00e9 m\u011bli v t\u00e9 dob\u011b na \u010desk\u00e9m \u00fazem\u00ed minim\u00e1ln\u00ed vojenskou p\u0159\u00edtomnost<\/strong>. Gener\u00e1l Patton tu operoval s jednotkami \u010d\u00edtaj\u00edc\u00edmi 1600 voj\u00e1k\u016f, co\u017e je opravdu pom\u011brn\u011b dosti americk\u00e9, cht\u00edt s t\u00edmto po\u010dtem osvobozovat od jihoz\u00e1padu celou republiku v\u010detn\u011b Prahy. Zat\u00edmco na z\u00e1pad\u011b, nap\u0159\u00edklad v N\u011bmecku, p\u016fsobili v n\u011bkolika v\u00fdznamn\u00fdch vojensk\u00fdch oblastech, jejich s\u00edly ve st\u0159edn\u00ed Evrop\u011b byly slab\u00e9 (cca 30 000 voj\u00e1k\u016f). Sov\u011btsk\u00e1 arm\u00e1da byla naopak u\u017e daleko na v\u00fdchod\u011b a jej\u00ed p\u0159\u00edtomnost na \u010desk\u00e9m \u00fazem\u00ed byla nevyhnuteln\u00e1.\u00a0<strong>Bylo tedy nejen politicky, ale i vojensky nerealistick\u00e9, aby se Spojen\u00e9 st\u00e1ty dostaly do Prahy d\u0159\u00edv ne\u017e Sov\u011bti<\/strong>. I p\u0159esto, \u017ee byla Praha v sov\u011btsk\u00e9 sf\u00e9\u0159e vlivu po v\u00e1lce fakticky definov\u00e1na, Ameri\u010dan\u00e9 si zkr\u00e1tka v n\u011bkter\u00fdch chv\u00edl\u00edch p\u0159edstavovali, \u017ee si \u010ceskoslovensko pro sebe ukradnou. Toto politick\u00e9 p\u0159\u00e1n\u00ed bylo nejen absurdn\u00ed, ale i neuv\u011b\u0159iteln\u011b kr\u00e1tkozrak\u00e9.<\/p>\n<h2><strong>Jak vypadalo \u201eosvobozen\u00ed\u201c \u010ceskoslovenska?<\/strong><\/h2>\n<p>Kdy\u017e p\u0159i\u0161lo skute\u010dn\u00e9 \u201eosvobozen\u00ed\u201c \u010ceskoslovenska, p\u0159i\u0161lo na n\u011bj p\u0159edev\u0161\u00edm d\u00edky sov\u011btsk\u00e9 arm\u00e1d\u011b, kter\u00e1 do zem\u011b vtrhla z v\u00fdchodu a pomalu se posouvala sm\u011brem na z\u00e1pad. Ameri\u010dan\u00e9, kte\u0159\u00ed byli tehdy na z\u00e1padn\u00ed front\u011b, byli sou\u010d\u00e1st\u00ed \u0161ir\u0161\u00ed aliance, ale jejich p\u0159\u00edtomnost na \u010desk\u00e9m \u00fazem\u00ed byla naprosto margin\u00e1ln\u00ed. Praha byla nakonec \u201eosvobozena\u201c sov\u011btskou arm\u00e1dou a jejich spojenci \u2013 \u010dsl. vojensk\u00fdmi jednotkami \u2013 dne 9. kv\u011btna 1945.<\/p>\n<p>A to je pr\u00e1v\u011b moment, kdy dnes za\u010d\u00edn\u00e1 ur\u010dit\u00fd m\u00fdtus.\u00a0<strong>Historii toti\u017e za\u010dali liber\u00e1lov\u00e9 p\u0159episovat tak, \u017ee jak\u00fdkoli zvrat, kter\u00fd nebyl v souladu se z\u00e1padn\u00edmi z\u00e1jmy, se automaticky p\u0159i\u010d\u00edtal \u201ezlo\u010dinn\u00e9mu\u201c vlivu Sov\u011bt\u016f<\/strong>. V\u00e1le\u010dn\u00e9 \u201eosvobozen\u00ed\u201c Prahy bylo rychl\u00e9, ale bylo to p\u0159edev\u0161\u00edm d\u00edky t\u011b\u017ek\u00e9 sov\u011btsk\u00e9 ofenz\u00edv\u011b.\u00a0<strong>Ameri\u010dan\u00e9 se dostali do \u010cech, konkr\u00e9tn\u011b do Plzn\u011b, a\u017e o n\u011bkolik dn\u00ed pozd\u011bji<\/strong>. P\u0159esto se pozd\u011bji za\u010dalo tvrdit, \u017ee \u201eosvobozen\u00ed\u201c Z\u00e1padu p\u0159i\u0161lo pr\u00e1v\u011b d\u00edky Ameri\u010dan\u016fm a \u017ee v\u00fdchodn\u00ed \u010d\u00e1st \u010ceskoslovenska byla jak\u00fdmsi \u201cp\u0159ed\u00e1n\u00edm moci Sov\u011bt\u016fm\u201d. V n\u011bkter\u00fdch m\u00e9di\u00edch a politick\u00fdch kruz\u00edch se tento zjednodu\u0161en\u00fd pohled stal dom\u00e9nou propagandy.<\/p>\n<p>Zvl\u00e1\u0161t\u011b pak v kontextu post-v\u00e1le\u010dn\u00e9ho v\u00fdvoje \u010ceskoslovenska je t\u0159eba si uv\u011bdomit, \u017ee USA a Sov\u011btsk\u00fd svaz m\u011bli v tomto obdob\u00ed zcela jin\u00fd pohled na rozd\u011blen\u00ed Evropy. A i kdy\u017e se po v\u00e1lce vytvo\u0159il ur\u010dit\u00fd p\u0159\u00edb\u011bh o \u201eosvobozen\u00ed\u201c, ve skute\u010dnosti \u0161lo o tvrd\u00fd geopolitick\u00fd z\u00e1pas, kde\u00a0<strong>v\u00edt\u011bzem nakonec nebyly ide\u00e1ly demokracie, ale pouze mocensk\u00e9 z\u00e1jmy supervelmoc\u00ed<\/strong>.<\/p>\n<p>A to zde nikdo nemluv\u00ed o \u00fanoru 1945 a\u200b Jalt\u011b, kde se o tomto v\u0161em v\u00fd\u0161e popsan\u00e9m dohodl Roosevelt se Stalinem a Churchill u toho Stalinovi zapaloval \u0442\u0440\u0443\u0431\u043ay.<\/p>\n<p><em>Zaslal e-mailem\u00a0<strong><a href=\"https:\/\/www.nespokojeny.cz\/tag\/pavel-j-hejatko\/\" target=\"_blank\" rel=\"noopener\">Pavel J. Hej\u00e1tko<\/a><\/strong>, kter\u00e9mu za v\u00fd\u0161e uveden\u00fd text Facebook definitivn\u011b smazal \u00fa\u010det, a P\u010cR mu na z\u00e1klad\u011b trestn\u00edho ozn\u00e1men\u00ed zak\u00e1zala si zalo\u017eit nov\u00fd. Video s Karlem Gottem o bombardov\u00e1n\u00ed Plzn\u011b nebylo sou\u010d\u00e1st\u00ed p\u016fvodn\u00edho textu, doplnil pro dokreslen\u00ed situace <strong><a href=\"https:\/\/www.nespokojeny.cz\/\" target=\"_blank\" rel=\"noopener\">Nespokojen\u00fd<\/a><\/strong>.<\/em><\/p>\n<p><span style=\"font-size: 10pt;\"><a href=\"https:\/\/www.nespokojeny.cz\/doucovani-pro-danusi-aneb-jak-to-bylo-s-nasim-osvobozenim-americke-myty-a-omyly\/\">NESPOKOJEN\u00dd<\/a><\/span><\/p>\n<p>&nbsp;<\/p>\n","protected":false},"excerpt":{"rendered":"<p>Na konci druh\u00e9 sv\u011btov\u00e9 v\u00e1lky v \u010ceskoslovensku, konkr\u00e9tn\u011b v roce 1944 a 1945, se situace&#8230;<\/p>\n","protected":false},"author":2,"featured_media":27384,"comment_status":"closed","ping_status":"closed","sticky":false,"template":"","format":"standard","meta":[],"categories":[6],"tags":[3914,398,1503,230],"_links":{"self":[{"href":"https:\/\/www.infokuryr.cz\/n\/wp-json\/wp\/v2\/posts\/75068"}],"collection":[{"href":"https:\/\/www.infokuryr.cz\/n\/wp-json\/wp\/v2\/posts"}],"about":[{"href":"https:\/\/www.infokuryr.cz\/n\/wp-json\/wp\/v2\/types\/post"}],"author":[{"embeddable":true,"href":"https:\/\/www.infokuryr.cz\/n\/wp-json\/wp\/v2\/users\/2"}],"replies":[{"embeddable":true,"href":"https:\/\/www.infokuryr.cz\/n\/wp-json\/wp\/v2\/comments?post=75068"}],"version-history":[{"count":1,"href":"https:\/\/www.infokuryr.cz\/n\/wp-json\/wp\/v2\/posts\/75068\/revisions"}],"predecessor-version":[{"id":75069,"href":"https:\/\/www.infokuryr.cz\/n\/wp-json\/wp\/v2\/posts\/75068\/revisions\/75069"}],"wp:featuredmedia":[{"embeddable":true,"href":"https:\/\/www.infokuryr.cz\/n\/wp-json\/wp\/v2\/media\/27384"}],"wp:attachment":[{"href":"https:\/\/www.infokuryr.cz\/n\/wp-json\/wp\/v2\/media?parent=75068"}],"wp:term":[{"taxonomy":"category","embeddable":true,"href":"https:\/\/www.infokuryr.cz\/n\/wp-json\/wp\/v2\/categories?post=75068"},{"taxonomy":"post_tag","embeddable":true,"href":"https:\/\/www.infokuryr.cz\/n\/wp-json\/wp\/v2\/tags?post=75068"}],"curies":[{"name":"wp","href":"https:\/\/api.w.org\/{rel}","templated":true}]}}