{"id":75064,"date":"2025-03-27T00:30:25","date_gmt":"2025-03-26T23:30:25","guid":{"rendered":"https:\/\/www.infokuryr.cz\/n\/?p=75064"},"modified":"2025-03-26T17:06:27","modified_gmt":"2025-03-26T16:06:27","slug":"vaclav-dvorak-capiga-s-miskinem-opet-v-akci","status":"publish","type":"post","link":"https:\/\/www.infokuryr.cz\/n\/2025\/03\/27\/vaclav-dvorak-capiga-s-miskinem-opet-v-akci\/","title":{"rendered":"V\u00e1clav Dvo\u0159\u00e1k: \u010capiga s Mi\u0161kinem op\u011bt v akci"},"content":{"rendered":"<div id=\"fb-root\"><\/div>\n<p>Tak n\u00e1m to op\u011bt bouchlo. Tentokr\u00e1t v Bo\u0159in\u00e1ch u Poli\u010dky. Explodoval trinitrotoluen (TNT), co\u017e je hlavn\u00ed n\u00e1pl\u0148 do d\u011blost\u0159eleck\u00e9 munice. Nebo dokonce bouchla samotn\u00e1 munice, hradn\u00ed to d\u00e1rek pro rusk\u00e9ho prezidenta. Naivn\u00ed hasi\u010di, kte\u0159\u00ed se zjevn\u011b neorientuj\u00ed v sou\u010dasn\u00e9 geopolitick\u00e9 situaci a nesleduj\u00ed boji\u0161t\u011b, prohl\u00e1sili, p\u0159edb\u011b\u017en\u011b le\u010d dost nezodpov\u011bdn\u011b, \u017ee d\u016fvodem exploze byla pravd\u011bpodobn\u011b technick\u00e1 z\u00e1vada. N\u00e1m \u2013 milchprd\u016fm z pra\u017esk\u00e9 kav\u00e1rny \u2013 tohle zji\u0161t\u011bn\u00ed ale nesta\u010d\u00ed. My p\u0159ece v\u00edme, o co jde\u2026<\/p>\n<p>Tak se pro n\u00e1s chyst\u00e1 dal\u0161\u00ed divadeln\u00ed p\u0159edstaven\u00ed, ve kter\u00e9m impres\u00e1rio, vyprav\u011b\u010d poh\u00e1dek a\u00a0komick\u00fd herec s\u00a0vadou v\u00fdslovnosti v\u00a0osob\u011b pana gener\u00e1la Koudelky na jevi\u0161t\u011b \u010desk\u00e9 poklesl\u00e9 politiky uvede dal\u0161\u00ed d\u00edl u\u00a0P\u011btikoalice velmi obl\u00edben\u00e9ho dramatu \u201eJak \u010capiga s\u00a0Mi\u0161kinem novi\u010dokuj\u00ed Skripalovi a\u00a0vrb\u011bticuj\u00ed v\u00a0\u010cech\u00e1ch\u201c.<\/p>\n<p>Pravda, hrub\u00fd sc\u00e9n\u00e1\u0159 je sice ze zem\u011b velk\u00e9 divadeln\u00ed tradice, z\u00a0hrd\u00e9ho Albionu (tv\u016fr\u010d\u00ed d\u00edlna MI6), ale \u010de\u0161t\u00ed kreativci z\u00a0BIS do n\u011bj jistojist\u011b dodaj\u00ed ohromuj\u00edc\u00ed detaily a\u00a0p\u011bkn\u00e9 dialogy z\u00a0odposlech\u016f trochu opep\u0159en\u00e9 um\u011blou inteligenc\u00ed. Popis zr\u016fdn\u00e9ho chov\u00e1n\u00ed mongoloidn\u00edch brut\u00e1ln\u00edk\u016f v\u00a0sam\u00e9m srdci Evropy uvede mnoh\u00e9 z\u00a0n\u00e1s op\u011bt do hlubok\u00e9 rusof\u00f3bn\u00ed ext\u00e1ze.<\/p>\n<p>\u0160koda, \u017ee Koudelkova skv\u011bl\u00e1 p\u0159edstaven\u00ed kaz\u00ed kremrole z\u00a0dezinforma\u010dn\u00edch web\u016f. Sm\u011bj\u00ed se dramatu o\u00a0boji s\u00a0\u201ev\u00e1\u017en\u00fdm nebezpe\u010d\u00edm pro na\u0161i demokracii\u201c jako fra\u0161ce. Nen\u00ed \u010das je op\u011bt na n\u011bjak\u00fd ten m\u011bs\u00edc vypnout?!<\/p>\n<p><a href=\"https:\/\/www.novarepublika.cz\/2025\/03\/capiga-s-miskinem-opet-v-akci\"><em>V\u00e1clav Dvo\u0159\u00e1k\u00a0<\/em><\/a><\/p>\n<p><img decoding=\"async\" loading=\"lazy\" class=\"\" src=\"https:\/\/i0.wp.com\/www.novarepublika.cz\/wp-content\/uploads\/2024\/08\/VD_Viden.jpg?fit=140%2C140&amp;ssl=1\" alt=\"V\u00e1clav Dvo\u0159\u00e1k\" width=\"197\" height=\"196\" \/><\/p>\n<p><em>Na sn\u00edmku hrdinov\u00e9 poh\u00e1dek \u2013 Vochom\u016frka a\u00a0K\u0159em\u00edlek, pardon, \u010capiga a\u00a0Mi\u0161kin.<\/em><\/p>\n<p>&nbsp;<\/p>\n","protected":false},"excerpt":{"rendered":"<p>Tak n\u00e1m to op\u011bt bouchlo. Tentokr\u00e1t v Bo\u0159in\u00e1ch u Poli\u010dky. Explodoval trinitrotoluen (TNT), co\u017e je&#8230;<\/p>\n","protected":false},"author":2,"featured_media":75065,"comment_status":"closed","ping_status":"closed","sticky":false,"template":"","format":"standard","meta":[],"categories":[6],"tags":[1503,2365,300],"_links":{"self":[{"href":"https:\/\/www.infokuryr.cz\/n\/wp-json\/wp\/v2\/posts\/75064"}],"collection":[{"href":"https:\/\/www.infokuryr.cz\/n\/wp-json\/wp\/v2\/posts"}],"about":[{"href":"https:\/\/www.infokuryr.cz\/n\/wp-json\/wp\/v2\/types\/post"}],"author":[{"embeddable":true,"href":"https:\/\/www.infokuryr.cz\/n\/wp-json\/wp\/v2\/users\/2"}],"replies":[{"embeddable":true,"href":"https:\/\/www.infokuryr.cz\/n\/wp-json\/wp\/v2\/comments?post=75064"}],"version-history":[{"count":0,"href":"https:\/\/www.infokuryr.cz\/n\/wp-json\/wp\/v2\/posts\/75064\/revisions"}],"wp:featuredmedia":[{"embeddable":true,"href":"https:\/\/www.infokuryr.cz\/n\/wp-json\/wp\/v2\/media\/75065"}],"wp:attachment":[{"href":"https:\/\/www.infokuryr.cz\/n\/wp-json\/wp\/v2\/media?parent=75064"}],"wp:term":[{"taxonomy":"category","embeddable":true,"href":"https:\/\/www.infokuryr.cz\/n\/wp-json\/wp\/v2\/categories?post=75064"},{"taxonomy":"post_tag","embeddable":true,"href":"https:\/\/www.infokuryr.cz\/n\/wp-json\/wp\/v2\/tags?post=75064"}],"curies":[{"name":"wp","href":"https:\/\/api.w.org\/{rel}","templated":true}]}}