{"id":75048,"date":"2025-03-27T00:16:30","date_gmt":"2025-03-26T23:16:30","guid":{"rendered":"https:\/\/www.infokuryr.cz\/n\/?p=75048"},"modified":"2025-03-26T16:24:45","modified_gmt":"2025-03-26T15:24:45","slug":"albert-od-dubna-navysi-mzdy-v-prodejnach-zamestnanci-si-polepsi-o-6","status":"publish","type":"post","link":"https:\/\/www.infokuryr.cz\/n\/2025\/03\/27\/albert-od-dubna-navysi-mzdy-v-prodejnach-zamestnanci-si-polepsi-o-6\/","title":{"rendered":"Albert od dubna nav\u00fd\u0161\u00ed mzdy v prodejn\u00e1ch, zam\u011bstnanci si polep\u0161\u00ed o 6 %"},"content":{"rendered":"<div id=\"fb-root\"><\/div>\n<p><strong>O stovky milion\u016f korun navy\u0161uje v\u00a0tomto roce Albert mzdov\u00e9 n\u00e1klady. Zlep\u0161\u00ed tak finan\u010dn\u00ed podm\u00ednky pracovn\u00edk\u016fm v\u00a0prodejn\u00e1ch, distribu\u010dn\u00edch centrech i centr\u00e1le. Mzdy zam\u011bstnanc\u016f na prodejn\u00e1ch se nav\u00fd\u0161\u00ed od 1.\u00a0dubna v\u00a0pr\u016fm\u011bru o\u00a06\u00a0%. <\/strong><\/p>\n<p>Investice do odm\u011b\u0148ov\u00e1n\u00ed zam\u011bstnanc\u016f se nav\u00fd\u0161\u00ed o 350 milion\u016f korun. V\u00a0lo\u0148sk\u00e9m roce se mzdov\u00e9 prost\u0159edky navy\u0161ovaly o 700 milion\u016f korun a pr\u016fm\u011brn\u00e9 zv\u00fd\u0161en\u00ed mezd na prodejn\u00e1ch \u010dinilo v\u00a0roce 2024 10 %. Za posledn\u00ed dva roky nav\u00fd\u0161il Albert jako jeden z nejv\u011bt\u0161\u00edch soukrom\u00fdch zam\u011bstnavatel\u016f v \u010cesku mzdy prodava\u010dk\u00e1m a prodava\u010d\u016fm, peka\u0159\u016fm, skladn\u00edk\u016fm, zelin\u00e1\u0159\u016fm i vedouc\u00edm t\u00fdm\u016f prodejen v\u00a0sou\u010dtu o 16 % p\u0159i souhrnn\u00e9 inflaci 13,1 % za dan\u00e9 roky*.<\/p>\n<p><em>\u201eV prvn\u00ed \u0159ad\u011b bych r\u00e1d zam\u011bstnanc\u016fm velmi pod\u011bkoval za pr\u00e1ci pro na\u0161e z\u00e1kazn\u00edky a ka\u017edodenn\u00ed \u00fasil\u00ed, kter\u00e9 tvo\u0159\u00ed z\u00e1klad na\u0161eho spole\u010dn\u00e9ho \u00fasp\u011bchu v Albertu. Jsem hrd\u00fd na to, \u017ee na\u0161e spole\u010dnost dlouhodob\u011b nab\u00edz\u00ed nejen nadstandardn\u00ed mzdy, ale i \u0161irokou \u0161k\u00e1lu benefit\u016f, <\/em><em>jako je p\u0159\u00edsp\u011bvek na dopravu, stravov\u00e1n\u00ed a penzijn\u00ed poji\u0161t\u011bn\u00ed, kter\u00e9 tak\u00e9 p\u0159isp\u00edvaj\u00ed k jejich spokojenosti. Leto\u0161n\u00ed nav\u00fd\u0161en\u00ed investic do mezd je v\u00fdrazem podpory a uzn\u00e1n\u00ed na\u0161im zam\u011bstnanc\u016fm,\u201c<\/em> \u0159ekl <strong>Kalle Becker, senior viceprezident pro operativu a logistiku<\/strong>, v komunikaci zam\u011bstnanc\u016fm<strong>.<\/strong><\/p>\n<p>*<em>Zdroj: \u010cesk\u00fd statistick\u00fd \u00fa\u0159ad, pr\u016fm\u011brn\u00e1 ro\u010dn\u00ed m\u00edra inflace za rok 2023: 10,7 %, pr\u016fm\u011brn\u00e1 m\u00edra inflace za rok 2024: 2,4 %<\/em><\/p>\n<p><img decoding=\"async\" loading=\"lazy\" class=\"alignnone size-full wp-image-71983\" src=\"http:\/\/www.infokuryr.cz\/n\/wp-content\/uploads\/2025\/02\/aaa.jpg\" alt=\"\" width=\"89\" height=\"23\" \/><\/p>\n<p>&nbsp;<\/p>\n","protected":false},"excerpt":{"rendered":"<p>O stovky milion\u016f korun navy\u0161uje v\u00a0tomto roce Albert mzdov\u00e9 n\u00e1klady. Zlep\u0161\u00ed tak finan\u010dn\u00ed podm\u00ednky pracovn\u00edk\u016fm&#8230;<\/p>\n","protected":false},"author":2,"featured_media":75049,"comment_status":"closed","ping_status":"closed","sticky":false,"template":"","format":"standard","meta":[],"categories":[6],"tags":[7032,1590,6804],"_links":{"self":[{"href":"https:\/\/www.infokuryr.cz\/n\/wp-json\/wp\/v2\/posts\/75048"}],"collection":[{"href":"https:\/\/www.infokuryr.cz\/n\/wp-json\/wp\/v2\/posts"}],"about":[{"href":"https:\/\/www.infokuryr.cz\/n\/wp-json\/wp\/v2\/types\/post"}],"author":[{"embeddable":true,"href":"https:\/\/www.infokuryr.cz\/n\/wp-json\/wp\/v2\/users\/2"}],"replies":[{"embeddable":true,"href":"https:\/\/www.infokuryr.cz\/n\/wp-json\/wp\/v2\/comments?post=75048"}],"version-history":[{"count":0,"href":"https:\/\/www.infokuryr.cz\/n\/wp-json\/wp\/v2\/posts\/75048\/revisions"}],"wp:featuredmedia":[{"embeddable":true,"href":"https:\/\/www.infokuryr.cz\/n\/wp-json\/wp\/v2\/media\/75049"}],"wp:attachment":[{"href":"https:\/\/www.infokuryr.cz\/n\/wp-json\/wp\/v2\/media?parent=75048"}],"wp:term":[{"taxonomy":"category","embeddable":true,"href":"https:\/\/www.infokuryr.cz\/n\/wp-json\/wp\/v2\/categories?post=75048"},{"taxonomy":"post_tag","embeddable":true,"href":"https:\/\/www.infokuryr.cz\/n\/wp-json\/wp\/v2\/tags?post=75048"}],"curies":[{"name":"wp","href":"https:\/\/api.w.org\/{rel}","templated":true}]}}