{"id":75031,"date":"2025-03-27T00:18:00","date_gmt":"2025-03-26T23:18:00","guid":{"rendered":"https:\/\/www.infokuryr.cz\/n\/?p=75031"},"modified":"2025-03-26T15:36:56","modified_gmt":"2025-03-26T14:36:56","slug":"iata-prosazuje-globalni-biometrickou-identitu-letecka-doprava-se-stava-vstupem-do-systemu-totalitniho-dohledu","status":"publish","type":"post","link":"https:\/\/www.infokuryr.cz\/n\/2025\/03\/27\/iata-prosazuje-globalni-biometrickou-identitu-letecka-doprava-se-stava-vstupem-do-systemu-totalitniho-dohledu\/","title":{"rendered":"IATA prosazuje glob\u00e1ln\u00ed biometrickou identitu: Leteck\u00e1 doprava se st\u00e1v\u00e1 vstupem do syst\u00e9mu totalitn\u00edho dohledu"},"content":{"rendered":"<div id=\"fb-root\"><\/div>\n<div class=\"elementor-element elementor-element-1fb4c2c elementor-widget elementor-widget-theme-post-content\" data-id=\"1fb4c2c\" data-element_type=\"widget\" data-widget_type=\"theme-post-content.default\">\n<div class=\"elementor-widget-container\">\n<p><strong><span>Digit\u00e1ln\u00ed identita na cest\u011b: Jak vl\u00e1dy a leteck\u00fd pr\u016fmysl buduj\u00ed glob\u00e1ln\u00ed infrastrukturu dohledu<\/span><\/strong><\/p>\n<p><span>Zat\u00edmco ve\u0159ejnost je zaujat\u00e1 geopolitick\u00fdmi krizemi, inflac\u00ed a v\u00e1lkami, mezin\u00e1rodn\u00ed akt\u00e9\u0159i ve st\u00ednu prosazuj\u00ed v\u00fdvoj, jeho\u017e v\u00fdznam lze jen st\u011b\u017e\u00ed p\u0159ece\u0148ovat: \u00faplnou digitalizaci na\u0161\u00ed identity. To, co\u00a0<\/span><strong><span>International Air Transport Association (IATA)<\/span><\/strong><span>\u00a0prod\u00e1v\u00e1 jako \u201ezv\u00fd\u0161en\u00ed efektivity pro leti\u0161t\u011b\u201c, nen\u00ed ve skute\u010dnosti nic men\u0161\u00edho ne\u017e dal\u0161\u00ed masivn\u00ed krok sm\u011brem k\u00a0<\/span><strong><span>\u00fapln\u00e9 biometrick\u00e9 architektu\u0159e sledov\u00e1n\u00ed<\/span><\/strong><span>\u00a0\u2013 s plnou podporou z\u00e1padn\u00edch vl\u00e1d.<\/span><\/p>\n<p><span>Pod rou\u0161kou \u201ebezpe\u010dnosti\u201c a \u201eefektivity\u201c se masivn\u011b prosazuje zav\u00e1d\u011bn\u00ed biometrick\u00fdch technologi\u00ed, decentralizovan\u00fdch identifik\u00e1tor\u016f (DID) a ov\u011b\u0159iteln\u00fdch digit\u00e1ln\u00edch identit (VC). C\u00edlem je glob\u00e1ln\u011b propojen\u00fd syst\u00e9m identity, kter\u00fd dok\u00e1\u017ee kdykoli sledovat\u00a0<\/span><strong><span>, kdo jste, kde jste \u2013 a kam chcete j\u00edt<\/span><\/strong><span>\u00a0.<\/span><\/p>\n<h3 class=\"wp-block-heading\"><span>Kontrola ve jm\u00e9nu efektivity<\/span><\/h3>\n<p><strong><span>To, co bylo na Sydney Leaders Week<\/span><\/strong><span>\u00a0prezentov\u00e1no\u00a0jako technologick\u00e1 vize budoucnosti, se p\u0159i bli\u017e\u0161\u00edm ohled\u00e1n\u00ed ukazuje jako dal\u0161\u00ed\u00a0<\/span><strong><span>\u00fatok na soukrom\u00ed<\/span><\/strong><span>\u00a0. IATA otev\u0159en\u011b popisuje v\u00fdhody pro \u201eregula\u010dn\u00ed dohled\u201c, \u201ep\u0159eshrani\u010dn\u00ed ov\u011b\u0159ov\u00e1n\u00ed identity\u201c a \u201eintegritu dokument\u016f\u201c. Jin\u00fdmi slovy,\u00a0<\/span><strong><span>letectv\u00ed by se m\u011blo st\u00e1t testovac\u00edm m\u00edstem pro glob\u00e1ln\u00ed \u0159\u00edzen\u00ed a synchronizaci dat.<\/span><\/strong><\/p>\n<p><span>Vl\u00e1dn\u00ed \u00fa\u0159edn\u00edci z\u00a0<\/span><strong><span>Austr\u00e1lie, Kanady, \u010c\u00edny, Nov\u00e9ho Z\u00e9landu, Spojen\u00e9ho kr\u00e1lovstv\u00ed a Spojen\u00fdch st\u00e1t\u016f<\/span><\/strong><span>\u00a0\u2013 zem\u00ed se zn\u00e1m\u00fdmi autorit\u00e1\u0159sk\u00fdmi sklony b\u011bhem pandemie \u2013 jsou za t\u00edmto biometrick\u00fdm programem jednotn\u00ed. Mezin\u00e1rodn\u00ed\u00a0<\/span><strong><span>organizace pro civiln\u00ed letectv\u00ed (ICAO)<\/span><\/strong><span>\u00a0by m\u011bla slou\u017eit jako p\u00e1ka k prosazen\u00ed celosv\u011btov\u011b povinn\u00e9ho zaveden\u00ed t\u011bchto syst\u00e9m\u016f.<\/span><\/p>\n<h3 class=\"wp-block-heading\"><span>Z\u00e1minka: bezpe\u010dnost letu<\/span><\/h3>\n<p><span>Ale kde je ve\u0159ejn\u00fd diskurz? Kde jsou d\u016fkazy, \u017ee biometrick\u00e1 identita skute\u010dn\u011b zvy\u0161uje bezpe\u010dnost \u2013 a negeneruje jen miliardov\u00e9 zisky pro spole\u010dnosti jako\u00a0<\/span><strong><span>Thales, Idemia, SITA nebo Entrust<\/span><\/strong><span>\u00a0? P\u0159\u00edb\u011bh je jasn\u00fd: ti, kdo jsou proti, cht\u011bj\u00ed \u201em\u00e9n\u011b bezpe\u010dnosti\u201c. Realita je jin\u00e1:\u00a0<\/span><strong><span>s biometri\u00ed lze manipulovat, jsou n\u00e1chyln\u00e9 k chyb\u00e1m a jsou velmi n\u00e1chyln\u00e9 ke zneu\u017eit\u00ed.<\/span><\/strong><\/p>\n<p><span>IATA mimo jin\u00e9 po\u017eaduje:<\/span><\/p>\n<ul>\n<li><span>Up\u0159ednost\u0148ov\u00e1n\u00ed digit\u00e1ln\u00edch identit v n\u00e1rodn\u00edch strategi\u00edch<\/span><\/li>\n<li><span>Ukotven\u00ed v bezpe\u010dnostn\u00edch z\u00e1konech (v\u010detn\u011b p\u0159\u00edlohy 17 ICAO)<\/span><\/li>\n<li><span>Miliardy investovan\u00e9 do infrastruktury a \u0161kolen\u00ed<\/span><\/li>\n<li><span>Public relations na podporu p\u0159ijet\u00ed<\/span><\/li>\n<\/ul>\n<p><span>Jin\u00fdmi slovy:\u00a0<\/span><strong><span>masivn\u00ed restrukturalizace syst\u00e9m\u016f cestov\u00e1n\u00ed a identity,<\/span><\/strong><span>\u00a0ani\u017e by byly konzultov\u00e1ny demokratick\u00e9 org\u00e1ny nebo ob\u010dan\u00e9.<\/span><\/p>\n<h3 class=\"wp-block-heading\"><span>Evropa a Asie jako pr\u016fkopn\u00edci dohledu<\/span><\/h3>\n<p><span>ABI Research odhaduje, \u017ee do roku 2032\u00a0bude m\u00edt\u00a0<\/span><strong><span>digit\u00e1ln\u00ed cestovn\u00ed doklady<\/span><\/strong><span>\u00a0asi 15 % sv\u011btov\u00e9 populace. V\u00a0<\/span><strong><span>Evrop\u011b<\/span><\/strong><span>\u00a0ji\u017e byla p\u016fda p\u0159ipravena na\u0159\u00edzen\u00edm eID. V zem\u00edch jako\u00a0<\/span><strong><span>Vietnam, Indie a Sa\u00fadsk\u00e1 Ar\u00e1bie<\/span><\/strong><span>\u00a0ji\u017e byly na biometrick\u00e9 syst\u00e9my p\u0159evedeny cel\u00e9 leti\u0161tn\u00ed a hrani\u010dn\u00ed syst\u00e9my. V\u00a0<\/span><strong><span>Ji\u017en\u00ed Koreji<\/span><\/strong><span>\u00a0je nyn\u00ed rozpozn\u00e1v\u00e1n\u00ed obli\u010deje dostupn\u00e9 prost\u0159ednictv\u00edm bankovn\u00edch aplikac\u00ed \u2013 dokonce i pro d\u011bti.<\/span><\/p>\n<p><span>A to v\u0161e je jen za\u010d\u00e1tek.<\/span><\/p>\n<h3 class=\"wp-block-heading\"><span>Tv\u00e1\u0159\u00ed v tv\u00e1\u0159: Vznik\u00e1 glob\u00e1ln\u00ed kontroln\u00ed s\u00ed\u0165<\/span><\/h3>\n<p><span>Poskytovatel\u00e9 technologi\u00ed, jako jsou\u00a0<\/span><strong><span>Facephi<\/span><\/strong><span>\u00a0,\u00a0<\/span><strong><span>Neoke<\/span><\/strong><span>\u00a0,\u00a0<\/span><strong><span>Inverid<\/span><\/strong><span>\u00a0,\u00a0<\/span><strong><span>iProov<\/span><\/strong><span>\u00a0a\u00a0<\/span><strong><span>Indicio,<\/span><\/strong><span>\u00a0maj\u00ed ji\u017e dlouho v hled\u00e1\u010dku cel\u00e9 ekosyst\u00e9my identity \u2013 v\u010detn\u011b zdravotn\u00edch \u00fadaj\u016f, finan\u010dn\u00edho stavu a profil\u016f pohybu. C\u00edl:\u00a0<\/span><strong><span>digit\u00e1ln\u00ed pen\u011b\u017eenky<\/span><\/strong><span>\u00a0se \u201ezve\u0159ej\u0148ov\u00e1n\u00edm na z\u00e1klad\u011b atribut\u016f\u201c. To, co zn\u00ed jako ochrana dat, je ve skute\u010dnosti\u00a0<\/span><strong><span>naprogramovan\u00e9 omezen\u00ed p\u0159\u00edstupu na z\u00e1klad\u011b profilu<\/span><\/strong><span>\u00a0, jak je zn\u00e1mo z \u010d\u00ednsk\u00e9ho syst\u00e9mu soci\u00e1ln\u00edch kredit\u016f.<\/span><\/p>\n<p><span>Argument zn\u00ed v\u017edy stejn\u011b: &#8222;Pokud nem\u00e1te co skr\u00fdvat, nem\u00e1te se \u010deho b\u00e1t.&#8220; Co se ale stane, kdy\u017e jsou tyto syst\u00e9my\u00a0<\/span><strong><span>sv\u00e9voln\u011b zpolitizov\u00e1ny nebo pou\u017e\u00edv\u00e1ny pro soci\u00e1ln\u00ed kontrolu<\/span><\/strong><span>\u00a0, jako p\u0159i pandemii ?<\/span><\/p>\n<h3 class=\"wp-block-heading\"><span>Z\u00e1v\u011br: Bez svobody nen\u00ed pokrok<\/span><\/h3>\n<p><span>IATA prod\u00e1v\u00e1 sv\u011btu nebezpe\u010dn\u00fd m\u00fdtus: \u017ee \u00fa\u010dinnost a bezpe\u010dnost jsou d\u016fle\u017eit\u011bj\u0161\u00ed ne\u017e z\u00e1kladn\u00ed pr\u00e1va. Pravda je takov\u00e1: digit\u00e1ln\u00ed identita nen\u00ed pokrok \u2013\u00a0<\/span><strong><span>pokud nez\u016fstane dobrovoln\u00e1, decentralizovan\u00e1 a zcela pod individu\u00e1ln\u00ed kontrolou<\/span><\/strong><span>\u00a0.<\/span><\/p>\n<p><span>To, co se zde buduje pod rou\u0161kou pohodlnosti, nen\u00ed nic men\u0161\u00edho ne\u017e z\u00e1klad pro glob\u00e1ln\u00ed, biometricky podporovan\u00fd\u00a0<\/span><strong><span>sledovac\u00ed syst\u00e9m<\/span><\/strong><span>\u00a0, kter\u00fd ohro\u017euje samotn\u00e9 z\u00e1klady svobodn\u00e9 spole\u010dnosti.<\/span><\/p>\n<p><strong><span>Opravdu to chceme \u2013 nebo nyn\u00ed nastala chv\u00edle \u0159\u00edct \u201ene\u201c?<\/span><\/strong><\/p>\n<\/div>\n<\/div>\n<div class=\"elementor-element elementor-element-8c57238 quelle dc-has-condition dc-condition-empty elementor-widget elementor-widget-heading\" data-id=\"8c57238\" data-element_type=\"widget\" data-widget_type=\"heading.default\">\n<div class=\"elementor-widget-container\">\n<h3 class=\"elementor-heading-title elementor-size-default\"><span style=\"font-size: 10pt;\"><a href=\"https:\/\/www.biometricupdate.com\/202503\/iata-advocates-for-rapid-adoption-of-digital-identity-by-air-travel-industry-governments\" target=\"_blank\" rel=\"nofollow noopener\">Zdroj<\/a><\/span><\/h3>\n<p>&nbsp;<\/p>\n<\/div>\n<\/div>\n","protected":false},"excerpt":{"rendered":"<p>Digit\u00e1ln\u00ed identita na cest\u011b: Jak vl\u00e1dy a leteck\u00fd pr\u016fmysl buduj\u00ed glob\u00e1ln\u00ed infrastrukturu dohledu Zat\u00edmco ve\u0159ejnost&#8230;<\/p>\n","protected":false},"author":2,"featured_media":75032,"comment_status":"closed","ping_status":"closed","sticky":false,"template":"","format":"standard","meta":[],"categories":[7],"tags":[2214,2320,8773,4607,117,48],"_links":{"self":[{"href":"https:\/\/www.infokuryr.cz\/n\/wp-json\/wp\/v2\/posts\/75031"}],"collection":[{"href":"https:\/\/www.infokuryr.cz\/n\/wp-json\/wp\/v2\/posts"}],"about":[{"href":"https:\/\/www.infokuryr.cz\/n\/wp-json\/wp\/v2\/types\/post"}],"author":[{"embeddable":true,"href":"https:\/\/www.infokuryr.cz\/n\/wp-json\/wp\/v2\/users\/2"}],"replies":[{"embeddable":true,"href":"https:\/\/www.infokuryr.cz\/n\/wp-json\/wp\/v2\/comments?post=75031"}],"version-history":[{"count":0,"href":"https:\/\/www.infokuryr.cz\/n\/wp-json\/wp\/v2\/posts\/75031\/revisions"}],"wp:featuredmedia":[{"embeddable":true,"href":"https:\/\/www.infokuryr.cz\/n\/wp-json\/wp\/v2\/media\/75032"}],"wp:attachment":[{"href":"https:\/\/www.infokuryr.cz\/n\/wp-json\/wp\/v2\/media?parent=75031"}],"wp:term":[{"taxonomy":"category","embeddable":true,"href":"https:\/\/www.infokuryr.cz\/n\/wp-json\/wp\/v2\/categories?post=75031"},{"taxonomy":"post_tag","embeddable":true,"href":"https:\/\/www.infokuryr.cz\/n\/wp-json\/wp\/v2\/tags?post=75031"}],"curies":[{"name":"wp","href":"https:\/\/api.w.org\/{rel}","templated":true}]}}