{"id":75010,"date":"2025-03-26T04:56:10","date_gmt":"2025-03-26T03:56:10","guid":{"rendered":"https:\/\/www.infokuryr.cz\/n\/?p=75010"},"modified":"2025-03-26T04:56:10","modified_gmt":"2025-03-26T03:56:10","slug":"jiri-paroubek-koalici-spolu-definitivne-opustil-zdravy-rozum","status":"publish","type":"post","link":"https:\/\/www.infokuryr.cz\/n\/2025\/03\/26\/jiri-paroubek-koalici-spolu-definitivne-opustil-zdravy-rozum\/","title":{"rendered":"Ji\u0159\u00ed Paroubek: Koalici Spolu definitivn\u011b opustil zdrav\u00fd rozum"},"content":{"rendered":"<div id=\"fb-root\"><\/div>\n<p><strong>V \u00fater\u00fd p\u0159edsedov\u00e9 ODS, TOP09 a KDU\u010cSL podepsali koali\u010dn\u00ed smlouvu. Ve sv\u00fdch projevech si namrsk\u00e1vali gat\u011b, \u017ee hned odpoledne za\u010dnou d\u011blat kontaktn\u00ed kampa\u0148. V Praze to mo\u017en\u00e1 je\u0161t\u011b p\u016fjde, ale jsem zv\u011bdav, jak si s kontaktn\u00ed kampan\u00ed strany zcela zprofanovan\u00e9 vl\u00e1dn\u00ed koalice, celkov\u011b porad\u00ed.<\/strong><\/p>\n<p style=\"font-weight: 400;\">Koalice Spolu pr\u00fd do podzimn\u00edch voleb p\u016fjde pod heslem : \u201cTe\u010f je \u010das st\u00e1t na spr\u00e1vn\u00e9 stran\u011b. Chr\u00e1n\u00edme na\u0161i budoucnost\u201c. P\u0159edseda A. Babi\u0161, chce podle celkem l\u017eiv\u00e9 konstrukce p\u0159ed\u00e1k\u016f Spolu, obr\u00e1tit kolo zahrani\u010dn\u00ed politiky ze Z\u00e1padu na V\u00fdchod a zejm\u00e9na na Rusko. Nev\u00edm, pro\u010d se p\u0159ed\u00e1ci Spolu sni\u017euj\u00ed k\u00a0tak n\u00edzk\u00e9 l\u017ei.<\/p>\n<p>A. Babi\u0161 nikdy nemluvil o tom, \u017ee by snad cht\u011bl reorientovat \u010deskou politiku sm\u011brem na Rusko. N\u011bco jin\u00e9ho jsou obchodn\u00ed vazby na Z\u00e1pad a na V\u00fdchod. Ale ani o obchodn\u00edch vazb\u00e1ch na V\u00fdchod, kter\u00e9 by zajistili \u010cesku levn\u00e9 suroviny A. Babi\u0161 obez\u0159etn\u011b nemluv\u00ed. Ve sv\u00e9m vystoupen\u00ed premi\u00e9r Fiala postupoval podle hesla: Nepochv\u00e1l\u00edm-li se s\u00e1m, nikdo to za mne neud\u011bl\u00e1. Hovo\u0159it o \u00fasp\u011b\u0161n\u00e9m boji proti inflaci je velk\u00e9 chucpe pr\u00e1v\u011b\u00a0 ze strany premi\u00e9ra Fialy. V letech 2022 a 2023 inflace dos\u00e1hla u n\u00e1s v souhrnu dvou let u z\u00e1kladn\u00edch druh\u016f potravin a spot\u0159ebn\u00edho\u00a0 zbo\u017e\u00ed cca 30 %. V Evropsk\u00e9 unii je \u010cesk\u00e1 republika nejhor\u0161\u00ed zem\u00ed, pokud jde o pokles re\u00e1ln\u00e9 mzdy v posledn\u00edch letech. To, \u017ee po 30% inflaci v letech 2022 a 2023 p\u0159i\u0161el v roce 2024 r\u016fst inflace jen 2,5%, je trapn\u00e9 vyzdvihovat jako \u00fasp\u011bch.<\/p>\n<p style=\"font-weight: 400;\">Dal\u0161\u00ed \u00fadajn\u011b velk\u00fd \u00fasp\u011bch vl\u00e1dy\u00a0 je pr\u00fd \u201ed\u016fchodov\u00e1 reforma\u201c, kterou ODS a spol. prosadily. Vl\u00e1dn\u00ed koalice jednak okradla d\u016fchodce prosazen\u00edm jin\u00e9ho v\u00fdpo\u010dtov\u00e9ho algoritmu, m\u00e9n\u011b p\u0159\u00edzniv\u00e9ho algoritmu pro v\u00fdpo\u010det d\u016fchod\u016f. Zarazila p\u0159echodn\u011b tak\u00e9 valorizaci d\u016fchod\u016f. A prodlou\u017eila v r\u00e1mci sv\u00e9 d\u016fchodov\u00e9 deformy, v\u011bk odchodu do d\u016fchodu na 67 let. To je z\u0159ejm\u011b hlavn\u00ed rys d\u016fchodov\u00e9 reformy, kter\u00e1 nem\u016f\u017ee m\u00edt dlouh\u00e9ho trv\u00e1n\u00ed. P\u0159edpokl\u00e1d\u00e1m, \u017ee p\u0159\u00ed\u0161t\u00ed vl\u00e1da tuto deformu p\u0159ehodnot\u00ed.<\/p>\n<p style=\"font-weight: 400;\">D\u00e1le se premi\u00e9r Fiala chlub\u00ed, \u017ee pr\u00fd koalice Spolu nezav\u00e1hala a ukon\u010dila \u201ehistorickou z\u00e1vislost na surovin\u00e1ch z Ruska\u201c. To byl tak\u00e9 jeden z\u00a0d\u016fvod\u016f, pro\u010d se razantn\u011b zv\u00fd\u0161ily v posledn\u00edch letech spot\u0159ebitelsk\u00e9 ceny, zejm\u00e9na pak ceny energi\u00ed. Co\u017e sn\u00ed\u017eilo konkurenceschopnost \u010desk\u00fdch firem, zisky mal\u00fdch a st\u0159edn\u00edch firem a tak\u00e9 \u017eivotn\u00ed \u00farove\u0148 lid\u00ed.<\/p>\n<p style=\"font-weight: 400;\"><strong>Ran\u011bn\u00ed slepotou<\/strong><\/p>\n<p style=\"font-weight: 400;\">Nad v\u0161echny budouc\u00ed\u00a0 programov\u00e9 priority, z\u00a0nich\u017e n\u011bkter\u00e9 jsou opravdu vylhan\u00e9, jako je nap\u0159. dostupn\u00e9 bydlen\u00ed, pro jeho\u017e progresi neud\u011blala vl\u00e1dn\u00ed koalice v\u010detn\u011b pir\u00e1t\u016f za 4 roky v\u016fbec nic, je prioritou priorit\u00a0 nal\u00e9v\u00e1n\u00ed pen\u011bz do arm\u00e1dy, a\u0165 to stoj\u00ed, co to stoj\u00ed a ber kde ber.<\/p>\n<p style=\"font-weight: 400;\">Je dob\u0159e, \u017ee se tato ot\u00e1zka a tedy i zahrani\u010dn\u00ed politika dostane do pop\u0159ed\u00ed p\u0159edvolebn\u00edch diskus\u00ed. Vl\u00e1dn\u00ed koalice nepodporuje m\u00edrov\u00e9 \u00fasil\u00ed americk\u00e9ho prezidenta Trumpa na Ukrajin\u011b. Od \u010das\u016f starore\u017eimn\u00edho Rud\u00e9ho pr\u00e1va nikdy \u010d\u00e1st \u010desk\u00e9 politick\u00e9 elity nepodnikala tolik \u00fatok\u016f na americk\u00e9ho prezidenta, jako to ud\u011blaly v\u00a0posledn\u00edch t\u00fddnech koali\u010dn\u00ed \u0161pi\u010dky.<\/p>\n<p style=\"font-weight: 400;\">P\u0159itom sou\u010dasn\u00e1 vl\u00e1da nen\u00ed schopna zajistit robustn\u00ed hospod\u00e1\u0159sk\u00fd r\u016fst, o kter\u00e9m snili konstrukt\u00e9\u0159i st\u00e1tn\u00edho rozpo\u010dtu z ministerstva financ\u00ed pro tento rok (2,7% r\u016fstu HDP). Znamen\u00e1 to tedy, \u017ee pokud se nepoda\u0159\u00ed pohnout s\u00a0hospod\u00e1\u0159sk\u00fdm r\u016fstem, bude nutn\u00e9 k\u00a0tomu, aby bylo dosa\u017eeno nejpozd\u011bji v\u00a0roce 2030 v\u00fddaj\u016f na obranu v\u00a0\u010desk\u00e9m st\u00e1tn\u00edm rozpo\u010dtu cca 250 miliard korun, osekat celou \u0159adu v\u00fddaj\u016f ve\u0159ejn\u00fdch slu\u017eeb. Ve zdravotnictv\u00ed, \u0161kolstv\u00ed, soci\u00e1ln\u00ed oblasti, prost\u011b v\u0161ude.<\/p>\n<p style=\"font-weight: 400;\">Ten, kdo bude volit koalici Spolu je milovn\u00edkem vl\u00e1dn\u00edch l\u017e\u00ed, \u017ee zbrojen\u00ed m\u016f\u017ee pomoci republice k\u00a0vy\u0161\u0161\u00edmu hospod\u00e1\u0159sk\u00e9mu r\u016fstu. Naopak, masivn\u00ed dovozy st\u00edha\u010dek F35, tank\u016f Leopard z\u00a0N\u011bmecka \u010di obrn\u011bn\u00fdch vozidel ze \u0160v\u00e9dska za n\u011bkolik set miliard korun, ovlivn\u00ed v\u00a0p\u0159\u00ed\u0161t\u00edch 10 letech negativn\u011b obchodn\u00ed bilanci st\u00e1tu a tedy i dynamiku r\u016fstu hrub\u00e9ho dom\u00e1c\u00edho produktu. Jinak \u0159e\u010deno, r\u016fst dod\u00e1vek zahrani\u010dn\u00edch zbran\u00ed a technologi\u00ed bude sni\u017eovat saldo obchodn\u00ed bilance st\u00e1tu a tedy jeho hospod\u00e1\u0159sk\u00fd r\u016fst.<\/p>\n<p style=\"font-weight: 400;\">Vyjad\u0159ov\u00e1n\u00ed premi\u00e9ra Petra Fialy, kter\u00fd se myln\u011b domn\u00edv\u00e1, \u017ee zbrojen\u00ed je impulsem pro \u010deskou ekonomiku je pot\u0159eba uv\u00e9st na pravou m\u00edru. Ne, \u017ee by dod\u00e1vky \u010desk\u00fdch zbrojovek do zahrani\u010d\u00ed byly zcela nev\u00fdznamn\u00e9. Jedn\u00e1 se \u0159\u00e1dov\u011b o miliardy \u010di des\u00edtky miliard korun v\u00fdvozu zbran\u00ed. Ale pokud jde o dovozy zbran\u00ed a zbra\u0148ov\u00fdch syst\u00e9m\u016f, po\u010d\u00ednaje st\u00edha\u010dkami F35 z\u00a0USA, n\u011bmeck\u00fdmi tanky Leopard a \u0161v\u00e9dsk\u00fdmi obrn\u011bn\u00fdmi vozidly, v\u00a0p\u0159\u00edpad\u011b t\u011bchto dovoz\u016f se jedn\u00e1 o stamiliardy korun. A masivn\u00ed dovozy zbran\u00ed v\u00a0p\u0159\u00ed\u0161t\u00edch 10 letech budou pochopiteln\u011b negativn\u011b ovliv\u0148ovat obchodn\u00ed bilanci st\u00e1tu a tedy i hospod\u00e1\u0159sk\u00fd r\u016fst republiky. Mo\u017en\u00e1, \u017ee by celou tuto problematiku mohl n\u011bjak\u00fd trochu erudovan\u011bj\u0161\u00ed ekonom premi\u00e9ru Fialovi vysv\u011btlit.<\/p>\n<p style=\"font-weight: 400;\">Prost\u011b, v\u00a0t\u00e9to volebn\u00ed kampani p\u016fjde o budouc\u00ed \u017eivotn\u00ed \u00farove\u0148 lid\u00ed, proto\u017ee sou\u010dasn\u00e1 vl\u00e1dn\u00ed koalice se rozhodla zbrojit. A t\u00edm, \u017ee se postupn\u011b \u010desk\u00e1 vl\u00e1da P. Fialy dost\u00e1v\u00e1 do vleku politik\u016f z\u00a0Francie, Velk\u00e9 Brit\u00e1nie a brzy i N\u011bmecka, m\u011bla by si kl\u00e1st ot\u00e1zku, pro\u010d pr\u00e1v\u011b tyto t\u0159i zem\u011b tak d\u016fsledn\u011b po\u017eaduj\u00ed p\u0159ezbrojen\u00ed Evropy a jej\u00ed vy\u0161\u0161\u00ed vojensk\u00e9 v\u00fddaje. Prost\u011b proto, \u017ee je to v\u00a0jejich z\u00e1jmu, respektive v z\u00e1jmu velk\u00fdch zbroja\u0159\u016f t\u011bchto zem\u00ed, jejich\u017e zbrojn\u00ed pr\u016fmysl dostane tu\u010dn\u00e9 zak\u00e1zky a stane se je\u0161t\u011b bohat\u0161\u00edm, ne\u017e je nyn\u00ed.<\/p>\n<p style=\"font-weight: 400;\">Je to vlastn\u011b velmi jednoduch\u00e9, pro\u010d si velk\u00e9 evropsk\u00e9 st\u00e1ty p\u0159ej\u00ed pokra\u010dov\u00e1n\u00ed konfliktu na Ukrajin\u011b a\u017e do posledn\u00edho Ukrajince. Spat\u0159uj\u00ed v\u00a0tom dobrou p\u0159\u00edle\u017eitost pro sv\u016fj skom\u00edraj\u00edc\u00ed pr\u016fmysl.<\/p>\n<p>D. Trump m\u00e1 z\u00e1jem \u00fapln\u011b jin\u00fd. Jako p\u016fvodn\u00edm povol\u00e1n\u00edm byznysmen, nevid\u00ed \u017e\u00e1dn\u00fd d\u016fvod k tomu, nal\u00e9vat do \u010dern\u00e9 d\u00edry ukrajinsk\u00fdch st\u00e1tn\u00edch financ\u00ed dal\u0161\u00ed des\u00edtky miliard dolar\u016f, v situaci latentn\u00ed rozpo\u010dtov\u00e9 krize Spojen\u00fdch st\u00e1t\u016f. Mn\u011b je osobn\u011b jeho postoj velmi sympatick\u00fd. Je to postoj st\u00e1tn\u00edka, kter\u00fd vede svou zemi po cest\u011b k m\u00edru.<\/p>\n<p><a href=\"https:\/\/vasevec.info\/domaci-politika\/koalici-spolu-definitivne-opustil-zdravy-rozum\">Ji\u0159\u00ed Paroubek<\/a><\/p>\n<p><img decoding=\"async\" loading=\"lazy\" class=\"alignnone size-medium wp-image-2342\" src=\"http:\/\/www.infokuryr.cz\/n\/wp-content\/uploads\/2021\/06\/paroubek-300x208.jpg\" alt=\"\" width=\"300\" height=\"208\" srcset=\"https:\/\/www.infokuryr.cz\/n\/wp-content\/uploads\/2021\/06\/paroubek-300x208.jpg 300w, https:\/\/www.infokuryr.cz\/n\/wp-content\/uploads\/2021\/06\/paroubek.jpg 318w\" sizes=\"(max-width: 300px) 100vw, 300px\" \/><\/p>\n<p>&nbsp;<\/p>\n","protected":false},"excerpt":{"rendered":"<p>V \u00fater\u00fd p\u0159edsedov\u00e9 ODS, TOP09 a KDU\u010cSL podepsali koali\u010dn\u00ed smlouvu. Ve sv\u00fdch projevech si namrsk\u00e1vali&#8230;<\/p>\n","protected":false},"author":2,"featured_media":65114,"comment_status":"closed","ping_status":"closed","sticky":false,"template":"","format":"standard","meta":[],"categories":[6],"tags":[1440,1503,1085,27],"_links":{"self":[{"href":"https:\/\/www.infokuryr.cz\/n\/wp-json\/wp\/v2\/posts\/75010"}],"collection":[{"href":"https:\/\/www.infokuryr.cz\/n\/wp-json\/wp\/v2\/posts"}],"about":[{"href":"https:\/\/www.infokuryr.cz\/n\/wp-json\/wp\/v2\/types\/post"}],"author":[{"embeddable":true,"href":"https:\/\/www.infokuryr.cz\/n\/wp-json\/wp\/v2\/users\/2"}],"replies":[{"embeddable":true,"href":"https:\/\/www.infokuryr.cz\/n\/wp-json\/wp\/v2\/comments?post=75010"}],"version-history":[{"count":0,"href":"https:\/\/www.infokuryr.cz\/n\/wp-json\/wp\/v2\/posts\/75010\/revisions"}],"wp:featuredmedia":[{"embeddable":true,"href":"https:\/\/www.infokuryr.cz\/n\/wp-json\/wp\/v2\/media\/65114"}],"wp:attachment":[{"href":"https:\/\/www.infokuryr.cz\/n\/wp-json\/wp\/v2\/media?parent=75010"}],"wp:term":[{"taxonomy":"category","embeddable":true,"href":"https:\/\/www.infokuryr.cz\/n\/wp-json\/wp\/v2\/categories?post=75010"},{"taxonomy":"post_tag","embeddable":true,"href":"https:\/\/www.infokuryr.cz\/n\/wp-json\/wp\/v2\/tags?post=75010"}],"curies":[{"name":"wp","href":"https:\/\/api.w.org\/{rel}","templated":true}]}}