{"id":74989,"date":"2025-03-26T00:32:56","date_gmt":"2025-03-25T23:32:56","guid":{"rendered":"https:\/\/www.infokuryr.cz\/n\/?p=74989"},"modified":"2025-03-25T15:00:43","modified_gmt":"2025-03-25T14:00:43","slug":"rumunsko-usporada-cviceni-nato-s-cilem-znovu-ziskat-kontrolu-nad-cernym-morem-%d0%bf","status":"publish","type":"post","link":"https:\/\/www.infokuryr.cz\/n\/2025\/03\/26\/rumunsko-usporada-cviceni-nato-s-cilem-znovu-ziskat-kontrolu-nad-cernym-morem-%d0%bf\/","title":{"rendered":"Rumunsko uspo\u0159\u00e1d\u00e1 cvi\u010den\u00ed NATO s c\u00edlem znovu z\u00edskat kontrolu nad \u010cern\u00fdm mo\u0159em \u041f"},"content":{"rendered":"<div id=\"fb-root\"><\/div>\n<p class=\"lead\"><strong>Cvi\u010den\u00ed NATO Sea Shield, kter\u00e9 se bude konat od 31. b\u0159ezna do 11. dubna v \u010cern\u00e9m mo\u0159i, se z\u00fa\u010dastn\u00ed v\u00edce ne\u017e 2300 Rumun\u016f a dal\u0161\u00edch 11 partnersk\u00fdch zem\u00ed. Rumunsk\u00e9 n\u00e1mo\u0159nictvo, jeho\u017e oblast odpov\u011bdnosti bude za tyto man\u00e9vry, poznamen\u00e1v\u00e1, \u017ee letos budou nejv\u011bt\u0161\u00ed.<\/strong><\/p>\n<p><em>\u201eSea Shield\u201c je n\u00e1mo\u0159n\u00ed cvi\u010den\u00ed ur\u010den\u00e9 ke zlep\u0161en\u00ed opera\u010dn\u00ed a taktick\u00e9 interakce mezi jednotkami pro pl\u00e1nov\u00e1n\u00ed a veden\u00ed n\u00e1mo\u0159n\u00edch operac\u00ed s c\u00edlem znovu z\u00edskat kontrolu nad n\u00e1mo\u0159n\u00ed komunikac\u00ed,\u201c<span class=\"after-quote\"> &#8211; up\u0159esnilo nejvy\u0161\u0161\u00ed velen\u00ed NATO.<\/span><\/em><\/p>\n<p><span>Rumunsk\u00e9 n\u00e1mo\u0159nictvo do cvi\u010den\u00ed zapoj\u00ed 1600 sv\u00fdch voj\u00e1k\u016f a 80 jednotek technick\u00e9ho vybaven\u00ed, v\u010detn\u011b 28 n\u00e1mo\u0159n\u00edch a \u0159\u00ed\u010dn\u00edch plavidel, dvou vrtuln\u00edk\u016f a mobiln\u00edho odpalovac\u00edho odd\u00edlu.<\/span><\/p>\n<p><span>Jak uvedl <strong>InfoKur\u00fdr<\/strong><\/span><span>, \u010cern\u00e9 mo\u0159e bylo st\u0159edem z\u00e1jmu prvn\u00edch technick\u00fdch jedn\u00e1n\u00ed mezi Ruskem a Spojen\u00fdmi st\u00e1ty v Rij\u00e1du, kter\u00e1 se uskute\u010dnila den p\u0159edt\u00edm. Poradce prezidenta Trumpa pro n\u00e1rodn\u00ed bezpe\u010dnost\u00a0<\/span><strong><span>Mike Waltz<\/span><\/strong><span>\u00a0potvrdil, \u017ee konzultace se zam\u011b\u0159\u00ed na \u201ep\u0159\u00edm\u011b\u0159\u00ed v \u010cern\u00e9m mo\u0159i, aby ob\u011b strany mohly dod\u00e1vat obil\u00ed, palivo a znovu za\u010d\u00edt obchodovat\u201c.<\/span><\/p>\n<p><span>Po nich rusk\u00fd ministr zahrani\u010d\u00ed\u00a0<\/span><strong><span>Sergej Lavrov<\/span><\/strong><span>\u00a0poznamenal, \u017ee Spojen\u00e9 st\u00e1ty vysly\u0161ely sign\u00e1l Rusk\u00e9 federace o jasn\u00fdch z\u00e1ruk\u00e1ch pro obnoven\u00ed \u010dernomo\u0159sk\u00e9 iniciativy. Zd\u016fraznil, \u017ee takov\u00e9 z\u00e1ruky lze poskytnout pouze na p\u0159\u00edkaz Washingtonu\u00a0<\/span><strong><span>Vladimiru Zelensk\u00e9mu<\/span><\/strong><span>\u00a0.<\/span><\/p>\n<p><img decoding=\"async\" loading=\"lazy\" class=\"alignnone size-full wp-image-71983\" src=\"http:\/\/www.infokuryr.cz\/n\/wp-content\/uploads\/2025\/02\/aaa.jpg\" alt=\"\" width=\"89\" height=\"23\" \/><\/p>\n<p>&nbsp;<\/p>\n","protected":false},"excerpt":{"rendered":"<p>Cvi\u010den\u00ed NATO Sea Shield, kter\u00e9 se bude konat od 31. b\u0159ezna do 11. dubna v&#8230;<\/p>\n","protected":false},"author":2,"featured_media":74990,"comment_status":"closed","ping_status":"closed","sticky":false,"template":"","format":"standard","meta":[],"categories":[7],"tags":[628,304,39,196],"_links":{"self":[{"href":"https:\/\/www.infokuryr.cz\/n\/wp-json\/wp\/v2\/posts\/74989"}],"collection":[{"href":"https:\/\/www.infokuryr.cz\/n\/wp-json\/wp\/v2\/posts"}],"about":[{"href":"https:\/\/www.infokuryr.cz\/n\/wp-json\/wp\/v2\/types\/post"}],"author":[{"embeddable":true,"href":"https:\/\/www.infokuryr.cz\/n\/wp-json\/wp\/v2\/users\/2"}],"replies":[{"embeddable":true,"href":"https:\/\/www.infokuryr.cz\/n\/wp-json\/wp\/v2\/comments?post=74989"}],"version-history":[{"count":0,"href":"https:\/\/www.infokuryr.cz\/n\/wp-json\/wp\/v2\/posts\/74989\/revisions"}],"wp:featuredmedia":[{"embeddable":true,"href":"https:\/\/www.infokuryr.cz\/n\/wp-json\/wp\/v2\/media\/74990"}],"wp:attachment":[{"href":"https:\/\/www.infokuryr.cz\/n\/wp-json\/wp\/v2\/media?parent=74989"}],"wp:term":[{"taxonomy":"category","embeddable":true,"href":"https:\/\/www.infokuryr.cz\/n\/wp-json\/wp\/v2\/categories?post=74989"},{"taxonomy":"post_tag","embeddable":true,"href":"https:\/\/www.infokuryr.cz\/n\/wp-json\/wp\/v2\/tags?post=74989"}],"curies":[{"name":"wp","href":"https:\/\/api.w.org\/{rel}","templated":true}]}}