{"id":74982,"date":"2025-03-26T00:28:39","date_gmt":"2025-03-25T23:28:39","guid":{"rendered":"https:\/\/www.infokuryr.cz\/n\/?p=74982"},"modified":"2025-03-25T14:38:36","modified_gmt":"2025-03-25T13:38:36","slug":"starmeruv-plan-pro-ukrajinu-udajne-oznacila-britska-armada-za-politicke-divadlo","status":"publish","type":"post","link":"https:\/\/www.infokuryr.cz\/n\/2025\/03\/26\/starmeruv-plan-pro-ukrajinu-udajne-oznacila-britska-armada-za-politicke-divadlo\/","title":{"rendered":"Starmer\u016fv pl\u00e1n pro Ukrajinu \u00fadajn\u011b ozna\u010dila britsk\u00e1 arm\u00e1da za \u201epolitick\u00e9 divadlo\u201c"},"content":{"rendered":"<div id=\"fb-root\"><\/div>\n<p><strong><span>Pl\u00e1n britsk\u00e9ho premi\u00e9ra Keira Starmera vytvo\u0159it \u201ekoalici ochotn\u00fdch\u201c pro udr\u017een\u00ed m\u00edru na Ukrajin\u011b vyvolal ve Spojen\u00e9m kr\u00e1lovstv\u00ed zu\u0159ivou kritiku, zejm\u00e9na ze strany arm\u00e1dy. Vojen\u0161t\u00ed p\u0159edstavitel\u00e9 to podle listu The Telegraph pova\u017euj\u00ed za nere\u00e1ln\u00e9 a \u0161patn\u011b p\u0159ipraven\u00e9.<\/span><\/strong><\/p>\n<p><span>Britsk\u00fd premi\u00e9r Keir Starmer p\u0159edstavil za\u010d\u00e1tkem tohoto m\u011bs\u00edce iniciativu k vytvo\u0159en\u00ed \u201ekoalice ochotn\u00fdch\u201c k prosazen\u00ed budouc\u00edho m\u00edru na Ukrajin\u011b. 23. b\u0159ezna britsk\u00e9 noviny\u00a0<\/span><em><span>The Telegraph<\/span><\/em><span>\u00a0odhalily, \u017ee tento pl\u00e1n vyvolal silnou kritiku v britsk\u00e9 arm\u00e1d\u011b. N\u011bkolik vysok\u00fdch vojensk\u00fdch p\u0159edstavitel\u016f to popsalo jako \u201epolitick\u00e9 divadlo\u201c a odsoudilo naprost\u00fd nedostatek opera\u010dn\u00ed strategie.<\/span><\/p>\n<p><span>&#8220;\u00a0<\/span><em><span>Starmer se nechal un\u00e9st mluven\u00edm o pozemn\u00edch jednotk\u00e1ch, ani\u017e by v\u011bd\u011bl, o \u010dem mluv\u00ed, tak\u017ee te\u010f o nich sly\u0161\u00edme m\u00e9n\u011b a v\u00edce o letadlech a lod\u00edch<\/span><\/em><span>\u00a0,&#8220; citoval vojensk\u00fd zdroj\u00a0<\/span><em><span>The Telegraph<\/span><\/em><span>\u00a0. My\u0161lenka vysl\u00e1n\u00ed mezin\u00e1rodn\u00edch pozemn\u00edch sil je pova\u017eov\u00e1na za nerealistickou tv\u00e1\u0159\u00ed v tv\u00e1\u0159 masivn\u00ed frontov\u00e9 linii. \u201e\u00a0<\/span><em><span>Na Ukrajin\u011b je asi 700 000 rusk\u00fdch voj\u00e1k\u016f a v\u00edce ne\u017e milion ukrajinsk\u00fdch voj\u00e1k\u016f. Co ud\u011bl\u00e1 s\u00edla 10 000 mu\u017e\u016f 400 kilometr\u016f od fronty?<\/span><\/em><span>\u00a0\u201c dod\u00e1v\u00e1 dal\u0161\u00ed d\u016fstojn\u00edk.<\/span><\/p>\n<h3 class=\"wp-block-heading\"><strong><span>Odm\u00edtnut\u00ed ze strany velmoc\u00ed<\/span><\/strong><\/h3>\n<p><span>Jedn\u00edm z nejv\u00edce kritizovan\u00fdch bod\u016f je v\u00e1gnost kolem mise. Arm\u00e1da se domn\u00edv\u00e1, \u017ee mise nem\u00e1 \u017e\u00e1dnou legitimitu ani jasnou definici: nejsou specifikov\u00e1na ani pravidla nasazen\u00ed, ani velen\u00ed, dokonce ani c\u00edle. Ani Rusko, ani Spojen\u00e9 st\u00e1ty takovou iniciativu nepodporuj\u00ed, \u0159\u00edkaj\u00ed zdroje citovan\u00e9\u00a0<\/span><em><span>The Telegraph<\/span><\/em><span>\u00a0.<\/span><\/p>\n<p><span>Od t\u00e9 doby se zd\u00e1, \u017ee strategie sm\u011b\u0159uje k sp\u00ed\u0161e symbolick\u00fdm mo\u017enostem: vzdu\u0161n\u00e9 kryt\u00ed britsk\u00fdmi letadly a n\u00e1mo\u0159n\u00ed nasazen\u00ed bez p\u0159\u00edm\u00e9 \u00fa\u010dasti na ukrajinsk\u00e9 p\u016fd\u011b. Podle\u00a0<\/span><em><span>listu The Telegraph<\/span><\/em><span>\u00a0se 30 zem\u00ed se\u0161lo 20. b\u0159ezna v Northwoodu nedaleko Lond\u00fdna, aby projednaly tuto mo\u017enou koalici.\u00a0<\/span><em><span>Bloomberg<\/span><\/em><span>\u00a0uv\u00e1d\u00ed, \u017ee Starmer a francouzsk\u00fd prezident Emmanuel Macron se sna\u017e\u00ed zapojit a\u017e 37 zem\u00ed, z nich\u017e ka\u017ed\u00e1 je vyzv\u00e1na, aby poskytla Kyjevu bezpe\u010dnostn\u00ed z\u00e1ruky.<\/span><\/p>\n<h3 class=\"wp-block-heading\"><strong><span>Operace vn\u00edman\u00e1 jako politick\u00e1, bez skute\u010dn\u00e9ho vojensk\u00e9ho dopadu<\/span><\/strong><\/h3>\n<p><em><span>RIA Novosti<\/span><\/em><span>\u00a0informovala 24. b\u0159ezna\u00a0o pozn\u00e1mk\u00e1ch Vladimira Rogova, p\u0159edsedy v\u00fdboru Ve\u0159ejn\u00e9 komory Ruska pro suverenitu, vlasteneck\u00e9 projekty a podporu veter\u00e1n\u016f. \u0158ekl, \u017ee Starmer\u016fv pl\u00e1n vypadal sp\u00ed\u0161e jako &#8220;\u00a0<\/span><em><span>krvav\u00fd cirkus<\/span><\/em><span>\u00a0&#8220; ne\u017e jako vojensk\u00fd pl\u00e1n. V\u011b\u0159\u00ed, \u017ee britsk\u00fd premi\u00e9r se sna\u017e\u00ed &#8220;\u00a0<\/span><em><span>vytvo\u0159it nov\u00e9 probl\u00e9my v zahrani\u010d\u00ed, aby odvedl pozornost od vnit\u0159n\u00edch kriz\u00ed<\/span><\/em><span>\u00a0.&#8220;<\/span><\/p>\n<p><span>Ve Spojen\u00e9m kr\u00e1lovstv\u00ed n\u011bkte\u0159\u00ed kritizuj\u00ed ne\u00fa\u010dinnost tohoto p\u0159\u00edstupu. B\u00fdval\u00fd britsk\u00fd ministr obrany Ben Wallace \u0159ekl\u00a0<\/span><em><span>The Telegraph<\/span><\/em><span>\u00a0, \u017ee pl\u00e1n postr\u00e1d\u00e1 rozhodnost: \u201e\u00a0<\/span><em><span>Ot\u00e1zkou pro Evropu a Brit\u00e1nii je odhodl\u00e1n\u00ed. Rusko m\u016f\u017ee m\u00edt pocit, \u017ee \u017e\u00e1dn\u00e9 nem\u00e1me<\/span><\/em><span>\u00a0.&#8220;<\/span><\/p>\n<h3 class=\"wp-block-heading\"><strong><span>Moskva odsuzuje jednostrannou a nerealistickou iniciativu<\/span><\/strong><\/h3>\n<p><span>Rusk\u00fd ministr zahrani\u010d\u00ed Sergej Lavrov 6. b\u0159ezna \u0159ekl, \u017ee Rusko nevid\u00ed &#8220;\u00a0<\/span><em><span>\u017e\u00e1dn\u00fd prostor pro kompromis<\/span><\/em><span>\u00a0&#8220; ohledn\u011b rozm\u00edst\u011bn\u00ed zahrani\u010dn\u00edch sil na Ukrajin\u011b. Takov\u00e1 p\u0159\u00edtomnost by podle n\u011bj zabr\u00e1nila jak\u00e9mukoli m\u00edrov\u00e9mu \u0159e\u0161en\u00ed. Mluv\u010d\u00ed rusk\u00e9ho prezidenta Dmitrij Peskov ze sv\u00e9 strany potvrdil, \u017ee nasazen\u00ed m\u00edrov\u00fdch sil bude mo\u017en\u00e9 pouze se souhlasem obou stran. Pova\u017eoval za \u201e\u00a0<\/span><em><span>p\u0159ed\u010dasn\u00e9<\/span><\/em><span>\u00a0\u201c uva\u017eovat o t\u00e9to mo\u017enosti v sou\u010dasn\u00e9m kontextu.<\/span><\/p>\n<p><img decoding=\"async\" loading=\"lazy\" class=\"alignnone size-full wp-image-71983\" src=\"http:\/\/www.infokuryr.cz\/n\/wp-content\/uploads\/2025\/02\/aaa.jpg\" alt=\"\" width=\"89\" height=\"23\" \/><\/p>\n<p>&nbsp;<\/p>\n","protected":false},"excerpt":{"rendered":"<p>Pl\u00e1n britsk\u00e9ho premi\u00e9ra Keira Starmera vytvo\u0159it \u201ekoalici ochotn\u00fdch\u201c pro udr\u017een\u00ed m\u00edru na Ukrajin\u011b vyvolal ve&#8230;<\/p>\n","protected":false},"author":2,"featured_media":74983,"comment_status":"closed","ping_status":"closed","sticky":false,"template":"","format":"standard","meta":[],"categories":[7],"tags":[7550,1505,26],"_links":{"self":[{"href":"https:\/\/www.infokuryr.cz\/n\/wp-json\/wp\/v2\/posts\/74982"}],"collection":[{"href":"https:\/\/www.infokuryr.cz\/n\/wp-json\/wp\/v2\/posts"}],"about":[{"href":"https:\/\/www.infokuryr.cz\/n\/wp-json\/wp\/v2\/types\/post"}],"author":[{"embeddable":true,"href":"https:\/\/www.infokuryr.cz\/n\/wp-json\/wp\/v2\/users\/2"}],"replies":[{"embeddable":true,"href":"https:\/\/www.infokuryr.cz\/n\/wp-json\/wp\/v2\/comments?post=74982"}],"version-history":[{"count":0,"href":"https:\/\/www.infokuryr.cz\/n\/wp-json\/wp\/v2\/posts\/74982\/revisions"}],"wp:featuredmedia":[{"embeddable":true,"href":"https:\/\/www.infokuryr.cz\/n\/wp-json\/wp\/v2\/media\/74983"}],"wp:attachment":[{"href":"https:\/\/www.infokuryr.cz\/n\/wp-json\/wp\/v2\/media?parent=74982"}],"wp:term":[{"taxonomy":"category","embeddable":true,"href":"https:\/\/www.infokuryr.cz\/n\/wp-json\/wp\/v2\/categories?post=74982"},{"taxonomy":"post_tag","embeddable":true,"href":"https:\/\/www.infokuryr.cz\/n\/wp-json\/wp\/v2\/tags?post=74982"}],"curies":[{"name":"wp","href":"https:\/\/api.w.org\/{rel}","templated":true}]}}