{"id":74955,"date":"2025-03-26T00:19:44","date_gmt":"2025-03-25T23:19:44","guid":{"rendered":"https:\/\/www.infokuryr.cz\/n\/?p=74955"},"modified":"2025-03-25T11:24:31","modified_gmt":"2025-03-25T10:24:31","slug":"jak-big-pharma-prevzala-media-odhaluje-byvaly-reporter-cbs-attkisson","status":"publish","type":"post","link":"https:\/\/www.infokuryr.cz\/n\/2025\/03\/26\/jak-big-pharma-prevzala-media-odhaluje-byvaly-reporter-cbs-attkisson\/","title":{"rendered":"Jak Big Pharma p\u0159evzala m\u00e9dia \u2013 odhaluje b\u00fdval\u00fd report\u00e9r CBS Attkisson"},"content":{"rendered":"<div id=\"fb-root\"><\/div>\n<div class=\"elementor-element elementor-element-1fb4c2c elementor-widget elementor-widget-theme-post-content\" data-id=\"1fb4c2c\" data-element_type=\"widget\" data-widget_type=\"theme-post-content.default\">\n<div class=\"elementor-widget-container\">\n<p><span>Renomovan\u00e1 investigativn\u00ed novin\u00e1\u0159ka\u00a0<\/span><strong><span>Sharyl Attkisson<\/span><\/strong><span>\u00a0, kdysi vedouc\u00ed hlas v\u00a0<\/span><strong><span>CBS News<\/span><\/strong><span>\u00a0, v senza\u010dn\u00edm rozhovoru odhalila, jak\u00a0<\/span><strong><span>farmaceutick\u00fd pr\u016fmysl postupn\u011b ovl\u00e1dl hlavn\u00ed m\u00e9dia v USA po\u010d\u00ednaje rokem 2006<\/span><\/strong><span>\u00a0\u2013 s ni\u010div\u00fdmi d\u016fsledky pro nez\u00e1visl\u00e9 zpravodajstv\u00ed a ve\u0159ejn\u00e9 zdrav\u00ed.<\/span><\/p>\n<h3 class=\"wp-block-heading\"><span>\u201cN\u011bco se zm\u011bnilo v roce 2006\u201d<\/span><\/h3>\n<p><span>Attkisson vzpom\u00edn\u00e1, \u017ee na po\u010d\u00e1tku 21. stolet\u00ed bylo je\u0161t\u011b mo\u017en\u00e9 v mainstreamov\u00e9 televizi otev\u0159en\u011b\u00a0mluvit o\u00a0<\/span><strong><span>bezpe\u010dnosti vakc\u00edn<\/span><\/strong><span>\u00a0,\u00a0<\/span><strong><span>nedostate\u010dn\u00e9 \u00fa\u010dinnosti<\/span><\/strong><span>\u00a0vakc\u00edn proti ch\u0159ipce nebo\u00a0<\/span><strong><span>po\u0161kozen\u00ed vakc\u00ednou u d\u011bt\u00ed<\/span><\/strong><span>\u00a0. Osobnosti jako\u00a0<\/span><strong><span>Robert F. Kennedy Jr.<\/span><\/strong><span>\u00a0byly pozv\u00e1ny\u00a0, aby se pod\u011blily o sv\u00e9 pohledy na programy jako\u00a0<\/span><em><span>Morning Joe<\/span><\/em><span>\u00a0a\u00a0<\/span><em><span>The Daily Show<\/span><\/em><span>\u00a0. Joe Scarborough dokonce ve\u0159ejn\u011b promluvil o po\u0161kozen\u00ed vakc\u00ednou sv\u00e9ho vlastn\u00edho syna.<\/span><\/p>\n<p><span>Ale tento otev\u0159en\u00fd diskurz zmizel. &#8222;A pak bylo najednou v\u0161echno pry\u010d,&#8220;\u00a0vzpom\u00ednal\u00a0<\/span><strong><span>Jimmy Dore<\/span><\/strong><span>\u00a0v rozhovoru s Attkissonem. Kritick\u00e9 hlasy utichly, t\u00e9mata zmizela z programu.<\/span><\/p>\n<div class=\"twitter-tweet twitter-tweet-rendered\"><iframe id=\"twitter-widget-0\" class=\"\" title=\"X Post\" src=\"https:\/\/platform.twitter.com\/embed\/Tweet.html?dnt=false&amp;embedId=twitter-widget-0&amp;features=eyJ0ZndfdGltZWxpbmVfbGlzdCI6eyJidWNrZXQiOltdLCJ2ZXJzaW9uIjpudWxsfSwidGZ3X2ZvbGxvd2VyX2NvdW50X3N1bnNldCI6eyJidWNrZXQiOnRydWUsInZlcnNpb24iOm51bGx9LCJ0ZndfdHdlZXRfZWRpdF9iYWNrZW5kIjp7ImJ1Y2tldCI6Im9uIiwidmVyc2lvbiI6bnVsbH0sInRmd19yZWZzcmNfc2Vzc2lvbiI6eyJidWNrZXQiOiJvbiIsInZlcnNpb24iOm51bGx9LCJ0ZndfZm9zbnJfc29mdF9pbnRlcnZlbnRpb25zX2VuYWJsZWQiOnsiYnVja2V0Ijoib24iLCJ2ZXJzaW9uIjpudWxsfSwidGZ3X21peGVkX21lZGlhXzE1ODk3Ijp7ImJ1Y2tldCI6InRyZWF0bWVudCIsInZlcnNpb24iOm51bGx9LCJ0ZndfZXhwZXJpbWVudHNfY29va2llX2V4cGlyYXRpb24iOnsiYnVja2V0IjoxMjA5NjAwLCJ2ZXJzaW9uIjpudWxsfSwidGZ3X3Nob3dfYmlyZHdhdGNoX3Bpdm90c19lbmFibGVkIjp7ImJ1Y2tldCI6Im9uIiwidmVyc2lvbiI6bnVsbH0sInRmd19kdXBsaWNhdGVfc2NyaWJlc190b19zZXR0aW5ncyI6eyJidWNrZXQiOiJvbiIsInZlcnNpb24iOm51bGx9LCJ0ZndfdXNlX3Byb2ZpbGVfaW1hZ2Vfc2hhcGVfZW5hYmxlZCI6eyJidWNrZXQiOiJvbiIsInZlcnNpb24iOm51bGx9LCJ0ZndfdmlkZW9faGxzX2R5bmFtaWNfbWFuaWZlc3RzXzE1MDgyIjp7ImJ1Y2tldCI6InRydWVfYml0cmF0ZSIsInZlcnNpb24iOm51bGx9LCJ0ZndfbGVnYWN5X3RpbWVsaW5lX3N1bnNldCI6eyJidWNrZXQiOnRydWUsInZlcnNpb24iOm51bGx9LCJ0ZndfdHdlZXRfZWRpdF9mcm9udGVuZCI6eyJidWNrZXQiOiJvbiIsInZlcnNpb24iOm51bGx9fQ%3D%3D&amp;frame=false&amp;hideCard=false&amp;hideThread=false&amp;id=1903156055175233973&amp;lang=cs&amp;maxWidth=560px&amp;origin=https%3A%2F%2Funcutnews.ch%2Fwie-big-pharma-die-medien-uebernahm-ex-cbs-reporterin-attkisson-packt-aus%2F&amp;sessionId=7d208040fa35db7d0c39207bbd173d513c710bba&amp;theme=light&amp;widgetsVersion=2615f7e52b7e0%3A1702314776716&amp;width=550px\" frameborder=\"0\" scrolling=\"no\" allowfullscreen=\"allowfullscreen\" data-tweet-id=\"1903156055175233973\" data-mce-fragment=\"1\"><\/iframe><\/div>\n<h3 class=\"wp-block-heading\"><span>Pl\u00ed\u017eiv\u00fd p\u0159evrat: reklama, lobbing, ticho<\/span><\/h3>\n<p><span>P\u0159i pohledu zp\u011bt si Attkisson uv\u011bdomil, \u017ee\u00a0<\/span><strong><span>farmaceutick\u00e9 spole\u010dnosti se st\u00e1le v\u00edce spojily s medi\u00e1ln\u00edmi domy<\/span><\/strong><span>\u00a0. Na\u00a0<\/span><strong><span>korpor\u00e1tn\u00ed \u00farovni a na \u00farovni spr\u00e1vn\u00edch org\u00e1n\u016f<\/span><\/strong><span>\u00a0zah\u00e1jili\u00a0<\/span><strong><span>spole\u010dn\u00e9 lobov\u00e1n\u00ed v Kongresu USA<\/span><\/strong><span>\u00a0s c\u00edlem\u00a0zvr\u00e1tit\u00a0<\/span><strong><span>p\u0159edchoz\u00ed omezen\u00ed reklamy \u2013 s \u00fasp\u011bchem:<\/span><\/strong><\/p>\n<p><em>\u201eDo t\u00e9 doby byla reklama na l\u00e9ky na p\u0159edpis v televizi zak\u00e1z\u00e1na \u2013 bylo to v rozporu se z\u00e1konem,\u201c \u0159\u00edk\u00e1 Attkisson. Dnes je v USA v\u0161udyp\u0159\u00edtomn\u00fd.<\/em><\/p>\n<p><span>S\u00a0<\/span><strong><span>exploz\u00ed p\u0159\u00edjm\u016f z reklamy<\/span><\/strong><span>\u00a0\u2014 miliard a nakonec bilion\u016f dolar\u016f ro\u010dn\u011b \u2014 tekly pen\u00edze nejen do reklam, ale tak\u00e9 do redak\u010dn\u00edho vlivu.<\/span><\/p>\n<p><em>&#8222;Za\u010dali jsme tu\u0161it, co to znamen\u00e1. Lobbist\u00e9 CBS \u0161li do Capitol Hill s farmaceutick\u00fdmi lobbisty,&#8220; \u0159ekl Attkisson.<\/em><\/p>\n<h3 class=\"wp-block-heading\"><span>Cenzura za pen\u00edze \u2013 Neviditeln\u00e1 hranice v redakci<\/span><\/h3>\n<p><span>D\u016fsledek:\u00a0<\/span><strong><span>redakce st\u00e1le v\u00edce ztichly,<\/span><\/strong><span>\u00a0kdy\u017e do\u0161lo na kritick\u00e9 farmaceutick\u00e9 zpravodajstv\u00ed. Redakto\u0159i d\u0159\u00edve po\u017eadovali \u201erovnov\u00e1hu\u201c \u2013 dnes podle Attkissona jednodu\u0161e \u0159\u00edkaj\u00ed: \u201eTenhle p\u0159\u00edb\u011bh bychom v\u016fbec nem\u011bli d\u011blat. Nikdo by o n\u011bm nem\u011bl v\u011bd\u011bt.\u201c<\/span><\/p>\n<p><span>Tato nov\u00e1 forma cenzury ji\u017e nen\u00ed jemn\u00e1, ale otev\u0159en\u00e1 a syst\u00e9mov\u00e1. M\u00e9dia, kter\u00e1 kdysi slou\u017eila jako\u00a0<\/span><strong><span>br\u00e1na mezi firemn\u00edmi z\u00e1jmy a ve\u0159ejnost\u00ed<\/span><\/strong><span>\u00a0,\u00a0<\/span><strong><span>kapitulovala pod t\u00edhou farmaceutick\u00fdch pen\u011bz<\/span><\/strong><span>\u00a0.<\/span><\/p>\n<h3 class=\"wp-block-heading\"><span>Z\u00e1v\u011br: Medi\u00e1ln\u00ed krajina pod kontrolou<\/span><\/h3>\n<p><span>Sharyl Attkisson vykresluje obraz\u00a0<\/span><strong><span>medi\u00e1ln\u00ed krajiny, kter\u00e1 se zaprodala<\/span><\/strong><span>\u00a0\u2013 pr\u016fmyslu, kter\u00e9mu se da\u0159\u00ed sp\u00ed\u0161e zvl\u00e1dat nemoci ne\u017e vzd\u011bl\u00e1vat lidi. Zat\u00edmco d\u016fv\u011bra ve\u0159ejnosti v m\u00e9dia a politiku kles\u00e1, z\u016fst\u00e1v\u00e1 znepokojiv\u00fd z\u00e1v\u011br:<\/span><\/p>\n<p><em><strong>&#8222;Financuj\u00ed sv\u00e9 vlastn\u00ed nevy\u0161et\u0159ov\u00e1n\u00ed.&#8220;<\/strong><\/em><\/p>\n<p><span>Ot\u00e1zka zn\u00ed:\u00a0<\/span><strong><span>Kdo dnes ovl\u00e1d\u00e1 ovlada\u010de?<\/span><\/strong><span>\u00a0A co zbyde z demokracie, kdy\u017e jsou ve\u0159ejn\u00e9 debaty nahrazeny ziskov\u00fdmi z\u00e1jmy?<\/span><\/p>\n<\/div>\n<\/div>\n<div class=\"elementor-element elementor-element-8c57238 quelle dc-has-condition dc-condition-empty elementor-widget elementor-widget-heading\" data-id=\"8c57238\" data-element_type=\"widget\" data-widget_type=\"heading.default\">\n<div class=\"elementor-widget-container\">\n<h3 class=\"elementor-heading-title elementor-size-default\"><span style=\"font-size: 10pt;\"><a href=\"https:\/\/www.vigilantfox.com\/p\/ex-cbs-reporter-reveals-how-big-pharma?utm_source=post-email-title&amp;publication_id=975571&amp;post_id=159571340&amp;utm_campaign=email-post-title&amp;isFreemail=false&amp;r=pf6gr&amp;triedRedirect=true&amp;utm_medium=email\" target=\"_blank\" rel=\"nofollow noopener\">Zdroj<\/a><\/span><\/h3>\n<p>&nbsp;<\/p>\n<\/div>\n<\/div>\n","protected":false},"excerpt":{"rendered":"<p>Renomovan\u00e1 investigativn\u00ed novin\u00e1\u0159ka\u00a0Sharyl Attkisson\u00a0, kdysi vedouc\u00ed hlas v\u00a0CBS News\u00a0, v senza\u010dn\u00edm rozhovoru odhalila, jak\u00a0farmaceutick\u00fd pr\u016fmysl&#8230;<\/p>\n","protected":false},"author":2,"featured_media":74956,"comment_status":"closed","ping_status":"closed","sticky":false,"template":"","format":"standard","meta":[],"categories":[7],"tags":[949,63,158],"_links":{"self":[{"href":"https:\/\/www.infokuryr.cz\/n\/wp-json\/wp\/v2\/posts\/74955"}],"collection":[{"href":"https:\/\/www.infokuryr.cz\/n\/wp-json\/wp\/v2\/posts"}],"about":[{"href":"https:\/\/www.infokuryr.cz\/n\/wp-json\/wp\/v2\/types\/post"}],"author":[{"embeddable":true,"href":"https:\/\/www.infokuryr.cz\/n\/wp-json\/wp\/v2\/users\/2"}],"replies":[{"embeddable":true,"href":"https:\/\/www.infokuryr.cz\/n\/wp-json\/wp\/v2\/comments?post=74955"}],"version-history":[{"count":0,"href":"https:\/\/www.infokuryr.cz\/n\/wp-json\/wp\/v2\/posts\/74955\/revisions"}],"wp:featuredmedia":[{"embeddable":true,"href":"https:\/\/www.infokuryr.cz\/n\/wp-json\/wp\/v2\/media\/74956"}],"wp:attachment":[{"href":"https:\/\/www.infokuryr.cz\/n\/wp-json\/wp\/v2\/media?parent=74955"}],"wp:term":[{"taxonomy":"category","embeddable":true,"href":"https:\/\/www.infokuryr.cz\/n\/wp-json\/wp\/v2\/categories?post=74955"},{"taxonomy":"post_tag","embeddable":true,"href":"https:\/\/www.infokuryr.cz\/n\/wp-json\/wp\/v2\/tags?post=74955"}],"curies":[{"name":"wp","href":"https:\/\/api.w.org\/{rel}","templated":true}]}}