{"id":74924,"date":"2025-03-25T06:23:45","date_gmt":"2025-03-25T05:23:45","guid":{"rendered":"https:\/\/www.infokuryr.cz\/n\/?p=74924"},"modified":"2025-03-25T06:23:45","modified_gmt":"2025-03-25T05:23:45","slug":"moskva-odsuzuje-teroristicke-utoky-kyjeva-na-novinare","status":"publish","type":"post","link":"https:\/\/www.infokuryr.cz\/n\/2025\/03\/25\/moskva-odsuzuje-teroristicke-utoky-kyjeva-na-novinare\/","title":{"rendered":"Moskva odsuzuje \u201eteroristick\u00e9 \u00fatoky\u201c Kyjeva na novin\u00e1\u0159e"},"content":{"rendered":"<div id=\"fb-root\"><\/div>\n<h3>Ukrajinsk\u00e9 s\u00edly za\u00fato\u010dily na dva televizn\u00ed \u0161t\u00e1by v samostatn\u00fdch \u00fatoc\u00edch b\u011bhem jedin\u00e9ho dne<\/h3>\n<p data-start=\"212\" data-end=\"350\"><span>T\u0159i ru\u0161t\u00ed novin\u00e1\u0159i byli zabiti a n\u011bkolik dal\u0161\u00edch zran\u011bno p\u0159i tom, co mluv\u010d\u00ed ministerstva zahrani\u010d\u00ed Maria Zacharovov\u00e1 popsala jako \u00famysln\u00e9 a c\u00edlen\u00e9 ukrajinsk\u00e9 \u00fatoky na \u0161t\u00e1by m\u00e9di\u00ed pod\u00e1vaj\u00edc\u00ed zpr\u00e1vy z rusk\u00e9 Kursk\u00e9 oblasti a Lugansk\u00e9 lidov\u00e9 republiky (LPR).<\/span><\/p>\n<p data-start=\"624\" data-end=\"1016\"><span>Podle Moskvy zah\u00e1jily ukrajinsk\u00e9 s\u00edly v pond\u011bl\u00ed\u00a0<\/span><em><span>\u201ep\u0159esn\u011b \u0159\u00edzen\u00fd d\u011blost\u0159eleck\u00fd \u00fader\u201c<\/span><\/em><span>\u00a0na civiln\u00ed vozidlo v LPR ozna\u010den\u00e9 jako transport tisku. \u00datok si vy\u017e\u00e1dal \u017eivot Aleksandra Fedor\u010daka, report\u00e9ra listu Izvestija; Andrey Panov, kameraman Zvezda TV; a jejich \u0159idi\u010d Aleksandr Sirekli. Dal\u0161\u00ed dopisovatel Zvezdy, Nikolaj Goldin, byl p\u0159i stejn\u00e9m incidentu v\u00e1\u017en\u011b zran\u011bn.<\/span><\/p>\n<p data-start=\"1018\" data-end=\"1200\"><span>P\u0159i samostatn\u00e9m \u00fatoku t\u00e9ho\u017e dne byl report\u00e9r TASS Michail Skuratov zran\u011bn \u0161rapnely, kdy\u017e byl nasazen v okrese Sud\u017eanskij v Kursk\u00e9 oblasti, kter\u00e1 hrani\u010d\u00ed s Ukrajinou.<\/span><\/p>\n<p data-start=\"1202\" data-end=\"1677\"><em><span>&#8222;Kyjevsk\u00fd re\u017eim op\u011bt p\u0159edvedl svou teroristickou, divokou povahu,&#8220;<\/span><\/em><span>\u00a0uvedla Zacharovov\u00e1 ve sv\u00e9m\u00a0<\/span><a href=\"https:\/\/mid.ru\/ru\/foreign_policy\/news\/2005154\/\" target=\"_blank\" rel=\"noopener noreferrer\"><span>prohl\u00e1\u0161en\u00ed<\/span><\/a><span>\u00a0v \u00fater\u00fd brzy r\u00e1no.\u00a0<\/span><em><span>&#8222;S\u00e9rie brut\u00e1ln\u00edch repres\u00e1li\u00ed ukrajinsk\u00fdch neonacist\u016f proti rusk\u00fdm novin\u00e1\u0159\u016fm je dal\u0161\u00edm d\u016fkazem jejich p\u0159ipravenosti bez v\u00e1h\u00e1n\u00ed sp\u00e1chat jak\u00e9koli zlo\u010diny proti civiln\u00edmu obyvatelstvu, v\u010detn\u011b pracovn\u00edk\u016f m\u00e9di\u00ed, kte\u0159\u00ed jsou chr\u00e1n\u011bni mezin\u00e1rodn\u00edm humanit\u00e1rn\u00edm pr\u00e1vem, jak je uvedeno v \u017denevsk\u00fdch \u00famluv\u00e1ch z roku 1949 a v Dodatkov\u00e9m protokolu I.&#8220;<\/span><\/em><\/p>\n<p data-start=\"1679\" data-end=\"1987\"><span>Zacharovov\u00e1 obvinila Kyjev z eskalace \u00fatok\u016f na civilisty v d\u016fsledku toho, \u017ee se mu nepoda\u0159ilo dos\u00e1hnout vojensk\u00fdch \u00fasp\u011bch\u016f.\u00a0<\/span><em><span>\u201ePo\u010det t\u011bchto teroristick\u00fdch \u00fatok\u016f se zvy\u0161uje \u00fam\u011brn\u011b tomu, jak neonacistick\u00fd re\u017eim st\u00e1le v\u00edce ch\u00e1pe svou neschopnost zp\u016fsobit rusk\u00fdm ozbrojen\u00fdm sil\u00e1m jak\u00e9koli \u0161kody,\u201c<\/span><\/em><span>\u00a0dodala.<\/span><\/p>\n<p data-start=\"1989\" data-end=\"2198\"><span>Moskva vyzvala mezin\u00e1rodn\u00ed org\u00e1ny \u2013 v\u010detn\u011b gener\u00e1ln\u00edho \u0159editele UNESCO, p\u0159edstavitele OBSE pro svobodu sd\u011blovac\u00edch prost\u0159edk\u016f a vysok\u00e9ho komisa\u0159e OSN pro lidsk\u00e1 pr\u00e1va \u2013 k d\u016frazn\u00e9mu odsouzen\u00ed.<\/span><\/p>\n<p data-start=\"2200\" data-end=\"2470\"><em><span>\u201ePokra\u010duj\u00edc\u00ed chladnokrevn\u00e9 zab\u00edjen\u00ed rusk\u00fdch medi\u00e1ln\u00edch pracovn\u00edk\u016f vy\u017eaduje n\u00e1le\u017eitou pozornost a reakci mezin\u00e1rodn\u00edch instituc\u00ed,\u201c<\/span><\/em><span>\u00a0prohl\u00e1sila Zacharov\u00e1 a varovala, \u017ee ml\u010den\u00ed nebo vyh\u00fdbav\u00e1 r\u00e9torika by jen\u00a0<\/span><em><span>\u201eprok\u00e1zaly jejich neschopnost nestrann\u011b dost\u00e1t sv\u00fdm mand\u00e1t\u016fm\u201c.<\/span><\/em><\/p>\n<p data-start=\"2472\" data-end=\"2737\"><span>Televize Zvezda uvedla, \u017ee jejich pos\u00e1dka byla \u00fadajn\u011b c\u00edlem dvou projektil\u016f vyp\u00e1len\u00fdch z ukrajinsk\u00e9ho syst\u00e9mu v\u00edcen\u00e1sobn\u00e9ho raketometu HIMARS dodan\u00e9ho USA. Moskva opakovan\u011b prohl\u00e1sila, \u017ee Kyjev nem\u016f\u017ee provozovat tak pokro\u010dil\u00e9 syst\u00e9my bez p\u0159\u00edm\u00e9 z\u00e1padn\u00ed pomoci.<\/span><\/p>\n<p data-start=\"2472\" data-end=\"2737\"><img decoding=\"async\" loading=\"lazy\" class=\"alignnone size-full wp-image-71983\" src=\"http:\/\/www.infokuryr.cz\/n\/wp-content\/uploads\/2025\/02\/aaa.jpg\" alt=\"\" width=\"89\" height=\"23\" \/><\/p>\n<p data-start=\"2472\" data-end=\"2737\">\n","protected":false},"excerpt":{"rendered":"<p>Ukrajinsk\u00e9 s\u00edly za\u00fato\u010dily na dva televizn\u00ed \u0161t\u00e1by v samostatn\u00fdch \u00fatoc\u00edch b\u011bhem jedin\u00e9ho dne T\u0159i ru\u0161t\u00ed&#8230;<\/p>\n","protected":false},"author":2,"featured_media":74925,"comment_status":"closed","ping_status":"closed","sticky":false,"template":"","format":"standard","meta":[],"categories":[7],"tags":[273,2703,1635,723],"_links":{"self":[{"href":"https:\/\/www.infokuryr.cz\/n\/wp-json\/wp\/v2\/posts\/74924"}],"collection":[{"href":"https:\/\/www.infokuryr.cz\/n\/wp-json\/wp\/v2\/posts"}],"about":[{"href":"https:\/\/www.infokuryr.cz\/n\/wp-json\/wp\/v2\/types\/post"}],"author":[{"embeddable":true,"href":"https:\/\/www.infokuryr.cz\/n\/wp-json\/wp\/v2\/users\/2"}],"replies":[{"embeddable":true,"href":"https:\/\/www.infokuryr.cz\/n\/wp-json\/wp\/v2\/comments?post=74924"}],"version-history":[{"count":0,"href":"https:\/\/www.infokuryr.cz\/n\/wp-json\/wp\/v2\/posts\/74924\/revisions"}],"wp:featuredmedia":[{"embeddable":true,"href":"https:\/\/www.infokuryr.cz\/n\/wp-json\/wp\/v2\/media\/74925"}],"wp:attachment":[{"href":"https:\/\/www.infokuryr.cz\/n\/wp-json\/wp\/v2\/media?parent=74924"}],"wp:term":[{"taxonomy":"category","embeddable":true,"href":"https:\/\/www.infokuryr.cz\/n\/wp-json\/wp\/v2\/categories?post=74924"},{"taxonomy":"post_tag","embeddable":true,"href":"https:\/\/www.infokuryr.cz\/n\/wp-json\/wp\/v2\/tags?post=74924"}],"curies":[{"name":"wp","href":"https:\/\/api.w.org\/{rel}","templated":true}]}}