{"id":74922,"date":"2025-03-25T06:21:55","date_gmt":"2025-03-25T05:21:55","guid":{"rendered":"https:\/\/www.infokuryr.cz\/n\/?p=74922"},"modified":"2025-03-25T06:21:55","modified_gmt":"2025-03-25T05:21:55","slug":"sef-pentagonu-komentuje-unik-planu-valky-v-jemenu","status":"publish","type":"post","link":"https:\/\/www.infokuryr.cz\/n\/2025\/03\/25\/sef-pentagonu-komentuje-unik-planu-valky-v-jemenu\/","title":{"rendered":"\u0160\u00e9f Pentagonu komentuje \u00fanik \u201epl\u00e1n\u016f v\u00e1lky v Jemenu\u201c"},"content":{"rendered":"<div id=\"fb-root\"><\/div>\n<h3>Nejvy\u0161\u0161\u00ed p\u0159edstavitel\u00e9 Trumpovy administrativy omylem pozvali novin\u00e1\u0159e do skupinov\u00e9ho chatu o \u00fatoc\u00edch na H\u00fas\u00edje<\/h3>\n<p data-start=\"206\" data-end=\"379\"><span>Ministr obrany Pete Hegseth se zab\u00fdval ned\u00e1vn\u00fdm \u00fanikem diskus\u00ed na vysok\u00e9 \u00farovni o americk\u00fdch n\u00e1letech na jemensk\u00e9 rebely Houthi a ozna\u010dil zapleten\u00e9ho novin\u00e1\u0159e za\u00a0<\/span><em><span>\u201epodvodn\u00e9ho\u201c<\/span><\/em><span>\u00a0a bagatelizoval v\u00fdznam tohoto odhalen\u00ed.<\/span><\/p>\n<p data-start=\"616\" data-end=\"1096\"><span>Incident vy\u0161el najevo pot\u00e9, co The Atlantic v pond\u011bl\u00ed informoval, \u017ee jeho \u0161\u00e9fredaktor Jeffrey Goldberg byl omylem p\u0159id\u00e1n do skupinov\u00e9ho chatu Signal, kter\u00fd zahrnoval nejvy\u0161\u0161\u00ed p\u0159edstavitele Trumpovy administrativy, jako je viceprezident JD Vance, poradce pro n\u00e1rodn\u00ed bezpe\u010dnost Mike Waltz a ministr Hegseth. Skupina aktivn\u011b diskutovala o potenci\u00e1ln\u00edch vojensk\u00fdch operac\u00edch USA proti H\u00fas\u00ed\u016fm n\u011bkolik dn\u00ed p\u0159edt\u00edm, ne\u017e prezident Donald Trump na\u0159\u00eddil 15. b\u0159ezna \u00fatoky na Jemen.<\/span><\/p>\n<p data-start=\"1098\" data-end=\"1331\"><span>Goldberg tvrdil, \u017ee jedna z Hegsethov\u00fdch z\u00e1v\u011bre\u010dn\u00fdch zpr\u00e1v p\u0159ed \u00fatokem\u00a0<\/span><em><span>\u201eobsahovala opera\u010dn\u00ed podrobnosti o nadch\u00e1zej\u00edc\u00edch \u00fatoc\u00edch na Jemen, v\u010detn\u011b informac\u00ed o c\u00edlech, zbran\u00edch, kter\u00e9 USA rozm\u00edst\u00ed, a sledu \u00fatok\u016f\u201c.<\/span><\/em><\/p>\n<p data-start=\"1333\" data-end=\"1634\"><span>Kdy\u017e byl v pond\u011bl\u00ed dot\u00e1z\u00e1n na \u00fanik informac\u00ed, Hegseth odm\u00edtl Goldberga jako\u00a0<\/span><em><span>\u201epodvodn\u00e9ho a vysoce zdiskreditovan\u00e9ho takzvan\u00e9ho novin\u00e1\u0159e, kter\u00fd se \u017eiv\u00ed prodejem hoax\u016f\u201c.<\/span><\/em><\/p>\n<p data-start=\"1333\" data-end=\"1634\"><em><span>&#8222;Nikdo nepos\u00edlal SMS s v\u00e1le\u010dn\u00fdmi pl\u00e1ny, a to je v\u0161e, co k tomu mus\u00edm \u0159\u00edct,&#8220;<\/span><\/em><span>\u00a0\u0159ekl Hegseth, kdy\u017e byl dot\u00e1z\u00e1n na obsah zpr\u00e1v.<\/span><\/p>\n<p data-start=\"1636\" data-end=\"1862\"><span>Mluv\u010d\u00ed N\u00e1rodn\u00ed bezpe\u010dnostn\u00ed rady Brian Hughes agentu\u0159e Reuters \u0159ekl, \u017ee vl\u00e1kno zpr\u00e1v\u00a0<\/span><em><span>\u201ese zd\u00e1 b\u00fdt autentick\u00e9\u201c<\/span><\/em><span>\u00a0a potvrdil, \u017ee byla zah\u00e1jena intern\u00ed kontrola\u00a0<\/span><em><span>\u201ejak bylo do \u0159et\u011bzce p\u0159id\u00e1no ne\u00famysln\u00e9 \u010d\u00edslo\u201c.<\/span><\/em><\/p>\n<p data-start=\"1864\" data-end=\"2099\"><em><span>&#8222;Vl\u00e1kno je uk\u00e1zkou hlubok\u00e9 a promy\u0161len\u00e9 politick\u00e9 koordinace mezi vysok\u00fdmi \u00fa\u0159edn\u00edky,&#8220;<\/span><\/em><span>\u00a0dodal Hughes, ani\u017e by objasnil, zda byly poru\u0161eny n\u00e1rodn\u00ed bezpe\u010dnostn\u00ed protokoly nebo zda bude n\u00e1sledovat n\u011bjak\u00e9 disciplin\u00e1rn\u00ed opat\u0159en\u00ed.<\/span><\/p>\n<p data-start=\"2101\" data-end=\"2496\"><span>Trump minulou sobotu na\u0159\u00eddil\u00a0<\/span><em><span>\u201esilnou vojenskou akci\u201c<\/span><\/em><span>\u00a0proti militant\u016fm Houthi s\u00eddl\u00edc\u00edm v Jemenu a obvinil je z veden\u00ed\u00a0<\/span><em><span>\u201enepolevuj\u00edc\u00ed kampan\u011b pir\u00e1tstv\u00ed, n\u00e1sil\u00ed a terorismu proti americk\u00fdm a jin\u00fdm lod\u00edm, letadl\u016fm a dron\u016fm\u201c.<\/span><\/em><span>\u00a0Skupina, ofici\u00e1ln\u011b zn\u00e1m\u00e1 jako hnut\u00ed Ansar Allah, od poloviny roku 2010 ovl\u00e1dala velkou \u010d\u00e1st Jemenu \u2013 v\u010detn\u011b hlavn\u00edho m\u011bsta San\u00e1.<\/span><\/p>\n<p data-start=\"2498\" data-end=\"2685\"><span>V tom, co The Atlantic popsal jako\u00a0<\/span><em><span>\u201efascinuj\u00edc\u00ed politickou diskusi\u201c,<\/span><\/em><span>\u00a0vysoc\u00ed ameri\u010dt\u00ed p\u0159edstavitel\u00e9 \u00fadajn\u011b uznali, \u017ee je obt\u00ed\u017en\u00e9 vybudovat ve\u0159ejnou podporu pro novou vojenskou kampa\u0148.<\/span><\/p>\n<p data-start=\"2687\" data-end=\"3104\"><em><span>&#8222;Existuje re\u00e1ln\u00e9 riziko, \u017ee ve\u0159ejnost tomu nerozum\u00ed nebo pro\u010d je to nutn\u00e9,&#8220;<\/span><\/em><span>\u00a0uvedl \u00fa\u010det ozna\u010den\u00fd JD Vance s t\u00edm, \u017ee\u00a0<\/span><em><span>&#8222;nejsiln\u011bj\u0161\u00edm d\u016fvodem k tomu je, jak \u0159ekl POTUS, poslat zpr\u00e1vu.&#8220;<\/span><\/em><span>\u00a0V reakci na to Hegseth souhlasil a prohl\u00e1sil:\u00a0<\/span><em><span>\u201eMysl\u00edm, \u017ee zas\u00edl\u00e1n\u00ed zpr\u00e1v bude t\u011b\u017ek\u00e9 bez ohledu na to \u2013 nikdo nev\u00ed, kdo jsou H\u00fas\u00edov\u00e9 \u2013 a proto bychom se museli soust\u0159edit na: 1) Biden selhal a 2) \u00cdr\u00e1n financovan\u00fd.\u201c<\/span><\/em><\/p>\n<p data-start=\"3106\" data-end=\"3461\"><span>Trump prohl\u00e1sil, \u017ee \u00fatoky Houthi\u016f\u00a0<\/span><em><span>\u201epoch\u00e1zej\u00ed z \u00cdr\u00e1nu a jsou j\u00edm vytvo\u0159eny\u201c,<\/span><\/em><span>\u00a0varoval, \u017ee od nyn\u011bj\u0161ka bude Washington pohl\u00ed\u017eet na ka\u017ed\u00fd v\u00fdst\u0159el vyp\u00e1len\u00fd jemenskou skupinou, jako by jej vyp\u00e1lil Teher\u00e1n.\u00a0<\/span><em><span>&#8222;\u00cdr\u00e1n ponese odpov\u011bdnost a ponese n\u00e1sledky, a tyto d\u016fsledky budou hroziv\u00e9,&#8220;<\/span><\/em><span>\u00a0napsal prezident minul\u00e9 pond\u011bl\u00ed na sv\u00e9 platform\u011b Truth Social.<\/span><\/p>\n<p data-start=\"3106\" data-end=\"3461\"><img decoding=\"async\" loading=\"lazy\" class=\"alignnone size-full wp-image-71983\" src=\"http:\/\/www.infokuryr.cz\/n\/wp-content\/uploads\/2025\/02\/aaa.jpg\" alt=\"\" width=\"89\" height=\"23\" \/><\/p>\n<p data-start=\"3106\" data-end=\"3461\">\n","protected":false},"excerpt":{"rendered":"<p>Nejvy\u0161\u0161\u00ed p\u0159edstavitel\u00e9 Trumpovy administrativy omylem pozvali novin\u00e1\u0159e do skupinov\u00e9ho chatu o \u00fatoc\u00edch na H\u00fas\u00edje Ministr&#8230;<\/p>\n","protected":false},"author":2,"featured_media":74923,"comment_status":"closed","ping_status":"closed","sticky":false,"template":"","format":"standard","meta":[],"categories":[7],"tags":[1400,273,380],"_links":{"self":[{"href":"https:\/\/www.infokuryr.cz\/n\/wp-json\/wp\/v2\/posts\/74922"}],"collection":[{"href":"https:\/\/www.infokuryr.cz\/n\/wp-json\/wp\/v2\/posts"}],"about":[{"href":"https:\/\/www.infokuryr.cz\/n\/wp-json\/wp\/v2\/types\/post"}],"author":[{"embeddable":true,"href":"https:\/\/www.infokuryr.cz\/n\/wp-json\/wp\/v2\/users\/2"}],"replies":[{"embeddable":true,"href":"https:\/\/www.infokuryr.cz\/n\/wp-json\/wp\/v2\/comments?post=74922"}],"version-history":[{"count":0,"href":"https:\/\/www.infokuryr.cz\/n\/wp-json\/wp\/v2\/posts\/74922\/revisions"}],"wp:featuredmedia":[{"embeddable":true,"href":"https:\/\/www.infokuryr.cz\/n\/wp-json\/wp\/v2\/media\/74923"}],"wp:attachment":[{"href":"https:\/\/www.infokuryr.cz\/n\/wp-json\/wp\/v2\/media?parent=74922"}],"wp:term":[{"taxonomy":"category","embeddable":true,"href":"https:\/\/www.infokuryr.cz\/n\/wp-json\/wp\/v2\/categories?post=74922"},{"taxonomy":"post_tag","embeddable":true,"href":"https:\/\/www.infokuryr.cz\/n\/wp-json\/wp\/v2\/tags?post=74922"}],"curies":[{"name":"wp","href":"https:\/\/api.w.org\/{rel}","templated":true}]}}