{"id":74879,"date":"2025-03-25T00:22:08","date_gmt":"2025-03-24T23:22:08","guid":{"rendered":"https:\/\/www.infokuryr.cz\/n\/?p=74879"},"modified":"2025-03-24T16:04:03","modified_gmt":"2025-03-24T15:04:03","slug":"zadne-dalsi-tajemstvi-eu-se-pripravuje-na-valku-dokument-zni-jako-valecny-plan","status":"publish","type":"post","link":"https:\/\/www.infokuryr.cz\/n\/2025\/03\/25\/zadne-dalsi-tajemstvi-eu-se-pripravuje-na-valku-dokument-zni-jako-valecny-plan\/","title":{"rendered":"\u017d\u00e1dn\u00e9 dal\u0161\u00ed tajemstv\u00ed! EU se p\u0159ipravuje na v\u00e1lku \u2013 Dokument zn\u00ed jako v\u00e1le\u010dn\u00fd pl\u00e1n"},"content":{"rendered":"<div id=\"fb-root\"><\/div>\n<p><span>Evropsk\u00e1 unie se\u00a0<\/span><strong><span>otev\u0159en\u011b a bezosty\u0161n\u011b<\/span><\/strong><span>\u00a0p\u0159ipravuje na vojenskou konfrontaci s Ruskem. To je z\u00e1v\u011br ned\u00e1vno zve\u0159ejn\u011bn\u00e9\u00a0<\/span><strong><span>B\u00edl\u00e9 knihy o evropsk\u00e9 obran\u011b \u2013 \u201eP\u0159ipravenost 2030\u201c<\/span><\/strong><span>\u00a0.\u00a0<\/span><strong><span>Dokument se \u010dte jako v\u00e1le\u010dn\u00e1 mapa.<\/span><\/strong><\/p>\n<div class=\"twitter-tweet twitter-tweet-rendered\"><iframe id=\"twitter-widget-0\" class=\"\" title=\"X Post\" src=\"https:\/\/platform.twitter.com\/embed\/Tweet.html?dnt=false&amp;embedId=twitter-widget-0&amp;features=eyJ0ZndfdGltZWxpbmVfbGlzdCI6eyJidWNrZXQiOltdLCJ2ZXJzaW9uIjpudWxsfSwidGZ3X2ZvbGxvd2VyX2NvdW50X3N1bnNldCI6eyJidWNrZXQiOnRydWUsInZlcnNpb24iOm51bGx9LCJ0ZndfdHdlZXRfZWRpdF9iYWNrZW5kIjp7ImJ1Y2tldCI6Im9uIiwidmVyc2lvbiI6bnVsbH0sInRmd19yZWZzcmNfc2Vzc2lvbiI6eyJidWNrZXQiOiJvbiIsInZlcnNpb24iOm51bGx9LCJ0ZndfZm9zbnJfc29mdF9pbnRlcnZlbnRpb25zX2VuYWJsZWQiOnsiYnVja2V0Ijoib24iLCJ2ZXJzaW9uIjpudWxsfSwidGZ3X21peGVkX21lZGlhXzE1ODk3Ijp7ImJ1Y2tldCI6InRyZWF0bWVudCIsInZlcnNpb24iOm51bGx9LCJ0ZndfZXhwZXJpbWVudHNfY29va2llX2V4cGlyYXRpb24iOnsiYnVja2V0IjoxMjA5NjAwLCJ2ZXJzaW9uIjpudWxsfSwidGZ3X3Nob3dfYmlyZHdhdGNoX3Bpdm90c19lbmFibGVkIjp7ImJ1Y2tldCI6Im9uIiwidmVyc2lvbiI6bnVsbH0sInRmd19kdXBsaWNhdGVfc2NyaWJlc190b19zZXR0aW5ncyI6eyJidWNrZXQiOiJvbiIsInZlcnNpb24iOm51bGx9LCJ0ZndfdXNlX3Byb2ZpbGVfaW1hZ2Vfc2hhcGVfZW5hYmxlZCI6eyJidWNrZXQiOiJvbiIsInZlcnNpb24iOm51bGx9LCJ0ZndfdmlkZW9faGxzX2R5bmFtaWNfbWFuaWZlc3RzXzE1MDgyIjp7ImJ1Y2tldCI6InRydWVfYml0cmF0ZSIsInZlcnNpb24iOm51bGx9LCJ0ZndfbGVnYWN5X3RpbWVsaW5lX3N1bnNldCI6eyJidWNrZXQiOnRydWUsInZlcnNpb24iOm51bGx9LCJ0ZndfdHdlZXRfZWRpdF9mcm9udGVuZCI6eyJidWNrZXQiOiJvbiIsInZlcnNpb24iOm51bGx9fQ%3D%3D&amp;frame=false&amp;hideCard=false&amp;hideThread=false&amp;id=1902330808972583262&amp;lang=cs&amp;origin=https%3A%2F%2Funcutnews.ch%2Fkein-geheimnis-mehr-die-eu-ruestet-fuer-den-krieg-das-dokument-liest-sich-wie-ein-kriegsfahrplan%2F&amp;sessionId=5f850f0957715d406fc8551b94b9b71a4833c8b8&amp;theme=light&amp;widgetsVersion=2615f7e52b7e0%3A1702314776716&amp;width=550px\" frameborder=\"0\" scrolling=\"no\" allowfullscreen=\"allowfullscreen\" data-tweet-id=\"1902330808972583262\" data-mce-fragment=\"1\"><\/iframe><\/div>\n<p><span>Pl\u00e1ny\u00a0<\/span><strong><span>p\u0159edsedkyn\u011b Evropsk\u00e9 komise Ursuly von der Leyenov\u00e9<\/span><\/strong><span>\u00a0hovo\u0159\u00ed o tom, \u017ee Evropa bude do roku 2030\u00a0<\/span><strong><span>p\u0159ezbrojena<\/span><\/strong><span>\u00a0, strategicky \u201eautonomn\u00ed\u201c a vojensky siln\u00e1.<\/span><\/p>\n<p><span>S\u00a0<\/span><strong><span>nejv\u011bt\u0161\u00ed militarizac\u00ed za posledn\u00ed desetilet\u00ed<\/span><\/strong><span>\u00a0chce EU\u00a0<\/span><strong><span>pos\u00edlit sv\u016fj vlastn\u00ed zbrojn\u00ed pr\u016fmysl, vybudovat gigantickou mobilitu vojsk a p\u0159ipravit se na vlekl\u00e9 konflikty<\/span><\/strong><span>\u00a0.<\/span><\/p>\n<h3 class=\"wp-block-heading\"><strong><span>Pl\u00e1ny podrobn\u011b: EU p\u0159ipravuje<\/span><\/strong><\/h3>\n<p><span>B\u00edl\u00e1 kniha stanov\u00ed \u0159adu krok\u016f, jimi\u017e hodl\u00e1 EU do roku 2030 dos\u00e1hnout\u00a0<\/span><strong><span>\u201eodstra\u0161uj\u00edc\u00ed obrann\u00e9 schopnosti\u201c<\/span><\/strong><span>\u00a0. \u00dast\u0159edn\u00edmi prvky jsou:<\/span><\/p>\n<ol class=\"wp-block-list\">\n<li><strong><span>Uzav\u0159en\u00ed kritick\u00fdch mezer ve schopnostech<\/span><\/strong><\/li>\n<\/ol>\n<ul style=\"list-style-type: circle;\">\n<li><strong><span>C\u00edlen\u00e9 roz\u0161\u00ed\u0159en\u00ed obrann\u00e9 infrastruktury<\/span><\/strong><span>\u00a0s c\u00edlem zv\u00fd\u0161it vojenskou s\u00edlu EU.<\/span><\/li>\n<li><strong><span>Investice do kl\u00ed\u010dov\u00fdch strategick\u00fdch technologi\u00ed,<\/span><\/strong><span>\u00a0jako je protiraketov\u00e1 obrana, kybernetick\u00e1 v\u00e1lka a elektronick\u00e1 v\u00e1lka.<\/span><\/li>\n<\/ul>\n<ol class=\"wp-block-list\">\n<li><strong><span>Z\u0159\u00edzen\u00ed s\u00edt\u011b vojensk\u00e9 mobility<\/span><\/strong><\/li>\n<\/ol>\n<ul style=\"list-style-type: circle;\">\n<li><strong><span>Rychl\u00e9 rozm\u00edst\u011bn\u00ed jednotek po cel\u00e9 Evrop\u011b<\/span><\/strong><span>\u00a0prost\u0159ednictv\u00edm\u00a0<\/span><strong><span>celoevropsk\u00e9 s\u00edt\u011b pozemn\u00edch koridor\u016f, leti\u0161\u0165 a n\u00e1mo\u0159n\u00edch p\u0159\u00edstav\u016f.<\/span><\/strong><\/li>\n<li><strong><span>Usnadn\u011bn\u00ed hrani\u010dn\u00edch p\u0159echod\u016f pro vojenskou techniku<\/span><\/strong><span>\u00a0, aby byla rychleji p\u0159ipravena na akci v p\u0159\u00edpad\u011b \u201enouzov\u00fdch situac\u00ed\u201c.<\/span><\/li>\n<\/ul>\n<ol class=\"wp-block-list\">\n<li><strong><span>Masivn\u00ed n\u00e1r\u016fst v\u00fddaj\u016f na obranu<\/span><\/strong><\/li>\n<\/ol>\n<ul style=\"list-style-type: circle;\">\n<li><span>Financov\u00e1n\u00ed prost\u0159ednictv\u00edm nov\u00e9 iniciativy\u00a0<\/span><strong><span>\u201eReArm Europe\u201c<\/span><\/strong><span>\u00a0, na kterou je vy\u010dlen\u011bno\u00a0<\/span><strong><span>800 miliard eur<\/span><\/strong><span>\u00a0.<\/span><\/li>\n<li><strong><span>Program \u201eBezpe\u010dnostn\u00ed akce pro Evropu\u201c (SAFE)<\/span><\/strong><span>\u00a0na financov\u00e1n\u00ed obrann\u00fdch projekt\u016f\u00a0<\/span><strong><span>a\u017e 150 miliardami eur<\/span><\/strong><span>\u00a0.<\/span><\/li>\n<li><strong><span>Roz\u0161\u00ed\u0159en\u00ed mo\u017enost\u00ed financov\u00e1n\u00ed prost\u0159ednictv\u00edm Evropsk\u00e9 investi\u010dn\u00ed banky (EIB)<\/span><\/strong><span>\u00a0, kter\u00e1 dosud\u00a0<\/span><strong><span>nefinancovala<\/span><\/strong><span>\u00a0\u017e\u00e1dn\u00e9 vojensk\u00e9 projekty.<\/span><\/li>\n<\/ul>\n<ol class=\"wp-block-list\">\n<li><strong><span>Podpora evropsk\u00e9ho zbrojn\u00edho pr\u016fmyslu<\/span><\/strong><\/li>\n<\/ol>\n<ul style=\"list-style-type: circle;\">\n<li><strong><span>Zrychlen\u00e1 v\u00fdroba a v\u00fdvoj vojensk\u00e9 techniky<\/span><\/strong><span>\u00a0v r\u00e1mci EU.<\/span><\/li>\n<li><strong><span>Strategie \u201eBuy European\u201c:<\/span><\/strong><span>\u00a0Zbran\u011b se maj\u00ed vyv\u00edjet, vyr\u00e1b\u011bt a prod\u00e1vat v r\u00e1mci EU \u2013 jasn\u00e1 p\u0159\u00edprava na v\u00e1lku.<\/span><\/li>\n<li><strong><span>N\u00e1r\u016fst v\u00fdroby munice,<\/span><\/strong><span>\u00a0proto\u017ee z\u00e1soby rychle ub\u00fdvaj\u00ed kv\u016fli pomoci Ukrajin\u011b.<\/span><\/li>\n<\/ul>\n<ol class=\"wp-block-list\">\n<li><strong><span>Roz\u0161\u00ed\u0159en\u00ed vojensk\u00e9 spolupr\u00e1ce s Ukrajinou<\/span><\/strong><\/li>\n<\/ol>\n<ul style=\"list-style-type: circle;\">\n<li><strong><span>Lep\u0161\u00ed integrace ukrajinsk\u00e9ho zbrojn\u00edho pr\u016fmyslu do struktur EU.<\/span><\/strong><\/li>\n<li><strong><span>Dlouhodob\u00e1 vojensk\u00e1 podpora pro Ukrajinu<\/span><\/strong><span>\u00a0, a to i mimo sou\u010dasnou v\u00e1lku.<\/span><\/li>\n<\/ul>\n<ol class=\"wp-block-list\">\n<li><strong><span>V\u00fdzkum \u201etechnologi\u00ed budoucnosti\u201c pro v\u00e1lku<\/span><\/strong><\/li>\n<\/ol>\n<ul style=\"list-style-type: circle;\">\n<li><strong><span>V\u00fdvoj vojensk\u00e9 um\u011bl\u00e9 inteligence (AI)<\/span><\/strong><span>\u00a0pro autonomn\u00ed zbra\u0148ov\u00e9 syst\u00e9my.<\/span><\/li>\n<li><strong><span>Zam\u011b\u0159te se na kvantov\u00e9 v\u00fdpo\u010dty<\/span><\/strong><span>\u00a0pro vylep\u0161en\u00e9 technologie kybernetick\u00e9ho boje a \u0161ifrov\u00e1n\u00ed.<\/span><\/li>\n<\/ul>\n<ol class=\"wp-block-list\">\n<li><strong><span>Reforma evropsk\u00e9ho obrann\u00e9ho trhu<\/span><\/strong><\/li>\n<\/ol>\n<ul style=\"list-style-type: circle;\">\n<li><strong><span>Odstran\u011bn\u00ed administrativn\u00edch p\u0159ek\u00e1\u017eek<\/span><\/strong><span>\u00a0pro usnadn\u011bn\u00ed v\u00fdvozu a prodeje zbran\u00ed v r\u00e1mci Evropy.<\/span><\/li>\n<li><strong><span>Usnadn\u011bn\u00ed st\u00e1tn\u00edch zak\u00e1zek pro obrann\u00e9 spole\u010dnosti.<\/span><\/strong><\/li>\n<\/ul>\n<h3 class=\"wp-block-heading\"><strong><span>Evropa se p\u0159ipravuje na v\u00e1lku<\/span><\/strong><\/h3>\n<p><span>V\u0161echna tato opat\u0159en\u00ed stoj\u00ed\u00a0<\/span><strong><span>stovky miliard eur<\/span><\/strong><span>\u00a0, ale ot\u00e1zkou z\u016fst\u00e1v\u00e1:\u00a0<\/span><strong><span>K \u010demu?<\/span><\/strong><\/p>\n<ul>\n<li><strong><span>Rusko?<\/span><\/strong><br \/>\n<strong><span>Rusko opakovan\u011b potvrdilo, \u017ee si v\u00e1lku s EU nep\u0159eje.<\/span><\/strong><span>\u00a0P\u0159esto politici a m\u00e9dia opakovan\u011b zap\u0159\u00edsahaj\u00ed Evropu \u201eruskou hrozbou\u201c.<\/span><\/li>\n<li><strong><span>Lid\u00e9?<\/span><\/strong><br \/>\n<strong><span>\u017d\u00e1dn\u00fd evropsk\u00fd ob\u010dan nebyl dot\u00e1z\u00e1n, zda tuto militarizaci podporuje.<\/span><\/strong><span>\u00a0Lid\u00e9 cht\u011bj\u00ed\u00a0<\/span><strong><span>m\u00edr, ekonomickou bezpe\u010dnost a diplomacii<\/span><\/strong><span>\u00a0\u2013 ne hromad\u011bn\u00ed zbran\u00ed a eskalaci.<\/span><\/li>\n<\/ul>\n<p><span>Ale d\u011bje se p\u0159esn\u011b naopak.\u00a0<\/span><strong><span>EU se vyzbrojuje, jako by v\u00e1lka byla nevyhnuteln\u00e1.<\/span><\/strong><\/p>\n<h3 class=\"wp-block-heading\"><strong><span>Militarizace m\u00edsto diplomacie \u2013 nebezpe\u010dn\u00e1 strategie EU<\/span><\/strong><\/h3>\n<p><span>B\u00edl\u00e1\u00a0<\/span><a href=\"https:\/\/ec.europa.eu\/commission\/presscorner\/detail\/en\/ip_25_793\" target=\"_blank\" rel=\"noreferrer noopener\" data-type=\"link\" data-id=\"https:\/\/ec.europa.eu\/commission\/presscorner\/detail\/en\/ip_25_793\"><span>kniha<\/span><\/a><span>\u00a0jasn\u011b \u0159\u00edk\u00e1:\u00a0<\/span><strong><span>m\u00edr nen\u00ed c\u00edlem EU.<\/span><\/strong><\/p>\n<ul>\n<li><strong><span>Diplomatick\u00e9 kan\u00e1ly do Ruska byly p\u0159eru\u0161eny.<\/span><\/strong><\/li>\n<li><strong><span>M\u00edsto dialogu jsou zde sankce, dod\u00e1vky zbran\u00ed a eskalace.<\/span><\/strong><\/li>\n<li><strong><span>Jak\u00e1koli p\u0159\u00edle\u017eitost k deeskalaci je ignorov\u00e1na.<\/span><\/strong><\/li>\n<\/ul>\n<p><span>Je z\u0159ejm\u00e9: EU se p\u0159ipravuje na vlekl\u00fd konflikt \u2013 a\u0165 u\u017e prost\u0159ednictv\u00edm z\u00e1stupn\u00fdch v\u00e1lek nebo p\u0159\u00edmou\u00a0<\/span><strong><span>konfrontac\u00ed s Ruskem<\/span><\/strong><span>\u00a0.<\/span><\/p>\n<p><strong><span>Tyto pl\u00e1ny p\u0159edstavuj\u00ed historick\u00fd odklon od sou\u010dasn\u00e9 evropsk\u00e9 bezpe\u010dnostn\u00ed architektury.<\/span><\/strong><\/p>\n<h3 class=\"wp-block-heading\"><strong><span>Kdo m\u00e1 z tohoto upgradu prosp\u011bch?<\/span><\/strong><\/h3>\n<p><span>Zat\u00edmco ob\u010dan\u00e9\u00a0<\/span><strong><span>nesou n\u00e1klady<\/span><\/strong><span>\u00a0,\u00a0z t\u00e9to militarizace t\u011b\u017e\u00ed\u00a0<\/span><strong><span>p\u0159edev\u0161\u00edm t\u0159i skupiny :<\/span><\/strong><\/p>\n<ol class=\"wp-block-list\">\n<li><strong><span>Zbrojn\u00ed pr\u016fmysl<\/span><\/strong><\/li>\n<\/ol>\n<ul style=\"list-style-type: circle;\">\n<li><strong><span>Miliardov\u00e9 kontrakty pro evropsk\u00e9 a americk\u00e9 v\u00fdrobce zbran\u00ed.<\/span><\/strong><\/li>\n<li><strong><span>Zv\u00fd\u0161en\u00ed v\u00fdroby munice a nov\u00fdch technologi\u00ed pro vojenskou AI.<\/span><\/strong><\/li>\n<\/ul>\n<ol class=\"wp-block-list\">\n<li><strong><span>USA<\/span><\/strong><\/li>\n<\/ol>\n<ul style=\"list-style-type: circle;\">\n<li><strong><span>V\u00edce militarizovan\u00e1 Evropa z\u016fst\u00e1v\u00e1 z\u00e1visl\u00e1 na technologi\u00edch NATO a USA.<\/span><\/strong><\/li>\n<li><strong><span>Americk\u00e9 obrann\u00e9 spole\u010dnosti t\u011b\u017e\u00ed z nep\u0159\u00edm\u00fdch dodavatelsk\u00fdch \u0159et\u011bzc\u016f.<\/span><\/strong><\/li>\n<\/ul>\n<ol class=\"wp-block-list\">\n<li><strong><span>Sami politici EU<\/span><\/strong><\/li>\n<\/ol>\n<ul style=\"list-style-type: circle;\">\n<li><strong><span>Von der Leyen &amp; Co. se mohou prezentovat jako \u201etvrd\u00ed obr\u00e1nci Evropy\u201c.<\/span><\/strong><\/li>\n<li><strong><span>Nov\u00e9 z\u00e1kony o \u201ev\u00e1le\u010dn\u00e9 ekonomice\u201c posiluj\u00ed kontrolu nad n\u00e1rodn\u00edmi vl\u00e1dami.<\/span><\/strong><\/li>\n<\/ul>\n<h3 class=\"wp-block-heading\"><strong><span>Z\u00e1v\u011br: Evropa se dost\u00e1v\u00e1 do v\u00e1le\u010dn\u00e9ho kurzu \u2013 proti v\u016fli sv\u00fdch ob\u010dan\u016f<\/span><\/strong><\/h3>\n<p><span>Lid\u00e9 v Evrop\u011b cht\u011bj\u00ed\u00a0<\/span><strong><span>m\u00edr, stabilitu a ekonomickou bezpe\u010dnost<\/span><\/strong><span>\u00a0. Ale EU jde \u00fapln\u011b jin\u00fdm sm\u011brem.<\/span><\/p>\n<ul>\n<li><strong><span>Miliardy se pumpuj\u00ed do zbrojen\u00ed \u2013 zat\u00edmco soci\u00e1ln\u00ed a vzd\u011bl\u00e1vac\u00ed rozpo\u010dty se sni\u017euj\u00ed.<\/span><\/strong><\/li>\n<li><strong><span>Diplomacie je opu\u0161t\u011bna \u2013 m\u00edsto toho se zam\u011b\u0159uje na militarizaci.<\/span><\/strong><\/li>\n<li><strong><span>Evropsk\u00e1 komise rozhoduje o v\u00e1lce a m\u00edru \u2013 bez jak\u00e9koli demokratick\u00e9 kontroly.<\/span><\/strong><\/li>\n<\/ul>\n<p><strong><span>Ale kdo legitimizoval Ursulu von der Leyenovou, aby postavila Evropu na v\u00e1le\u010dnou cestu?<\/span><\/strong><\/p>\n<p><span>Pro\u010d neprob\u00edh\u00e1 \u017e\u00e1dn\u00e1 ve\u0159ejn\u00e1 debata o t\u00e9to radik\u00e1ln\u00ed zm\u011bn\u011b orientace?<\/span><\/p>\n<p><span>Pravda je takov\u00e1:\u00a0<\/span><strong><span>Evropa je nucena ke konfrontaci, kterou si nikdo nep\u0159eje \u2013 krom\u011b politik\u016f a zbrojn\u00edho pr\u016fmyslu.<\/span><\/strong><\/p>\n<p><span>Je \u010das postavit se tomuto v\u00fdvoji.\u00a0<\/span><strong><span>Evropa pot\u0159ebuje diplomacii \u2013 ne p\u0159\u00edpravy na v\u00e1lku.<\/span><\/strong><\/p>\n<p><span>Z\u00e1sadn\u00ed ot\u00e1zkou z\u016fst\u00e1v\u00e1:\u00a0<\/span><strong><span>Naslouch\u00e1 je\u0161t\u011b n\u011bkdo v Bruselu lidem?<\/span><\/strong><\/p>\n<p><img decoding=\"async\" loading=\"lazy\" class=\"alignnone size-full wp-image-71983\" src=\"http:\/\/www.infokuryr.cz\/n\/wp-content\/uploads\/2025\/02\/aaa.jpg\" alt=\"\" width=\"89\" height=\"23\" \/><\/p>\n<p>&nbsp;<\/p>\n","protected":false},"excerpt":{"rendered":"<p>Evropsk\u00e1 unie se\u00a0otev\u0159en\u011b a bezosty\u0161n\u011b\u00a0p\u0159ipravuje na vojenskou konfrontaci s Ruskem. To je z\u00e1v\u011br ned\u00e1vno zve\u0159ejn\u011bn\u00e9\u00a0B\u00edl\u00e9&#8230;<\/p>\n","protected":false},"author":2,"featured_media":70991,"comment_status":"closed","ping_status":"closed","sticky":false,"template":"","format":"standard","meta":[],"categories":[7],"tags":[41,3769,40,338],"_links":{"self":[{"href":"https:\/\/www.infokuryr.cz\/n\/wp-json\/wp\/v2\/posts\/74879"}],"collection":[{"href":"https:\/\/www.infokuryr.cz\/n\/wp-json\/wp\/v2\/posts"}],"about":[{"href":"https:\/\/www.infokuryr.cz\/n\/wp-json\/wp\/v2\/types\/post"}],"author":[{"embeddable":true,"href":"https:\/\/www.infokuryr.cz\/n\/wp-json\/wp\/v2\/users\/2"}],"replies":[{"embeddable":true,"href":"https:\/\/www.infokuryr.cz\/n\/wp-json\/wp\/v2\/comments?post=74879"}],"version-history":[{"count":1,"href":"https:\/\/www.infokuryr.cz\/n\/wp-json\/wp\/v2\/posts\/74879\/revisions"}],"predecessor-version":[{"id":74880,"href":"https:\/\/www.infokuryr.cz\/n\/wp-json\/wp\/v2\/posts\/74879\/revisions\/74880"}],"wp:featuredmedia":[{"embeddable":true,"href":"https:\/\/www.infokuryr.cz\/n\/wp-json\/wp\/v2\/media\/70991"}],"wp:attachment":[{"href":"https:\/\/www.infokuryr.cz\/n\/wp-json\/wp\/v2\/media?parent=74879"}],"wp:term":[{"taxonomy":"category","embeddable":true,"href":"https:\/\/www.infokuryr.cz\/n\/wp-json\/wp\/v2\/categories?post=74879"},{"taxonomy":"post_tag","embeddable":true,"href":"https:\/\/www.infokuryr.cz\/n\/wp-json\/wp\/v2\/tags?post=74879"}],"curies":[{"name":"wp","href":"https:\/\/api.w.org\/{rel}","templated":true}]}}