{"id":74866,"date":"2025-03-25T00:12:53","date_gmt":"2025-03-24T23:12:53","guid":{"rendered":"https:\/\/www.infokuryr.cz\/n\/?p=74866"},"modified":"2025-03-24T16:27:30","modified_gmt":"2025-03-24T15:27:30","slug":"brusel-planuje-masovou-imigraci","status":"publish","type":"post","link":"https:\/\/www.infokuryr.cz\/n\/2025\/03\/25\/brusel-planuje-masovou-imigraci\/","title":{"rendered":"Brusel pl\u00e1nuje masovou imigraci"},"content":{"rendered":"<div id=\"fb-root\"><\/div>\n<h3 class=\"elementor-heading-title elementor-size-default\">EU pl\u00e1nuje do roku 2030 dov\u00e9zt 7 milion\u016f migruj\u00edc\u00edch pracovn\u00edk\u016f \u2013 navzdory 12 milion\u016fm nezam\u011bstnan\u00fdch v Evrop\u011b<\/h3>\n<div class=\"elementor-element elementor-element-1fb4c2c elementor-widget elementor-widget-theme-post-content\" data-id=\"1fb4c2c\" data-element_type=\"widget\" data-widget_type=\"theme-post-content.default\">\n<div class=\"elementor-widget-container\">\n<p><strong>Evropsk\u00fd parlament otev\u00edr\u00e1 dve\u0159e masov\u00e9 imigraci \u2013 kritici varuj\u00ed p\u0159ed soci\u00e1ln\u00edm dumpingem a kulturn\u00edm rozvratem<\/strong><\/p>\n<p>V\u00fdbor pro ob\u010dansk\u00e9 svobody Evropsk\u00e9ho parlamentu p\u0159ipravil p\u016fdu pro imigraci dal\u0161\u00edch nejm\u00e9n\u011b sedmi milion\u016f migruj\u00edc\u00edch pracovn\u00edk\u016f do roku 2030. To, co se prod\u00e1v\u00e1 jako reakce na nedostatek pracovn\u00edch sil, je mnoh\u00fdmi kritizov\u00e1no jako ideologicky motivovan\u00fd migra\u010dn\u00ed projekt, kter\u00fd by mohl v dlouhodob\u00e9m horizontu vyvolat obrovsk\u00e9 soci\u00e1ln\u00ed a ekonomick\u00e9 nap\u011bt\u00ed.<\/p>\n<p>Takzvan\u00fd \u201etalent pool EU\u201c m\u00e1 umo\u017enit c\u00edlen\u00fd n\u00e1bor pracovn\u00edk\u016f p\u0159edev\u0161\u00edm z Afriky \u2013 kontinentu, kter\u00fd Komise otev\u0159en\u011b ozna\u010duje za \u201edemografick\u00fd rezervo\u00e1r\u201c. To vyvol\u00e1v\u00e1 kontroverzn\u00ed ot\u00e1zku: Pro\u010d Brusel nespol\u00e9h\u00e1 na opat\u0159en\u00ed podporuj\u00edc\u00ed porodnost vlastn\u00edho obyvatelstva, ale sp\u00ed\u0161e na demografickou n\u00e1hradu prost\u0159ednictv\u00edm mimoevropsk\u00e9 migrace?<\/p>\n<p>Kritika p\u0159ich\u00e1z\u00ed nejen z konzervativn\u00edch t\u00e1bor\u016f, ale tak\u00e9 od pragmatick\u00fdch pozorovatel\u016f. St\u011b\u017euj\u00ed si, \u017ee v sou\u010dasnosti je v EU bez pr\u00e1ce dvan\u00e1ct milion\u016f lid\u00ed. Vytv\u00e1\u0159en\u00ed nov\u00fdch migra\u010dn\u00edch tras na evropsk\u00fd trh pr\u00e1ce tedy nen\u00ed reakc\u00ed na nedostatek kvalifikovan\u00fdch pracovn\u00edk\u016f, ale slou\u017e\u00ed p\u0159edev\u0161\u00edm k potla\u010den\u00ed mezd a poskytov\u00e1n\u00ed levn\u00e9 pracovn\u00ed s\u00edly firm\u00e1m. Paralely s kontroverzn\u00edm v\u00edzov\u00fdm syst\u00e9mem H-1B v USA jsou nezam\u011bniteln\u00e9.<\/p>\n<p><em>Talent EU je jen zadn\u00edmi vr\u00e1tky pro masovou migraci, sni\u017euje mzdy a podkop\u00e1v\u00e1 n\u00e1rodn\u00ed suverenitu. Pokud chceme siln\u011bj\u0161\u00ed ekonomiku, m\u011bli bychom investovat do inovac\u00ed a dom\u00e1c\u00edch talent\u016f, ne do dovozu levn\u00e9 pracovn\u00ed s\u00edly na \u00fakor vlastn\u00edch lid\u00ed.<\/em><\/p>\n<div class=\"twitter-tweet twitter-tweet-rendered\"><iframe id=\"twitter-widget-0\" class=\"\" title=\"X Post\" src=\"https:\/\/platform.twitter.com\/embed\/Tweet.html?dnt=false&amp;embedId=twitter-widget-0&amp;features=eyJ0ZndfdGltZWxpbmVfbGlzdCI6eyJidWNrZXQiOltdLCJ2ZXJzaW9uIjpudWxsfSwidGZ3X2ZvbGxvd2VyX2NvdW50X3N1bnNldCI6eyJidWNrZXQiOnRydWUsInZlcnNpb24iOm51bGx9LCJ0ZndfdHdlZXRfZWRpdF9iYWNrZW5kIjp7ImJ1Y2tldCI6Im9uIiwidmVyc2lvbiI6bnVsbH0sInRmd19yZWZzcmNfc2Vzc2lvbiI6eyJidWNrZXQiOiJvbiIsInZlcnNpb24iOm51bGx9LCJ0ZndfZm9zbnJfc29mdF9pbnRlcnZlbnRpb25zX2VuYWJsZWQiOnsiYnVja2V0Ijoib24iLCJ2ZXJzaW9uIjpudWxsfSwidGZ3X21peGVkX21lZGlhXzE1ODk3Ijp7ImJ1Y2tldCI6InRyZWF0bWVudCIsInZlcnNpb24iOm51bGx9LCJ0ZndfZXhwZXJpbWVudHNfY29va2llX2V4cGlyYXRpb24iOnsiYnVja2V0IjoxMjA5NjAwLCJ2ZXJzaW9uIjpudWxsfSwidGZ3X3Nob3dfYmlyZHdhdGNoX3Bpdm90c19lbmFibGVkIjp7ImJ1Y2tldCI6Im9uIiwidmVyc2lvbiI6bnVsbH0sInRmd19kdXBsaWNhdGVfc2NyaWJlc190b19zZXR0aW5ncyI6eyJidWNrZXQiOiJvbiIsInZlcnNpb24iOm51bGx9LCJ0ZndfdXNlX3Byb2ZpbGVfaW1hZ2Vfc2hhcGVfZW5hYmxlZCI6eyJidWNrZXQiOiJvbiIsInZlcnNpb24iOm51bGx9LCJ0ZndfdmlkZW9faGxzX2R5bmFtaWNfbWFuaWZlc3RzXzE1MDgyIjp7ImJ1Y2tldCI6InRydWVfYml0cmF0ZSIsInZlcnNpb24iOm51bGx9LCJ0ZndfbGVnYWN5X3RpbWVsaW5lX3N1bnNldCI6eyJidWNrZXQiOnRydWUsInZlcnNpb24iOm51bGx9LCJ0ZndfdHdlZXRfZWRpdF9mcm9udGVuZCI6eyJidWNrZXQiOiJvbiIsInZlcnNpb24iOm51bGx9fQ%3D%3D&amp;frame=false&amp;hideCard=false&amp;hideThread=false&amp;id=1902709039328375258&amp;lang=cs&amp;origin=https%3A%2F%2Funcutnews.ch%2Fbruessel-plant-massenzuzug-eu-will-7-millionen-arbeitsmigranten-bis-2030-importieren-trotz-12-mio-arbeitslosen-in-europa%2F&amp;sessionId=1ec7dc0b5ba7b4c782ee1b1ec560761d5841552e&amp;theme=light&amp;widgetsVersion=2615f7e52b7e0%3A1702314776716&amp;width=550px\" frameborder=\"0\" scrolling=\"no\" allowfullscreen=\"allowfullscreen\" data-tweet-id=\"1902709039328375258\" data-mce-fragment=\"1\"><\/iframe><\/div>\n<p>Zvl\u00e1\u0161t\u011b znepokojuj\u00edc\u00ed je ideologick\u00fd r\u00e1mec, ve kter\u00e9m se debata vede. Kritici jsou o\u010der\u0148ov\u00e1ni jako \u201epravicov\u00ed extremist\u00e9\u201c a argumenty o soci\u00e1ln\u00edch d\u016fsledc\u00edch nebo nedostate\u010dn\u00e9 integra\u010dn\u00ed kapacit\u011b jsou obecn\u011b odm\u00edt\u00e1ny jako \u201enen\u00e1vistn\u00e9 projevy\u201c. I konstruktivn\u00ed alternativy, jako je ma\u010farsk\u00e1 rodinn\u00e1 politika, kter\u00e1 \u00fasp\u011b\u0161n\u011b zvy\u0161uje porodnost, jsou ignorov\u00e1ny.<\/p>\n<p>V\u00fdsledky hlasov\u00e1n\u00ed hovo\u0159\u00ed samy za sebe: n\u00e1vrh podpo\u0159ily etablovan\u00e9 s\u00edly \u2013 EPP, socialist\u00e9, liber\u00e1lov\u00e9 a zelen\u00ed. Jedin\u00e9 nesouhlasn\u00e9 hlasy p\u0159ich\u00e1zely z konzervativn\u00edch skupin jako Patriots for Europe. Dokonce i extr\u00e9mn\u00ed levice odm\u00edtla souhlasit, i kdy\u017e z jin\u00fdch d\u016fvod\u016f.<\/p>\n<p>Kurz EU v podstat\u011b znamen\u00e1: v\u011bt\u0161\u00ed migraci, ni\u017e\u0161\u00ed mzdy a v\u011bt\u0161\u00ed tlak na soci\u00e1ln\u00ed st\u00e1t. O integraci se t\u00e9m\u011b\u0159 nemluv\u00ed a u\u017e v\u016fbec ne o kulturn\u00edm dopadu. To, co se prod\u00e1v\u00e1 jako ekonomick\u00e1 nutnost, se p\u0159i bli\u017e\u0161\u00edm zkoum\u00e1n\u00ed ukazuje jako riskantn\u00ed rozs\u00e1hl\u00fd experiment s nejist\u00fdm v\u00fdsledkem.<\/p>\n<p><strong>Z\u00e1v\u011br:<\/strong>\u00a0Rozhodnut\u00ed v\u00fdboru Evropsk\u00e9ho parlamentu by mohlo Evropu zm\u011bnit na des\u00edtky let \u2013 a ne z hlediska soci\u00e1ln\u00ed stability nebo ekonomick\u00e9 udr\u017eitelnosti. Varov\u00e1n\u00ed jsou st\u00e1le hlasit\u011bj\u0161\u00ed, ale Brusel se dr\u017e\u00ed kurzu. Ot\u00e1zkou z\u016fst\u00e1v\u00e1: Komu tato cesta skute\u010dn\u011b prosp\u00edv\u00e1? A co se stane s evropskou identitou, bude-li systematicky demontov\u00e1na pod rou\u0161kou \u00fa\u010dinnosti?<\/p>\n<\/div>\n<\/div>\n<div class=\"elementor-element elementor-element-8c57238 quelle dc-has-condition dc-condition-empty elementor-widget elementor-widget-heading\" data-id=\"8c57238\" data-element_type=\"widget\" data-widget_type=\"heading.default\">\n<div class=\"elementor-widget-container\">\n<h3 class=\"elementor-heading-title elementor-size-default\"><span style=\"font-size: 10pt;\"><a href=\"https:\/\/europeanconservative.com\/articles\/news\/eu-parliament-committee-approves-importing-7-million-labor-migrants-by-2030\/\" target=\"_blank\" rel=\"nofollow noopener\">Zdroj<\/a><\/span><\/h3>\n<p>&nbsp;<\/p>\n<\/div>\n<\/div>\n","protected":false},"excerpt":{"rendered":"<p>EU pl\u00e1nuje do roku 2030 dov\u00e9zt 7 milion\u016f migruj\u00edc\u00edch pracovn\u00edk\u016f \u2013 navzdory 12 milion\u016fm nezam\u011bstnan\u00fdch&#8230;<\/p>\n","protected":false},"author":2,"featured_media":45175,"comment_status":"closed","ping_status":"closed","sticky":false,"template":"","format":"standard","meta":[],"categories":[7],"tags":[2204,41,119,8089,1505],"_links":{"self":[{"href":"https:\/\/www.infokuryr.cz\/n\/wp-json\/wp\/v2\/posts\/74866"}],"collection":[{"href":"https:\/\/www.infokuryr.cz\/n\/wp-json\/wp\/v2\/posts"}],"about":[{"href":"https:\/\/www.infokuryr.cz\/n\/wp-json\/wp\/v2\/types\/post"}],"author":[{"embeddable":true,"href":"https:\/\/www.infokuryr.cz\/n\/wp-json\/wp\/v2\/users\/2"}],"replies":[{"embeddable":true,"href":"https:\/\/www.infokuryr.cz\/n\/wp-json\/wp\/v2\/comments?post=74866"}],"version-history":[{"count":0,"href":"https:\/\/www.infokuryr.cz\/n\/wp-json\/wp\/v2\/posts\/74866\/revisions"}],"wp:featuredmedia":[{"embeddable":true,"href":"https:\/\/www.infokuryr.cz\/n\/wp-json\/wp\/v2\/media\/45175"}],"wp:attachment":[{"href":"https:\/\/www.infokuryr.cz\/n\/wp-json\/wp\/v2\/media?parent=74866"}],"wp:term":[{"taxonomy":"category","embeddable":true,"href":"https:\/\/www.infokuryr.cz\/n\/wp-json\/wp\/v2\/categories?post=74866"},{"taxonomy":"post_tag","embeddable":true,"href":"https:\/\/www.infokuryr.cz\/n\/wp-json\/wp\/v2\/tags?post=74866"}],"curies":[{"name":"wp","href":"https:\/\/api.w.org\/{rel}","templated":true}]}}