{"id":74816,"date":"2025-03-24T00:22:33","date_gmt":"2025-03-23T23:22:33","guid":{"rendered":"https:\/\/www.infokuryr.cz\/n\/?p=74816"},"modified":"2025-03-23T16:11:09","modified_gmt":"2025-03-23T15:11:09","slug":"volici-ano-babis-vas-ojebe-jako-merz-nemce","status":"publish","type":"post","link":"https:\/\/www.infokuryr.cz\/n\/2025\/03\/24\/volici-ano-babis-vas-ojebe-jako-merz-nemce\/","title":{"rendered":"Voli\u010di ANO, Babi\u0161 v\u00e1s ojebe jako Merz N\u011bmce"},"content":{"rendered":"<div id=\"fb-root\"><\/div>\n<p><strong>Tento \u010dl\u00e1nek je ur\u010den potenci\u00e1ln\u00edm voli\u010d\u016fm \u201epolitick\u00e9ho hnut\u00ed\u201c ANO, pokud tento web n\u011bjac\u00ed \u010dtou. \u00dapln\u011b si to nemysl\u00edm, ale hod\u00ed se i pro ostatn\u00ed.<\/strong><\/p>\n<p>Jak\u00fd je v\u00fdsledek voleb v N\u011bmecku? Nemysl\u00edm ten ofici\u00e1ln\u00ed vyj\u00e1d\u0159en\u00fd \u010d\u00edsly, ale skute\u010dn\u00fd. N\u011bmci prop\u00e1sli pravd\u011bpodobn\u011b posledn\u00ed \u0161anci zachr\u00e1nit svoji zemi. AfD nez\u00edskala dostate\u010dn\u011b velkou podporu k tomu, aby mohla vl\u00e1dnout a vl\u00e1du sestavuje dvojice zn\u00e1m\u00fdch pachatel\u016f CDU\/CSU veden\u00e1 Friedrichem Merzem. Ten p\u0159ed volbami nal\u00e1kal voli\u010de na konzervativn\u00ed r\u00e9toriku a po volb\u00e1ch, p\u0159esn\u011bji jeden den po volb\u00e1ch zcela zapomn\u011bl na v\u0161echno, co nasliboval. V\u00fdznamn\u00e1 \u010d\u00e1st voli\u010d\u016f to hodila Merzovi, proto\u017ee to necht\u011bla hodit AfD a sou\u010dasn\u011b cht\u011bla zastavit devastuj\u00edc\u00ed levicovou hospod\u00e1\u0159skou politiku.<\/p>\n<p>Jak\u00fd je v\u00fdsledek? Soudruh Merz se zachoval \u00fapln\u011b p\u0159esn\u011b tak, jak p\u0159edpov\u00eddal Challenger\u00a0<a href=\"https:\/\/dfens-cz.com\/heil-merz-heil-scholtz\/\">v tomto \u010dl\u00e1nku<\/a>, a na prvn\u00ed dobrou kapituloval p\u0159ed neomarxistickou zelenou ideologi\u00ed reprezentovanou stejnojmennou stranou. Aktu\u00e1ln\u00ed stav p\u0159\u00edprav klimatick\u00e9ho chalif\u00e1tu je n\u00e1sleduj\u00edc\u00ed: Soudruh Merz chce zru\u0161it dluhovou brzdu, aby mohl natisknout pen\u00edze a utratit n\u011bco mezi 500 mil. EUR a jedn\u00edm bilionem za \u201epodporu r\u016fstu\u201c. N\u011bjak\u00e9 drobn\u00e9, tedy asi 100 mil. EUR, p\u016fjde p\u0159\u00edmo do \u201eklimatick\u00fdch projekt\u016f\u201c za \u00fa\u010delem dosa\u017een\u00ed klimatick\u00e9 neutrality. Zelen\u00ed si nav\u00edc zav\u00e1zali soudruha k tomu, aby p\u0159\u00edslu\u0161n\u00e9 \u201eklimatick\u00e9 z\u00e1vazky\u201c byly zapracov\u00e1ny p\u0159\u00edmo do \u00fastavy. T\u00edm se v podstat\u011b otev\u00edr\u00e1 cesta na n\u00e1vrat N\u011bmecka do st\u0159edov\u011bku. Jakoukoli aktivitu, kter\u00e1 je spojena s emisemi CO2, tedy nap\u0159\u00edklad stavbu d\u00e1lnice nebo elektr\u00e1rny, bude mo\u017en\u00e9 napadnout u n\u011bmeck\u00e9ho \u00fastavn\u00edho soudu. Tato opat\u0159en\u00ed v podstat\u011b znamenaj\u00ed konec N\u011bmecka jako demokratick\u00e9 zem\u011b. Aby se to n\u00e1hodou nezvrtlo, hlasoval o tom je\u0161t\u011b star\u00fd patlament, a proto pot\u0159eboval Merz podporu zelen\u00fdch v\u00fdm\u011bnou za ohromn\u00fd bal\u00edk pen\u011bz z dluh\u016f. Je to v\u00fdsm\u011bch demokracii a volebn\u00edmu pr\u00e1vu. Tohle je tak\u00e9 v\u0161echno mo\u017en\u00e9 jen ne odpov\u011bdn\u00e1 hospod\u00e1\u0159sk\u00e1 politika, na kterou Merz l\u00e1kal voli\u010de.<\/p>\n<p>Jen tak na okraj zakotven\u00ed klimatick\u00e9 politicky v n\u011bmeck\u00e9 \u00fastav\u011b. P\u0159edstavme si t\u0159eba, \u017ee n\u011bjak\u00fd subjekt navrhne a prosad\u00ed z\u00e1kon, kter\u00fd zav\u00e1d\u00ed nap\u0159\u00edklad omezen\u00ed po\u010dtu d\u011bt\u00ed na jednu rodinu. Nebo zav\u00e1d\u00ed syst\u00e9m klimatick\u00e9ho soci\u00e1ln\u00edho kreditu tak, jak jej zkusila ned\u00e1vno\u00a0<a href=\"https:\/\/www.rb.cz\/o-nas\/spolecenska-odpovednost\/uhlikova-stopa\">zav\u00e9st vyjebanka Raifeissen<\/a>. Na b\u00e1zi dne\u0161n\u00ed \u00fastavy by to nen\u00ed mo\u017en\u00e9, proto\u017ee takov\u00fd z\u00e1kon by byl proti\u00fastavn\u00ed a nem\u011bl by \u017e\u00e1dn\u00fd pr\u00e1vn\u00ed \u00fa\u010dinek. Ale pokud bude ochrana klimatu zakotvena v z\u00e1kon\u011b, n\u011bmeck\u00fd \u00fastavn\u00ed soud bude muset v\u017edy pom\u011b\u0159ovat proporcionalitu jednotliv\u00fdch \u00fastavn\u00edch z\u00e1jm\u016f a podobn\u00e9 z\u00e1kony \u010d\u00ednsk\u00e9ho stylu u\u017e nebude mo\u017en\u00e9 rozporovat.<\/p>\n<p><img decoding=\"async\" loading=\"lazy\" class=\"wp-image-73173 alignright\" src=\"http:\/\/www.infokuryr.cz\/n\/wp-content\/uploads\/2025\/02\/demonstrace-08-05-2025-209x300.jpg\" alt=\"\" width=\"510\" height=\"732\" srcset=\"https:\/\/www.infokuryr.cz\/n\/wp-content\/uploads\/2025\/02\/demonstrace-08-05-2025-209x300.jpg 209w, https:\/\/www.infokuryr.cz\/n\/wp-content\/uploads\/2025\/02\/demonstrace-08-05-2025-713x1024.jpg 713w, https:\/\/www.infokuryr.cz\/n\/wp-content\/uploads\/2025\/02\/demonstrace-08-05-2025-768x1103.jpg 768w, https:\/\/www.infokuryr.cz\/n\/wp-content\/uploads\/2025\/02\/demonstrace-08-05-2025.jpg 891w\" sizes=\"(max-width: 510px) 100vw, 510px\" \/><\/p>\n<p>Mo\u017en\u00e1 si \u0159\u00edk\u00e1te, jak je to mo\u017en\u00e9. \u0158ada voli\u010d\u016f podpo\u0159ila Merze pr\u00e1v\u011b z opa\u010dn\u00fdch d\u016fvod\u016f. Strana zelen\u00fdch volby katastrof\u00e1ln\u011b prohr\u00e1la. Merz ji v\u016fbec k sestaven\u00ed koalice nepot\u0159eboval. Kde se tedy bere ta v\u016fle d\u011blat takov\u00e9 stra\u0161n\u00e9 v\u011bci a zlikvidovat vlastn\u00ed zemi v z\u00e1jmu klimatick\u00e9 ideologie? To proto, \u017ee \u201etradi\u010dn\u00ed strany\u201c zaj\u00edmaj\u00ed voli\u010di jen do dne voleb, a hned den n\u00e1sleduj\u00edc\u00ed se op\u011bt odeberou pracovat na realizaci nadn\u00e1rodn\u00edho ideologicko-politick\u00e9ho konceptu, kter\u00fd m\u00e1 v z\u00e1sad\u011b t\u0159i pil\u00ed\u0159e. Dekarbonizaci (deindustrializaci, depopulaci atd.), likvidaci inherentn\u00edch pr\u00e1v (cenzura, syst\u00e9m soci\u00e1ln\u00edho kreditu, dohl\u00ed\u017eitelsk\u00fd st\u00e1t, eutanazie) a nejnov\u011bji agresivn\u00ed zbrojn\u00ed politiku jako p\u0159\u00edpravu na v\u00e1le\u010dn\u00fd konflikt s Ruskem.<\/p>\n<p>Vypad\u00e1 to, \u017ee SPD a CDU\/CSU jsou pl\u00e1n A a pl\u00e1n B stejn\u00e9ho centr\u00e1ln\u00edho nadn\u00e1rodn\u00edho politick\u00e9ho sm\u011bru, kter\u00fd se prosazuje bez ohledu na v\u00fdsledek voleb.<\/p>\n<p>Mnoho lid\u00ed si \u0159\u00edk\u00e1, \u017ee tohle je fat\u00e1ln\u00ed chyba a p\u0159\u00ed\u0161t\u00ed volby vyhraje AfD, proto\u017ee j\u00ed k tomu Merz dal bianco \u0161ek. Bohu\u017eel. P\u0159\u00ed\u0161t\u00ed volby nebudou anebo nebude AfD. Sp\u00ed\u0161e bych si tipnul na druhou variantu. Neomarxist\u00e9 maj\u00ed nyn\u00ed p\u011bt let na to, aby za pomoci rozv\u011bd\u011bk, neziskovek a prost\u0159edky \u0161\u00e9d\u00e9 z\u00f3ny (denunciace, skandalizace, demonetarizace, kriminalizace apod.) poslali AfD, ale i jinou opozici spolehliv\u011b do hrobu. Nakonec se tak\u00e9 m\u016f\u017ee uk\u00e1zat, \u017ee dal\u0161\u00ed volby nebudou, proto\u017ee p\u0159ece \u201e\u010del\u00edme rusk\u00e9 hrozb\u011b\u201c, v\u00e1lka bude u\u017e na podzim tohoto roku (letopo\u010det si dosa\u010fte) a volby nen\u00ed mo\u017en\u00e9 uspo\u0159\u00e1dat, proto\u017ee by pracovn\u00ed s\u00edla nemohla\u00a0<a href=\"https:\/\/www.echo24.cz\/a\/H94f7\/svet-zpravy-uz-to-zacalo-nemci-zadaji-spolecne-veleni-evropske-armady-masovou-vyrobu-zbrani-o-vikendech\">o v\u00edkendu vyr\u00e1b\u011bt zbran\u011b<\/a>\u00a0v tov\u00e1rn\u00e1ch p\u0159evzat\u00fdch od um\u011ble zbankrotovan\u00fdch automobilek atd.<\/p>\n<p>A to sam\u00e9 se stane u n\u00e1s, pokud budou lid\u00e9 volit Babi\u0161e a jeho \u201ehnut\u00ed\u201c ANO. Ano, pan Babi\u0161, univerz\u00e1ln\u00ed spasitel s funkc\u00ed opakov\u00e1n\u00ed, ojebe \u00fapln\u011b stejn\u011b sv\u00e9 voli\u010de. Nen\u00ed d\u016fvod, pro\u010d by se tak nem\u011blo st\u00e1t. Stejn\u00e9 r\u00e1mcov\u00e9 podm\u00ednky, stejn\u00e9 sch\u00e9ma, stejn\u00fd mainstream evropsk\u00e9 politiky.<\/p>\n<p>Vlastn\u011b se to u\u017e jednou stalo. Taky tu m\u00e1me pl\u00e1n A a pl\u00e1n B. Babi\u0161 u\u017e zde jednou vl\u00e1dl. S\u00e1m Babi\u0161 i jeho administrativa byl naprosto vzorn\u00fdm poskokem EU. Bez mekt\u00e1n\u00ed plnil p\u0159\u00edkazy nadn\u00e1rodn\u00ed covidov\u00e9 c\u00edrkve a podpo\u0159il v\u0161echny \u201ev\u011bdeck\u00e9 konsensy\u201c, kter\u00e9 mu libovoln\u00fd \u0161arlat\u00e1n p\u0159inesl. Jeho kolaborace sice nem\u011bla rysy ok\u00e1zal\u00e9ho a dev\u00f3tn\u00edho lokajstv\u00ed, kter\u00e9 p\u0159inesla a\u017e Fialova vl\u00e1da, ale jinak naprosto poslu\u0161n\u011b plnil a splnil v\u0161echna zad\u00e1n\u00ed, kter\u00e1 dostal.<\/p>\n<p>Lidem se Babi\u0161\u016fv socialismus p\u0159ejedl a tak ho nahradili Fialov\u00fdm socialismem. I v tomto p\u0159\u00edpad\u011b si hodn\u011b lid\u00ed \u0159\u00edkalo, \u017ee je to pravicov\u00fd politik, ukon\u010d\u00ed praxi megadeficit\u016f, soci\u00e1ln\u00edch d\u00e1vek pro v\u0161echny a dota\u010dn\u00ed \u0161\u00edlenstv\u00ed. Co se stalo ve skute\u010dnosti, v\u0161ichni dob\u0159e v\u00edme. Fiala v podstat\u011b dokon\u010dil konverzi ekonomiky z tr\u017en\u00ed na dota\u010dn\u00ed, co\u017e byl jednozna\u010dn\u011b Babi\u0161\u016fv projekt, a Fialovy deficity jsou stejn\u00e9 jako Babi\u0161ovy. Hned od prvn\u00edho dne ve funkci hodili volebn\u00ed sliby za hlavu a za\u010dali realizovat to, co Babi\u0161 za\u010dal.<\/p>\n<p>Oba toti\u017e sleduj\u00ed stejn\u00fd koncept, by\u0165 s trochu odli\u0161nou r\u00e9torikou.<\/p>\n<p>I v \u010cR m\u00e1me na\u0161e \u201ezelen\u00e9\u201c, tedy politickou stranu s margin\u00e1ln\u00ed podporou, ale velk\u00fdm vlivem na vl\u00e1du. Proto\u017ee se origin\u00e1ln\u00ed zelenou stranu nepoda\u0159ilo S\u00f6r\u00f6sovi ani na n\u011bkolik\u00e1t\u00fd pokus vybudovat, m\u00e1me zde Pir\u00e1ty. V posledn\u00edch volb\u00e1ch jednocifern\u00fd v\u00fdsledek, \u010dty\u0159i poslaneck\u00e1 k\u0159esla, ale velk\u00fd pod\u00edl na vl\u00e1d\u011b a pir\u00e1tsk\u00e9 metast\u00e1zy na kraj\u00edch, obc\u00edch a ve velk\u00fdch firm\u00e1ch. I zde se tedy pou\u017e\u00edv\u00e1 jako n\u00e1stroj margin\u00e1ln\u00ed a v podstat\u011b neexistuj\u00edc\u00ed politick\u00fd subjekt, kter\u00fd nem\u00e1 \u017e\u00e1dnou \u010dlenskou z\u00e1kladnu a funguje jen jako otev\u00edr\u00e1k na Overtonovo okno.<\/p>\n<p>Nyn\u00ed to vypad\u00e1, na b\u00e1zi aktu\u00e1ln\u00edch pr\u016fzkum\u016f, \u017ee ob\u010dan\u00e9 maj\u00ed dost Fialy, jeho lokajstv\u00ed, deficit\u016f, dota\u010dn\u00edho \u0161\u00edlenstv\u00ed, rozkr\u00e1d\u00e1n\u00ed a podobn\u011b, a s\u00e1hnou po osv\u011bd\u010den\u00e9m spasiteli, proto\u017ee si naivn\u011b mysl\u00ed, \u017ee to t\u00edm naprav\u00ed. Ob\u010dan\u00e9 si mysl\u00ed, zcela nespr\u00e1vn\u011b, \u017ee nyn\u00ed podpo\u0159\u00ed \u201eopozi\u010dn\u00edho\u201c Babi\u0161e a on to d\u00e1 zase v\u0161echno do cajku. P\u0159itom ale u\u017e v\u011bd\u00ed z minulosti, \u017ee je to stejn\u00fd proevropsk\u00fd klaun jako Fiala, stejn\u011b jako on bude pokra\u010dovat v devastaci zem\u011b, a o jeho \u00fact\u011b k inherentn\u00edm pr\u00e1v\u016fm jsme se u\u017e m\u011bli mo\u017enost p\u0159esv\u011bd\u010dit b\u011bhem covid games.<\/p>\n<p>To je norm\u00e1ln\u00ed idiocie. Je to jak sledovat boura\u010dku v p\u0159\u00edm\u00e9m p\u0159enosu, a\u017e na ten detail, \u017ee nabourat se chyst\u00e1 cel\u00e1 zem\u011b.<\/p>\n<p>Nezd\u00e1 se v\u00e1m t\u011bch podobnost\u00ed n\u011bjak moc? Nevypad\u00e1 to n\u011bjak hrozn\u011b moc stejn\u011b?<\/p>\n<p>Pl\u00e1n A, pl\u00e1n B, pl\u00e1n A\u2026 vid\u00edte v tom n\u011bjak\u00fd smysl? Schv\u00e1ln\u011b, kdo je tak blb\u00fd, aby si dvakr\u00e1t sedl na rozp\u00e1len\u00e1 kamna? Ano, aktu\u00e1ln\u011b asi 30% aktivn\u00edho elektor\u00e1tu, proto\u017ee podl\u00e9haj\u00ed nejr\u016fzn\u011bj\u0161\u00edm chim\u00e9r\u00e1m, agresivn\u00edmu marketingu, pe\u010dliv\u011b p\u0159ipraven\u00fdm narativ\u016fm a soci\u00e1ln\u00ed korupci v podob\u011b d\u00e1vek, dotac\u00ed a gigantick\u00fdch odm\u011bn pro st\u00e1tn\u00ed poskoky.<\/p>\n<p>Kdy\u017e se to tak vezme, tohle v\u0161echno se st\u0159\u00edd\u00e1n\u00edm pl\u00e1nu A a pl\u00e1nu B, kter\u00e9 se nakonec uk\u00e1\u017e\u00ed docela stejn\u00e9, je docela promy\u0161len\u00fd koncept. Nen\u00ed v\u0161ak moc origin\u00e1ln\u00ed. Je to v podstat\u011b prost\u00e1 redundance, kter\u00e1 se pou\u017e\u00edv\u00e1 v technice u\u017e dlouho. Taky by se to dalo nazvat jako s\u00e9riov\u00fd bipartismus, kdy se dv\u011b zd\u00e1nliv\u011b opozi\u010dn\u00ed strany st\u0159\u00eddaj\u00ed u moci, kterou vykon\u00e1vaj\u00ed ve shod\u011b. Je s podivem, \u017ee se takov\u00e9 mno\u017estv\u00ed ob\u010dan\u016f nech\u00e1 t\u00edmto trikem oblbnout.<\/p>\n<p>Nadch\u00e1zej\u00edc\u00ed volby nebudou o volb\u011b konkr\u00e9tn\u00edho subjektu. Tyto volby budou o zru\u0161en\u00ed kontinuity. Pokud ve\u0159ejnost najde odvahu p\u0159eru\u0161it s\u00e9riov\u00fd bipartismus, nemus\u00edme dopadnout jako N\u011bmecko. V opa\u010dn\u00e9m p\u0159\u00edpad\u011b B\u016fh s n\u00e1mi.<\/p>\n<p><span style=\"font-size: 10pt;\"><a href=\"https:\/\/dfens-cz.com\/volici-ano-babis-vas-ojebe-jako-merz-nemce\/\">D-FENS<\/a><\/span><\/p>\n<p>&nbsp;<\/p>\n","protected":false},"excerpt":{"rendered":"<p>Tento \u010dl\u00e1nek je ur\u010den potenci\u00e1ln\u00edm voli\u010d\u016fm \u201epolitick\u00e9ho hnut\u00ed\u201c ANO, pokud tento web n\u011bjac\u00ed \u010dtou. \u00dapln\u011b&#8230;<\/p>\n","protected":false},"author":2,"featured_media":4380,"comment_status":"closed","ping_status":"closed","sticky":false,"template":"","format":"standard","meta":[],"categories":[6],"tags":[159,126,1503,27],"_links":{"self":[{"href":"https:\/\/www.infokuryr.cz\/n\/wp-json\/wp\/v2\/posts\/74816"}],"collection":[{"href":"https:\/\/www.infokuryr.cz\/n\/wp-json\/wp\/v2\/posts"}],"about":[{"href":"https:\/\/www.infokuryr.cz\/n\/wp-json\/wp\/v2\/types\/post"}],"author":[{"embeddable":true,"href":"https:\/\/www.infokuryr.cz\/n\/wp-json\/wp\/v2\/users\/2"}],"replies":[{"embeddable":true,"href":"https:\/\/www.infokuryr.cz\/n\/wp-json\/wp\/v2\/comments?post=74816"}],"version-history":[{"count":1,"href":"https:\/\/www.infokuryr.cz\/n\/wp-json\/wp\/v2\/posts\/74816\/revisions"}],"predecessor-version":[{"id":74817,"href":"https:\/\/www.infokuryr.cz\/n\/wp-json\/wp\/v2\/posts\/74816\/revisions\/74817"}],"wp:featuredmedia":[{"embeddable":true,"href":"https:\/\/www.infokuryr.cz\/n\/wp-json\/wp\/v2\/media\/4380"}],"wp:attachment":[{"href":"https:\/\/www.infokuryr.cz\/n\/wp-json\/wp\/v2\/media?parent=74816"}],"wp:term":[{"taxonomy":"category","embeddable":true,"href":"https:\/\/www.infokuryr.cz\/n\/wp-json\/wp\/v2\/categories?post=74816"},{"taxonomy":"post_tag","embeddable":true,"href":"https:\/\/www.infokuryr.cz\/n\/wp-json\/wp\/v2\/tags?post=74816"}],"curies":[{"name":"wp","href":"https:\/\/api.w.org\/{rel}","templated":true}]}}