{"id":74813,"date":"2025-03-24T00:19:04","date_gmt":"2025-03-23T23:19:04","guid":{"rendered":"https:\/\/www.infokuryr.cz\/n\/?p=74813"},"modified":"2025-03-23T16:12:10","modified_gmt":"2025-03-23T15:12:10","slug":"prepisuji-nam-nase-dejiny-zastavme-je","status":"publish","type":"post","link":"https:\/\/www.infokuryr.cz\/n\/2025\/03\/24\/prepisuji-nam-nase-dejiny-zastavme-je\/","title":{"rendered":"P\u0159episuj\u00ed n\u00e1m na\u0161e d\u011bjiny! Zastavme je!"},"content":{"rendered":"<div id=\"fb-root\"><\/div>\n<p><strong>Proces p\u0159episov\u00e1n\u00ed na\u0161ich d\u011bjin pokra\u010duje a nab\u00fdv\u00e1 na intenzit\u011b. Ohro\u017euje ji\u017e na\u0161i st\u00e1tnost i existenci \u010desk\u00e9ho n\u00e1roda. Je proto na\u0161\u00ed povinnost\u00ed jeho nepravd\u00e1m a l\u017e\u00edm \u010delit &#8211; \u0159\u00edkat a ps\u00e1t pravdu. Budeme \u00fasp\u011b\u0161n\u00ed jen tehdy, kdy\u017e\u00a0 spole\u010dn\u011b budeme tak \u010dinit.\u00a0<\/strong><\/p>\n<h3><strong>P\u0159ipom\u00ednejme si znovu a znovu\u00a0 slova na\u0161eho spisovatele Milana Kundery o likvidaci n\u00e1rod\u016f<\/strong><\/h3>\n<p><strong>&#8222;.. Zni\u010d\u00ed se jejich knihy, jejich vzd\u011blanost, jejich historie. A n\u011bkdo jin\u00fd jim nap\u00ed\u0161e jin\u00e9 knihy, d\u00e1 jinou vzd\u011blanost, vymysl\u00ed jinou historii .. ..Nedovolme to. Bez odkazu p\u0159edk\u016f a bez vlastn\u00ed sebe\u00facty bychom p\u0159estali existovat. Nechceme se p\u0159ece prom\u011bnit v nev\u011bdom\u00fd, neodpov\u011bdn\u00fd, manipulovateln\u00fd dav. Nedopus\u0165me to ! A n\u00e1rodn\u00ed obrozen\u00ed je n\u00e1m p\u0159\u00edkladem, vzorem, oporou, povzbuzen\u00edm a nad\u011bj\u00ed. Usilujme o jeho o\u017eiven\u00ed a obnovu.&#8220;<\/strong><\/p>\n<p>Jsme v\u00a0obdob\u00ed, kdy doch\u00e1z\u00ed k\u00a0ji\u017e pokro\u010dil\u00e9mu p\u0159episov\u00e1n\u00ed na\u0161ich d\u011bjin. M\u00edsto abychom po N\u011bmecku po\u017eadovali zaplacen\u00ed reparac\u00ed ve v\u00fd\u0161i bilion\u016f korun, je\u017e zakotvuje pro n\u00e1s zejm\u00e9na Pa\u0159\u00ed\u017esk\u00e1 repara\u010dn\u00ed smlouva, tak ji\u017e cel\u00e1 desetilet\u00ed se \u201esmi\u0159ujeme\u201c s\u00a0tzv. sudetsk\u00fdmi N\u011bmci a navazujeme nikoliv dobr\u00e9 &#8222;sousedsk\u00e9 vztahy&#8220; s\u00a0N\u011bmeckem, ale vztahy nerovnopr\u00e1vn\u00e9. Tyto a obdobn\u00e9 procesy, v\u00a0jejich\u017e pr\u016fb\u011bhu v\u00a0podstat\u011b doch\u00e1z\u00ed k vid\u011bn\u00ed agresivn\u00edho N\u011bmecka, zvl\u00e1\u0161t\u011b pak &#8222;sudet\u016f&#8220; jako\u00a0ob\u011bt\u00ed a n\u00e1s, \u010cech\u016f, skute\u010dn\u00e9 ob\u011bt\u00ed agrese, jako\u00a0agresora, prob\u00edhaj\u00ed intenzivn\u011b od po\u010d\u00e1tku 90. let 20. stolet\u00ed. Skute\u010dn\u011b jsme se vzdali bez boje v roce 1938 na\u0161eho pohrani\u010d\u00ed? Ne, nen\u00ed to pravda! P\u0159e\u010dt\u011bte si pozorn\u011b vzpom\u00ednky p\u0159\u00edslu\u0161n\u00edk\u016f SOS, kte\u0159\u00ed republiku br\u00e1nili, krv\u00e1celi a um\u00edrali pro ni v boj\u00edch proti ordner\u016fm, freikorps\u00e1k\u016fm zejm\u00e9na v letech 1938-39. Jejich hrdinstv\u00ed, na kter\u00e9 m\u00e1me zapomenout, n\u00e1m p\u0159ipom\u00ednaj\u00ed v\u0161ak i jejich nemnoh\u00e9 pomn\u00ed\u010dky. \u0160i\u0159me pravdu o t\u00e9to dob\u011b, j\u00ed\u017e n\u00e1m sd\u011bluj\u00ed na\u0161i hrdinov\u00e9 ve sv\u00fdch vzpom\u00ednk\u00e1ch, jejich\u017e prvn\u00ed \u010d\u00e1st v\u00e1m p\u0159in\u00e1\u0161\u00edme.<\/p>\n<p>Nezapom\u00ednejme v\u0161ak, \u017ee v leto\u0161n\u00edm roce budou parlamentn\u00ed volby. Hlas v nich budou m\u00edt i na\u0161i krajan\u00e9 ze zahrani\u010d\u00ed. Za na\u0161e krajany v\u0161ak sou\u010dasn\u00e9 proradn\u00e9 tzv. elity pova\u017euj\u00ed t\u00e9\u017e &#8222;sudetsk\u00e9 N\u011bmce&#8220;. Ofici\u00e1ln\u011b je tak oslovuj\u00ed i n\u011bkte\u0159\u00ed minist\u0159i sou\u010dasn\u00e9 vl\u00e1dy, n\u011bkte\u0159\u00ed poslanci, sen\u00e1to\u0159i a dal\u0161\u00ed.\u00a0<strong>Jsou pro n\u011b na\u0161imi krajany.<\/strong>\u00a0Budou s n\u00e1mi tedy volit i potomci znacizovan\u00fdch henleinovc\u016f, kte\u0159\u00ed se pod\u00edleli na teroru proti na\u0161im lidem v pohrani\u010d\u00ed a pozd\u011bji i v protektor\u00e1tu?\u00a0 Nev\u00edme, ale m\u016f\u017eeme p\u0159edpokl\u00e1dat, \u017ee ur\u010dit\u00e1 jedn\u00e1n\u00ed na\u0161ich vl\u00e1dn\u00edch politik\u016f s p\u0159edstaviteli tzv. sudeton\u011bmeck\u00e9ho landsman\u0161aftu, kte\u0159\u00ed otev\u0159en\u011b mluv\u00ed o sv\u00e9m tzv. pr\u00e1vu na vlast, prob\u00edhaj\u00ed v z\u00e1kulis\u00ed.\u00a0<strong>Nesm\u00edme dopustit, aby potomci t\u011bch, kte\u0159\u00ed se aktivn\u011b pod\u00edleli na vyvra\u017e\u010fov\u00e1n\u00ed na\u0161ich lid\u00ed s c\u00edlem likvidovat \u010desk\u00fd n\u00e1rod, na jejich\u017e rukou je krev na\u0161ich d\u011bd\u016f, otc\u016f spolurozhodovali s n\u00e1mi o na\u0161\u00ed budoucnosti.<\/strong><\/p>\n<p><a href=\"https:\/\/ceske-narodni-listy.estranky.cz\/clanky\/prispevky\/prepisuji-nam-nase-dejiny--zastavme-tzv.-sudetske-nemce-i-nase-germanofily-.html\">Dr. Og\u0148an Tule\u0161kov<\/a><\/p>\n<p><img decoding=\"async\" loading=\"lazy\" class=\"wp-image-73173 aligncenter\" src=\"http:\/\/www.infokuryr.cz\/n\/wp-content\/uploads\/2025\/02\/demonstrace-08-05-2025-209x300.jpg\" alt=\"\" width=\"540\" height=\"775\" srcset=\"https:\/\/www.infokuryr.cz\/n\/wp-content\/uploads\/2025\/02\/demonstrace-08-05-2025-209x300.jpg 209w, https:\/\/www.infokuryr.cz\/n\/wp-content\/uploads\/2025\/02\/demonstrace-08-05-2025-713x1024.jpg 713w, https:\/\/www.infokuryr.cz\/n\/wp-content\/uploads\/2025\/02\/demonstrace-08-05-2025-768x1103.jpg 768w, https:\/\/www.infokuryr.cz\/n\/wp-content\/uploads\/2025\/02\/demonstrace-08-05-2025.jpg 891w\" sizes=\"(max-width: 540px) 100vw, 540px\" \/><\/p>\n<p>&nbsp;<\/p>\n","protected":false},"excerpt":{"rendered":"<p>Proces p\u0159episov\u00e1n\u00ed na\u0161ich d\u011bjin pokra\u010duje a nab\u00fdv\u00e1 na intenzit\u011b. Ohro\u017euje ji\u017e na\u0161i st\u00e1tnost i existenci&#8230;<\/p>\n","protected":false},"author":2,"featured_media":74814,"comment_status":"closed","ping_status":"closed","sticky":false,"template":"","format":"standard","meta":[],"categories":[6],"tags":[398,429,112],"_links":{"self":[{"href":"https:\/\/www.infokuryr.cz\/n\/wp-json\/wp\/v2\/posts\/74813"}],"collection":[{"href":"https:\/\/www.infokuryr.cz\/n\/wp-json\/wp\/v2\/posts"}],"about":[{"href":"https:\/\/www.infokuryr.cz\/n\/wp-json\/wp\/v2\/types\/post"}],"author":[{"embeddable":true,"href":"https:\/\/www.infokuryr.cz\/n\/wp-json\/wp\/v2\/users\/2"}],"replies":[{"embeddable":true,"href":"https:\/\/www.infokuryr.cz\/n\/wp-json\/wp\/v2\/comments?post=74813"}],"version-history":[{"count":0,"href":"https:\/\/www.infokuryr.cz\/n\/wp-json\/wp\/v2\/posts\/74813\/revisions"}],"wp:featuredmedia":[{"embeddable":true,"href":"https:\/\/www.infokuryr.cz\/n\/wp-json\/wp\/v2\/media\/74814"}],"wp:attachment":[{"href":"https:\/\/www.infokuryr.cz\/n\/wp-json\/wp\/v2\/media?parent=74813"}],"wp:term":[{"taxonomy":"category","embeddable":true,"href":"https:\/\/www.infokuryr.cz\/n\/wp-json\/wp\/v2\/categories?post=74813"},{"taxonomy":"post_tag","embeddable":true,"href":"https:\/\/www.infokuryr.cz\/n\/wp-json\/wp\/v2\/tags?post=74813"}],"curies":[{"name":"wp","href":"https:\/\/api.w.org\/{rel}","templated":true}]}}