{"id":74811,"date":"2025-03-24T00:16:14","date_gmt":"2025-03-23T23:16:14","guid":{"rendered":"https:\/\/www.infokuryr.cz\/n\/?p=74811"},"modified":"2025-03-23T16:12:45","modified_gmt":"2025-03-23T15:12:45","slug":"zdenek-koudelka-fiala-na-univerzite-sklidil-bekovu-setbu","status":"publish","type":"post","link":"https:\/\/www.infokuryr.cz\/n\/2025\/03\/24\/zdenek-koudelka-fiala-na-univerzite-sklidil-bekovu-setbu\/","title":{"rendered":"Zden\u011bk Koudelka: Fiala na univerzit\u011b sklidil Bekovu setbu"},"content":{"rendered":"<div id=\"fb-root\"><\/div>\n<p><strong>Premi\u00e9r Petr Fiala 17.\u00a03.\u00a02025 nav\u0161t\u00edvil Fakultu soci\u00e1ln\u00edch studi\u00ed Masarykovy univerzity a\u00a0cht\u011bl besedovat se studenty. Jejich \u010d\u00e1st diskusi p\u0159eru\u0161ila.<\/strong><\/p>\n<p>Protestuj\u00edc\u00ed studenti akci vn\u00edmali jako p\u0159edvolen\u00ed kampa\u0148 ODS, kdy\u017e Fiala vede kandid\u00e1tku koalice Spolu (ODS, lidovci, TOP 09) do poslaneck\u00fdch voleb na podzim 2025. Fiala byl v\u00a0roce 2004 d\u011bkanem Fakulty soci\u00e1ln\u00edch studi\u00ed, ne\u017e byl jmenov\u00e1n rektorem Masarykovy univerzity (2004-11). P\u0159i pokusu o znemo\u017en\u011bn\u00ed vystoupen\u00ed premi\u00e9ra jsem si vzpomn\u011bl na znemo\u017en\u011bn\u00ed p\u0159edn\u00e1\u0161ky prezidenta republiky na Masarykov\u011b univerzit\u011b v\u00a0roce 2013.<\/p>\n<p>Tehdej\u0161\u00ed rektor univerzity (2011-19) a pozd\u011bj\u0161\u00ed ministr \u0161kolstv\u00ed (2023-25) Mikul\u00e1\u0161 Bek se vyslovil proti p\u0159edn\u00e1\u0161ce prezidenta Milo\u0161e Zemana na Ekonomicko-spr\u00e1vn\u00ed fakult\u011b Masarykovy univerzity p\u0159ed poslaneck\u00fdmi volbami 2013, kdy\u017e na jin\u00fdch vysok\u00fdch \u0161kol\u00e1ch prezident v t\u00e9 dob\u011b vystoupil, p\u0159i\u010dem\u017e v\u00a0poslaneck\u00fdch volb\u00e1ch v\u00a0\u0159\u00edjnu 2013 pochopiteln\u011b prezident nekandidoval. Bylo to bezprecedentn\u00ed odm\u00edtnut\u00ed p\u0159edn\u00e1\u0161ky hlavy st\u00e1tu na p\u016fd\u011b st\u00e1tem z\u0159izovan\u00e9 univerzity. Skute\u010dn\u00fdm d\u016fvodem byly odli\u0161n\u00e9 politick\u00e9 n\u00e1zory prezidenta a rektora. Prezident Milo\u0161 Zeman nakonec vystoupil na Fakult\u011b podnikatelsk\u00e9 Vysok\u00e9ho u\u010den\u00ed technick\u00e9ho v Brn\u011b, ani\u017e byla nam\u00edt\u00e1na politick\u00e1 nekorektnost t\u00e9to vysok\u00e9 \u0161koly a dal\u0161\u00edch vysok\u00fdch \u0161kol, kde prezident Milo\u0161 Zeman vystoupil. \u0160lo o unik\u00e1tn\u00ed v\u011bc, kdy byl projev znemo\u017en\u011bn funkcion\u00e1\u0159em, kter\u00fd je s\u00e1m do funkce jmenov\u00e1n prezidentem republiky. I kdy\u017e v konkr\u00e9tn\u00edm p\u0159\u00edpad\u011b byl jmenov\u00e1n Mikul\u00e1\u0161 Bek p\u0159edchoz\u00edm prezidentem V\u00e1clavem Klausem.<\/p>\n<p>Milo\u0161 Zeman Bekovo jedn\u00e1n\u00ed zhodnotil jako ur\u00e1\u017eku hlavy st\u00e1tu, proto jej ji\u017e nezval na oslavu st\u00e1tn\u00edho sv\u00e1tku. To, \u017ee znemo\u017en\u011bn\u00ed p\u0159edn\u00e1\u0161ky hlavy st\u00e1tu na ve\u0159ejn\u00e9 univerzit\u011b je ur\u00e1\u017eliv\u00fdm jedn\u00e1n\u00edm v\u016f\u010di hlav\u011b st\u00e1tu, je z\u0159ejm\u00e9. Nav\u00edc je sporn\u00e9, pro\u010d by m\u011bli b\u00fdt studenti izolov\u00e1ni na univerzit\u00e1ch od politiky. V\u017edy\u0165 u zrodu sou\u010dasn\u00e9ho demokratick\u00e9ho re\u017eimu v\u00a0listopadu 1989 bylo to, \u017ee studenti vstoupili do politiky, a pr\u00e1v\u011b tehdej\u0161\u00ed komunisti\u010dt\u00ed rekto\u0159i a jin\u00ed akademi\u010dt\u00ed funkcion\u00e1\u0159i je nab\u00e1dali, \u017ee se nemaj\u00ed zaj\u00edmat o politiku, ale jen o studium. Demokracie se op\u00edr\u00e1 o aktivn\u00ed ob\u010danstv\u00ed. Toto aktivn\u00ed ob\u010danstv\u00ed je v\u00a0lidech vytv\u00e1\u0159eno i ve \u0161kol\u00e1ch. K\u00a0tomu slou\u017e\u00ed i p\u0159edn\u00e1\u0161ky hlavy st\u00e1tu i p\u0159edsedy vl\u00e1dy.<\/p>\n<p>Mikul\u00e1\u0161 Bek zavedl mo\u017enost znemo\u017e\u0148ov\u00e1n\u00ed vystoupen\u00ed nejvy\u0161\u0161\u00edch \u00fastavn\u00edch \u010dinitel\u016f. To nakonec dopadlo na p\u0159edsedu vl\u00e1dy Fialu, jemu\u017e Bek d\u011bl\u00e1 ministra. Pova\u017euji za norm\u00e1ln\u00ed, \u017ee univerzity maj\u00ed b\u00fdt centrem svobodn\u00e9ho besedov\u00e1n\u00ed. \u017de svobodu vystoupen\u00ed na nich m\u00e1 m\u00edt prezident republiky i p\u0159edseda vl\u00e1dy a \u017ee je norm\u00e1ln\u00ed politick\u00e1 r\u016fznost student\u016f i u\u010ditel\u016f, kter\u00e1 nem\u00e1 v\u00e9st k\u00a0cenzurov\u00e1n\u00ed a uml\u010dov\u00e1n\u00ed.<\/p>\n<p><a href=\"https:\/\/web.litterate.cz\/fiala-na-univerzite-sklidil-bekovu-setbu\/\">Zden\u011bk Koudelka<\/a><\/p>\n<p><img decoding=\"async\" loading=\"lazy\" class=\"alignnone size-full wp-image-6154\" src=\"http:\/\/www.infokuryr.cz\/n\/wp-content\/uploads\/2021\/11\/zdenek-koudelka.jpeg\" alt=\"\" width=\"280\" height=\"210\" \/><\/p>\n<p><img decoding=\"async\" loading=\"lazy\" class=\"wp-image-73173 aligncenter\" src=\"http:\/\/www.infokuryr.cz\/n\/wp-content\/uploads\/2025\/02\/demonstrace-08-05-2025-209x300.jpg\" alt=\"\" width=\"551\" height=\"791\" srcset=\"https:\/\/www.infokuryr.cz\/n\/wp-content\/uploads\/2025\/02\/demonstrace-08-05-2025-209x300.jpg 209w, https:\/\/www.infokuryr.cz\/n\/wp-content\/uploads\/2025\/02\/demonstrace-08-05-2025-713x1024.jpg 713w, https:\/\/www.infokuryr.cz\/n\/wp-content\/uploads\/2025\/02\/demonstrace-08-05-2025-768x1103.jpg 768w, https:\/\/www.infokuryr.cz\/n\/wp-content\/uploads\/2025\/02\/demonstrace-08-05-2025.jpg 891w\" sizes=\"(max-width: 551px) 100vw, 551px\" \/><\/p>\n<p>&nbsp;<\/p>\n","protected":false},"excerpt":{"rendered":"<p>Premi\u00e9r Petr Fiala 17.\u00a03.\u00a02025 nav\u0161t\u00edvil Fakultu soci\u00e1ln\u00edch studi\u00ed Masarykovy univerzity a\u00a0cht\u011bl besedovat se studenty. Jejich&#8230;<\/p>\n","protected":false},"author":2,"featured_media":74812,"comment_status":"closed","ping_status":"closed","sticky":false,"template":"","format":"standard","meta":[],"categories":[6],"tags":[535,815,293,442],"_links":{"self":[{"href":"https:\/\/www.infokuryr.cz\/n\/wp-json\/wp\/v2\/posts\/74811"}],"collection":[{"href":"https:\/\/www.infokuryr.cz\/n\/wp-json\/wp\/v2\/posts"}],"about":[{"href":"https:\/\/www.infokuryr.cz\/n\/wp-json\/wp\/v2\/types\/post"}],"author":[{"embeddable":true,"href":"https:\/\/www.infokuryr.cz\/n\/wp-json\/wp\/v2\/users\/2"}],"replies":[{"embeddable":true,"href":"https:\/\/www.infokuryr.cz\/n\/wp-json\/wp\/v2\/comments?post=74811"}],"version-history":[{"count":0,"href":"https:\/\/www.infokuryr.cz\/n\/wp-json\/wp\/v2\/posts\/74811\/revisions"}],"wp:featuredmedia":[{"embeddable":true,"href":"https:\/\/www.infokuryr.cz\/n\/wp-json\/wp\/v2\/media\/74812"}],"wp:attachment":[{"href":"https:\/\/www.infokuryr.cz\/n\/wp-json\/wp\/v2\/media?parent=74811"}],"wp:term":[{"taxonomy":"category","embeddable":true,"href":"https:\/\/www.infokuryr.cz\/n\/wp-json\/wp\/v2\/categories?post=74811"},{"taxonomy":"post_tag","embeddable":true,"href":"https:\/\/www.infokuryr.cz\/n\/wp-json\/wp\/v2\/tags?post=74811"}],"curies":[{"name":"wp","href":"https:\/\/api.w.org\/{rel}","templated":true}]}}