{"id":74803,"date":"2025-03-24T00:23:29","date_gmt":"2025-03-23T23:23:29","guid":{"rendered":"https:\/\/www.infokuryr.cz\/n\/?p=74803"},"modified":"2025-03-23T15:35:36","modified_gmt":"2025-03-23T14:35:36","slug":"turecko-uveznilo-hlavniho-volebniho-souper-erdogana","status":"publish","type":"post","link":"https:\/\/www.infokuryr.cz\/n\/2025\/03\/24\/turecko-uveznilo-hlavniho-volebniho-souper-erdogana\/","title":{"rendered":"Turecko uv\u011bznilo hlavn\u00edho volebn\u00edho soupe\u0159 Erdogana"},"content":{"rendered":"<div id=\"fb-root\"><\/div>\n<p><strong><span>Tureck\u00fd soud 23. b\u0159ezna uv\u011bznil hlavn\u00edho politick\u00e9ho rivala prezidenta Recepa Tayyipa Erdogana, istanbulsk\u00e9ho starostu Ekrema Imamoglua, kter\u00fd \u010dek\u00e1 na soudn\u00ed proces.<\/span><\/strong><\/p>\n<p><span>Soud uvedl, \u017ee Imamoglu a nejm\u00e9n\u011b 20 dal\u0161\u00edch byli uv\u011bzn\u011bni v r\u00e1mci vy\u0161et\u0159ov\u00e1n\u00ed korupce. Samostatn\u00fd rozsudek o vy\u0161et\u0159ov\u00e1n\u00ed souvisej\u00edc\u00edm s terorismem dosud nebyl vyd\u00e1n.<\/span><\/p>\n<p><span>Imamoglu, kter\u00fd loni s drtivou p\u0159evahou z\u00edskal starostu nejlidnat\u011bj\u0161\u00edho tureck\u00e9ho m\u011bsta, obvin\u011bn\u00ed odm\u00edtl a ozna\u010dil je za \u201enep\u0159edstaviteln\u00e1 obvin\u011bn\u00ed a pomluvy\u201c.<\/span><\/p>\n<p><em>&#8222;Stoj\u00edm vzp\u0159\u00edmen\u011b, nikdy se nesklon\u00edm,&#8220; \u0159ekl Imamoglu na soci\u00e1ln\u00ed s\u00edti X a vyzval p\u0159\u00edznivce, aby neztr\u00e1celi nad\u011bji. &#8222;Tento pu\u010d, tuto temnou skvrnu na na\u0161\u00ed demokracii spole\u010dn\u011b strhneme.&#8220;<\/em><\/p>\n<p><span>Imamoglu byl zat\u010den 19. b\u0159ezna p\u0159edt\u00edm, ne\u017e se o\u010dek\u00e1valo, \u017ee bude nominov\u00e1n jako hlavn\u00ed kandid\u00e1t Republik\u00e1nsk\u00e9 lidov\u00e9 strany (CHP) na prezidenta. Jeho zat\u010den\u00ed vyvolalo vlnu masov\u00fdch protest\u016f a st\u0159et\u016f s polici\u00ed po cel\u00e9 zemi. Stovky lid\u00ed byly zat\u010deny, n\u011bkte\u0159\u00ed jen kv\u016fli p\u0159\u00edsp\u011bvk\u016fm na soci\u00e1ln\u00edch s\u00edt\u00edch.<\/span><\/p>\n<p><span>Kdy\u017e bylo p\u0159ij\u00edm\u00e1no rozhodnut\u00ed o uv\u011bzn\u011bn\u00ed Imamoglua, \u010dlenov\u00e9 CHP, hlavn\u00ed opozice proti Erdoganov\u011b vl\u00e1dnouc\u00ed alianci, se p\u0159ipravovali pomazat jej jako stranick\u00e9ho kandid\u00e1ta pro p\u0159\u00ed\u0161t\u00ed prezidentsk\u00e9 volby, kter\u00e9 jsou napl\u00e1nov\u00e1ny do roku 2028.<\/span><\/p>\n<p><span>Stovky lid\u00ed se hrnuly do volebn\u00edch m\u00edstnost\u00ed k volb\u00e1m, aby vyj\u00e1d\u0159ily podporu po rozhodnut\u00ed soudu pot\u00e9, co p\u0159es noc ve velk\u00fdch tureck\u00fdch m\u011bstech pokra\u010dovaly protesty.<\/span><\/p>\n<p><iframe loading=\"lazy\" src=\"https:\/\/s5.cdnstatic.space\/wp-content\/uploads\/2025\/03\/video_2025-03-23_17-06-43.mp4\" width=\"600\" height=\"338\" data-mce-fragment=\"1\"><\/iframe><\/p>\n<p><iframe loading=\"lazy\" src=\"https:\/\/s5.cdnstatic.space\/wp-content\/uploads\/2025\/03\/video_2025-03-23_17-07-49.mp4\" width=\"600\" height=\"338\" data-mce-fragment=\"1\"><\/iframe><\/p>\n<p><span>Tureck\u00e1 ekonomika utrp\u011bla v\u00e1\u017en\u00fd z\u00e1sah po zat\u010den\u00ed Imamoglu, p\u0159i\u010dem\u017e vl\u00e1da \u00fadajn\u011b utratila t\u00e9m\u011b\u0159 12 miliard dolar\u016f na obranu liry.<\/span><\/p>\n<p><span>Vl\u00e1da, kter\u00e1 pop\u0159ela, \u017ee by vy\u0161et\u0159ov\u00e1n\u00ed proti Imamogluovi bylo politicky motivovan\u00e9, varovala v\u016fdce v\u016fdce p\u0159ed protesty, zejm\u00e9na s ohledem na celost\u00e1tn\u00ed z\u00e1kaz pouli\u010dn\u00edch shrom\u00e1\u017ed\u011bn\u00ed, kter\u00fd byl 22. b\u0159ezna prodlou\u017een o dal\u0161\u00ed \u010dty\u0159i dny.<\/span><\/p>\n<p><span>Turecko za\u017eilo n\u011bkolik podobn\u00fdch ud\u00e1lost\u00ed od doby, kdy Erdogan a jeho Strana spravedlnosti a rozvoje poprv\u00e9 p\u0159evzali moc. Zhor\u0161uj\u00edc\u00ed se ekonomick\u00e1 krize by v\u0161ak mohla v\u00e9st k v\u00e1\u017en\u011bj\u0161\u00edmu v\u00fdvoji, a to i p\u0159ed nadch\u00e1zej\u00edc\u00edmi prezidentsk\u00fdmi volbami.<\/span><\/p>\n<p><img decoding=\"async\" loading=\"lazy\" class=\"alignnone size-full wp-image-71983\" src=\"http:\/\/www.infokuryr.cz\/n\/wp-content\/uploads\/2025\/02\/aaa.jpg\" alt=\"\" width=\"89\" height=\"23\" \/><\/p>\n<p>&nbsp;<\/p>\n","protected":false},"excerpt":{"rendered":"<p>Tureck\u00fd soud 23. b\u0159ezna uv\u011bznil hlavn\u00edho politick\u00e9ho rivala prezidenta Recepa Tayyipa Erdogana, istanbulsk\u00e9ho starostu Ekrema&#8230;<\/p>\n","protected":false},"author":2,"featured_media":74804,"comment_status":"closed","ping_status":"closed","sticky":false,"template":"","format":"standard","meta":[],"categories":[7],"tags":[324,55,5135],"_links":{"self":[{"href":"https:\/\/www.infokuryr.cz\/n\/wp-json\/wp\/v2\/posts\/74803"}],"collection":[{"href":"https:\/\/www.infokuryr.cz\/n\/wp-json\/wp\/v2\/posts"}],"about":[{"href":"https:\/\/www.infokuryr.cz\/n\/wp-json\/wp\/v2\/types\/post"}],"author":[{"embeddable":true,"href":"https:\/\/www.infokuryr.cz\/n\/wp-json\/wp\/v2\/users\/2"}],"replies":[{"embeddable":true,"href":"https:\/\/www.infokuryr.cz\/n\/wp-json\/wp\/v2\/comments?post=74803"}],"version-history":[{"count":0,"href":"https:\/\/www.infokuryr.cz\/n\/wp-json\/wp\/v2\/posts\/74803\/revisions"}],"wp:featuredmedia":[{"embeddable":true,"href":"https:\/\/www.infokuryr.cz\/n\/wp-json\/wp\/v2\/media\/74804"}],"wp:attachment":[{"href":"https:\/\/www.infokuryr.cz\/n\/wp-json\/wp\/v2\/media?parent=74803"}],"wp:term":[{"taxonomy":"category","embeddable":true,"href":"https:\/\/www.infokuryr.cz\/n\/wp-json\/wp\/v2\/categories?post=74803"},{"taxonomy":"post_tag","embeddable":true,"href":"https:\/\/www.infokuryr.cz\/n\/wp-json\/wp\/v2\/tags?post=74803"}],"curies":[{"name":"wp","href":"https:\/\/api.w.org\/{rel}","templated":true}]}}