{"id":74801,"date":"2025-03-24T00:22:08","date_gmt":"2025-03-23T23:22:08","guid":{"rendered":"https:\/\/www.infokuryr.cz\/n\/?p=74801"},"modified":"2025-03-23T15:31:51","modified_gmt":"2025-03-23T14:31:51","slug":"podezrele-izraelske-udery-zasahly-predmesti-damasku-uprostred-invazi-na-jihu","status":"publish","type":"post","link":"https:\/\/www.infokuryr.cz\/n\/2025\/03\/24\/podezrele-izraelske-udery-zasahly-predmesti-damasku-uprostred-invazi-na-jihu\/","title":{"rendered":"Podez\u0159el\u00e9 izraelsk\u00e9 \u00fadery zas\u00e1hly p\u0159edm\u011bst\u00ed Dama\u0161ku uprost\u0159ed invaz\u00ed na jihu"},"content":{"rendered":"<div id=\"fb-root\"><\/div>\n<p><strong><span>S\u00e9rie \u00fader\u016f zas\u00e1hla 23. b\u0159ezna m\u011bsto Najha, kter\u00e9 se nach\u00e1z\u00ed asi 15 kilometr\u016f ji\u017en\u011b od syrsk\u00e9ho hlavn\u00edho m\u011bsta Dama\u0161ku, uprost\u0159ed obnoven\u00fdch n\u00e1jezd\u016f izraelsk\u00fdch obrann\u00fdch sil (IDF) na jih zem\u011b.<\/span><\/strong><\/p>\n<p><span>Katarsk\u00e1 televize Al-D\u017eaz\u00edra uvedla, \u017ee \u00fatoky zas\u00e1hly vojensk\u00e1 m\u00edsta a obytn\u00fd komplex pro d\u016fstojn\u00edky pobl\u00ed\u017e Najhy a dodala, \u017ee za \u00fatokem stoj\u00ed Izrael. Izraelsk\u00fd arm\u00e1dn\u00ed rozhlas nicm\u00e9n\u011b pozd\u011bji s odvol\u00e1n\u00edm na izraelsk\u00e9 bezpe\u010dnostn\u00ed \u010dinitele pop\u0159el, \u017ee by za \u00fadery st\u00e1la IDF.<\/span><\/p>\n<p><span>Videoz\u00e1znamy zve\u0159ejn\u011bn\u00e9 na soci\u00e1ln\u00edch s\u00edt\u00edch p\u0159ed \u00fatoky ukazovaly, jak syrsk\u00e9 vl\u00e1dn\u00ed s\u00edly p\u0159epravuj\u00ed t\u011b\u017ekou vojenskou techniku, v\u010detn\u011b samohybn\u00fdch, radarem nav\u00e1d\u011bn\u00fdch protiletadlov\u00fdch zbra\u0148ov\u00fdch syst\u00e9m\u016f ZSU-23-4 Shilka, z ji\u017en\u00ed gubernie Daraa sm\u011brem na Dama\u0161ek.<\/span><\/p>\n<p><iframe loading=\"lazy\" src=\"https:\/\/s5.cdnstatic.space\/wp-content\/uploads\/2025\/03\/video_2025-03-23_11-25-46.mp4\" width=\"600\" height=\"338\" data-mce-fragment=\"1\"><\/iframe><\/p>\n<p><span>Po p\u00e1du Asadova re\u017eimu loni v prosinci IDF vtrhly do n\u00e1razn\u00edkov\u00e9 z\u00f3ny soused\u00edc\u00ed s Golansk\u00fdmi v\u00fd\u0161inami v ji\u017en\u00edm guvernor\u00e1tu al-Qunitra a z\u0159\u00eddily zde dev\u011bt stanovi\u0161\u0165. Arm\u00e1da tak\u00e9 zah\u00e1jila stovky \u00fader\u016f proti zemi a zni\u010dila velkou \u010d\u00e1st jej\u00edch bojov\u00fdch schopnost\u00ed.<\/span><\/p>\n<p><span>Premi\u00e9r Benjamin Netanjahu minul\u00fd m\u011bs\u00edc prohl\u00e1sil, \u017ee ji\u017en\u00ed S\u00fdrie mus\u00ed b\u00fdt zcela demilitarizov\u00e1na a varoval, \u017ee Izrael nep\u0159ijme p\u0159\u00edtomnost sil syrsk\u00e9 islamistick\u00e9 vl\u00e1dy pobl\u00ed\u017e sv\u00e9ho \u00fazem\u00ed.<\/span><\/p>\n<p><span>Pouh\u00fd den p\u0159ed \u00fadery na Najhu za\u00fato\u010dily IDF na dv\u011b kl\u00ed\u010dov\u00e9 leteck\u00e9 z\u00e1kladny v provincii Homs ve st\u0159edn\u00ed S\u00fdrii, jednu zn\u00e1mou jako T4 a druhou nedaleko starov\u011bk\u00e9ho m\u011bsta Palm\u00fdra. Arm\u00e1da uvedla, \u017ee \u00fadery zas\u00e1hly \u201estrategick\u00e9 vojensk\u00e9 kapacity\u201c.<\/span><\/p>\n<p><span>Podle Syrsk\u00e9 observato\u0159e pro lidsk\u00e1 pr\u00e1va bylo v d\u016fsledku izraelsk\u00fdch \u00fader\u016f zran\u011bno nejm\u00e9n\u011b 12 vl\u00e1dn\u00edch bojovn\u00edk\u016f.<\/span><\/p>\n<p><span>Videoz\u00e1znamy z leteck\u00e9 z\u00e1kladny T4 tak\u00e9 uk\u00e1zaly trosky n\u011b\u010deho, co vypad\u00e1 jako st\u00edhac\u00ed bombard\u00e9r sov\u011btsk\u00e9 v\u00fdroby Su-24MK2, kter\u00fd byl zni\u010den p\u0159i jednom z \u00fader\u016f.<\/span><\/p>\n<p><iframe loading=\"lazy\" src=\"https:\/\/s5.cdnstatic.space\/wp-content\/uploads\/2025\/03\/ssstwitter.com_1742718838497.mp4\" width=\"600\" height=\"338\" data-mce-fragment=\"1\"><\/iframe><\/p>\n<p><span>Ned\u00e1vn\u00e9 \u00fadery p\u0159i\u0161ly b\u011bhem obnoven\u00fdch invaz\u00ed IDF v ji\u017en\u00ed S\u00fdrii. 22. b\u0159ezna izraelsk\u00e9 jednotky za\u00fato\u010dily na m\u011bsto Umm al-Azam v guvernor\u00e1tu al-Qunitra a zatkli \u010dty\u0159i lidi. Dal\u0161\u00ed den vstoupila dal\u0161\u00ed s\u00edla do m\u011bsta Ma&#8217;ariya na venkov\u011b z\u00e1padn\u00edho Daraa, kde zkontrolovala n\u011bkolik dom\u016f.<\/span><\/p>\n<p><span>Zat\u00edmco Izrael nad\u00e1le eskaluje sv\u00e9 operace v S\u00fdrii, nov\u00ed vl\u00e1dci zem\u011b ml\u010d\u00ed. Krom\u011b n\u011bkolika odsouzen\u00ed neud\u011blala guvernor\u00e1t nic pro \u0159e\u0161en\u00ed st\u00e1le rostouc\u00ed izraelsk\u00e9 hrozby.<\/span><\/p>\n<p><img decoding=\"async\" loading=\"lazy\" class=\"alignnone size-full wp-image-71983\" src=\"http:\/\/www.infokuryr.cz\/n\/wp-content\/uploads\/2025\/02\/aaa.jpg\" alt=\"\" width=\"89\" height=\"23\" \/><\/p>\n<p>&nbsp;<\/p>\n","protected":false},"excerpt":{"rendered":"<p>S\u00e9rie \u00fader\u016f zas\u00e1hla 23. b\u0159ezna m\u011bsto Najha, kter\u00e9 se nach\u00e1z\u00ed asi 15 kilometr\u016f ji\u017en\u011b od&#8230;<\/p>\n","protected":false},"author":2,"featured_media":74802,"comment_status":"closed","ping_status":"closed","sticky":false,"template":"","format":"standard","meta":[],"categories":[7],"tags":[3343,107,147,5135],"_links":{"self":[{"href":"https:\/\/www.infokuryr.cz\/n\/wp-json\/wp\/v2\/posts\/74801"}],"collection":[{"href":"https:\/\/www.infokuryr.cz\/n\/wp-json\/wp\/v2\/posts"}],"about":[{"href":"https:\/\/www.infokuryr.cz\/n\/wp-json\/wp\/v2\/types\/post"}],"author":[{"embeddable":true,"href":"https:\/\/www.infokuryr.cz\/n\/wp-json\/wp\/v2\/users\/2"}],"replies":[{"embeddable":true,"href":"https:\/\/www.infokuryr.cz\/n\/wp-json\/wp\/v2\/comments?post=74801"}],"version-history":[{"count":0,"href":"https:\/\/www.infokuryr.cz\/n\/wp-json\/wp\/v2\/posts\/74801\/revisions"}],"wp:featuredmedia":[{"embeddable":true,"href":"https:\/\/www.infokuryr.cz\/n\/wp-json\/wp\/v2\/media\/74802"}],"wp:attachment":[{"href":"https:\/\/www.infokuryr.cz\/n\/wp-json\/wp\/v2\/media?parent=74801"}],"wp:term":[{"taxonomy":"category","embeddable":true,"href":"https:\/\/www.infokuryr.cz\/n\/wp-json\/wp\/v2\/categories?post=74801"},{"taxonomy":"post_tag","embeddable":true,"href":"https:\/\/www.infokuryr.cz\/n\/wp-json\/wp\/v2\/tags?post=74801"}],"curies":[{"name":"wp","href":"https:\/\/api.w.org\/{rel}","templated":true}]}}