{"id":74800,"date":"2025-03-24T00:21:11","date_gmt":"2025-03-23T23:21:11","guid":{"rendered":"https:\/\/www.infokuryr.cz\/n\/?p=74800"},"modified":"2025-03-23T15:29:29","modified_gmt":"2025-03-23T14:29:29","slug":"husiove-patym-raketovym-utokem-rozsirili-paniku-ve-strednim-izraeli","status":"publish","type":"post","link":"https:\/\/www.infokuryr.cz\/n\/2025\/03\/24\/husiove-patym-raketovym-utokem-rozsirili-paniku-ve-strednim-izraeli\/","title":{"rendered":"H\u00fas\u00edov\u00e9 p\u00e1t\u00fdm raketov\u00fdm \u00fatokem roz\u0161\u00ed\u0159ili paniku ve st\u0159edn\u00edm Izraeli"},"content":{"rendered":"<div id=\"fb-root\"><\/div>\n<p><strong><span>H\u00fas\u00edov\u00e9 (Ansar Allah) v Jemenu odp\u00e1lili dal\u0161\u00ed balistickou st\u0159elu na Izrael brzy 23. b\u0159ezna a poslali tis\u00edce lid\u00ed ve st\u0159edu zem\u011b do \u00fakryt\u016f.<\/span><\/strong><\/p>\n<p><span>Nebyly hl\u00e1\u0161eny \u017e\u00e1dn\u00e9 ob\u011bti nebo \u0161kody p\u0159i raketov\u00e9m \u00fatoku, kter\u00fd spustil sir\u00e9ny ve st\u0159edn\u00edm Izraeli. \u00datok naru\u0161il i provoz na mezin\u00e1rodn\u00edm leti\u0161ti Ben Gurion. Izraelsk\u00e9 obrann\u00e9 s\u00edly (IDF) pozd\u011bji ozn\u00e1mily, \u017ee raketu zachytila \u200b\u200bjejich protivzdu\u0161n\u00e1 obrana p\u0159ed p\u0159ekro\u010den\u00edm hranic zem\u011b.<\/span><\/p>\n<p><iframe loading=\"lazy\" src=\"https:\/\/s5.cdnstatic.space\/wp-content\/uploads\/2025\/03\/ssstwitter.com_1742720369119.mp4\" width=\"600\" height=\"338\" data-mce-fragment=\"1\"><\/iframe><\/p>\n<p><iframe loading=\"lazy\" src=\"https:\/\/s5.cdnstatic.space\/wp-content\/uploads\/2025\/03\/ssstwitter.com_1742720372221.mp4\" width=\"600\" height=\"338\" data-mce-fragment=\"1\"><\/iframe><\/p>\n<p><iframe loading=\"lazy\" src=\"https:\/\/s5.cdnstatic.space\/wp-content\/uploads\/2025\/03\/ssstwitter.com_1742720392929.mp4\" width=\"600\" height=\"338\" data-mce-fragment=\"1\"><\/iframe><\/p>\n<p><span>Jednalo se o p\u00e1t\u00fd \u00fatok Houthi\u016f na Izrael od doby, kdy IDF zah\u00e1jily svou obnovenou ofenz\u00edvu proti hnut\u00ed Ham\u00e1s v Gaze 18. b\u0159ezna.<\/span><\/p>\n<p><span>V\u0161echny p\u0159edchoz\u00ed \u00fatoky byly provedeny pomoc\u00ed lok\u00e1ln\u011b vyroben\u00fdch hypersonick\u00fdch balistick\u00fdch st\u0159el Palestina-2. Dvoustup\u0148ov\u00e1 st\u0159ela na tuh\u00e9 palivo, kter\u00e1 byla poprv\u00e9 odhalena a pou\u017eita H\u00fas\u00edy p\u0159i \u00fatoku proti Izraeli v polovin\u011b z\u00e1\u0159\u00ed.<\/span><\/p>\n<p><span>Skupina tvrd\u00ed, \u017ee raketa m\u00e1 dolet p\u0159es 2150 kilometr\u016f a maxim\u00e1ln\u00ed rychlost odpov\u00eddaj\u00edc\u00ed 16n\u00e1sobku rychlosti zvuku.<\/span><\/p>\n<p><span>Hypersonick\u00e9 st\u0159ely cestuj\u00ed a man\u00e9vruj\u00ed nejm\u00e9n\u011b p\u011btkr\u00e1t rychleji, ne\u017e je rychlost zvuku v n\u00edzk\u00fdch v\u00fd\u0161k\u00e1ch v atmosf\u00e9\u0159e, co\u017e zt\u011b\u017euje jejich sledov\u00e1n\u00ed a zachycen\u00ed. P\u0159esto IDF tvrd\u00ed, \u017ee v\u0161echny rakety, kter\u00e9 ned\u00e1vno odp\u00e1lili H\u00fas\u00edov\u00e9, byly zachyceny nebo nedos\u00e1hly Izraele.<\/span><\/p>\n<p><span>Posledn\u00ed odp\u00e1len\u00ed rakety p\u0159i\u0161lo den pot\u00e9, co H\u00fas\u00edov\u00e9 obvinili Spojen\u00e9 st\u00e1ty z \u00fatoku na leti\u0161t\u011b v p\u0159\u00edstavn\u00edm m\u011bst\u011b Hodeida v Rud\u00e9m mo\u0159i. Televize Al-Masirah, kter\u00e1 vin\u00ed z \u201eamerick\u00e9 agrese\u201c, uvedla, \u017ee t\u0159i \u00fatoky byly zam\u011b\u0159eny na leti\u0161t\u011b. Nebyly hl\u00e1\u0161eny \u017e\u00e1dn\u00e9 ob\u011bti.<\/span><\/p>\n<p><iframe loading=\"lazy\" src=\"https:\/\/s5.cdnstatic.space\/wp-content\/uploads\/2025\/03\/video_2025-03-23_11-55-12.mp4\" width=\"600\" height=\"338\" data-mce-fragment=\"1\"><\/iframe><\/p>\n<p><span>\u00dast\u0159edn\u00ed velitelstv\u00ed USA (CENTCOM) obnovilo 15. b\u0159ezna \u00fadery na oblasti v Jemenu kontrolovan\u00e9 H\u00fas\u00edy na p\u0159\u00edkaz prezidenta Donalda Trumpa, kter\u00fd prohl\u00e1sil, \u017ee rozs\u00e1hl\u00e1 operace je reakc\u00ed na obnoven\u00e9 \u00fatoky skupiny na lodn\u00ed dopravu.<\/span><\/p>\n<p><span>CENTCOM potvrdil, \u017ee st\u00e1le zahajuje \u00fadery proti H\u00fas\u00ed\u016fm, a 23. b\u0159ezna zve\u0159ejnil videa ukazuj\u00edc\u00ed n\u011bkter\u00e9 z jeho ned\u00e1vn\u00fdch operac\u00ed pobl\u00ed\u017e Jemenu.<\/span><\/p>\n<p><iframe loading=\"lazy\" src=\"https:\/\/s5.cdnstatic.space\/wp-content\/uploads\/2025\/03\/ssstwitter.com_1742679442674.mp4\" width=\"600\" height=\"338\" data-mce-fragment=\"1\"><\/iframe><\/p>\n<p><iframe loading=\"lazy\" src=\"https:\/\/s5.cdnstatic.space\/wp-content\/uploads\/2025\/03\/ssstwitter.com_1742679434882.mp4\" width=\"600\" height=\"338\" data-mce-fragment=\"1\"><\/iframe><\/p>\n<p><span>Americk\u00e9 \u00fadery si zat\u00edm vy\u017e\u00e1daly \u017eivoty asi 53, v\u010detn\u011b velitel\u016f H\u00fas\u00ed\u016f a civilist\u016f. H\u00fas\u00edov\u00e9 v\u0161ak z\u016fst\u00e1vaj\u00ed nezastra\u0161eni a jejich vojensk\u00e9 schopnosti se zdaj\u00ed b\u00fdt stejn\u011b aktivn\u00ed jako d\u0159\u00edve.<\/span><\/p>\n<p><img decoding=\"async\" loading=\"lazy\" class=\"alignnone size-full wp-image-71983\" src=\"http:\/\/www.infokuryr.cz\/n\/wp-content\/uploads\/2025\/02\/aaa.jpg\" alt=\"\" width=\"89\" height=\"23\" \/><\/p>\n<p>&nbsp;<\/p>\n","protected":false},"excerpt":{"rendered":"<p>H\u00fas\u00edov\u00e9 (Ansar Allah) v Jemenu odp\u00e1lili dal\u0161\u00ed balistickou st\u0159elu na Izrael brzy 23. b\u0159ezna a&#8230;<\/p>\n","protected":false},"author":2,"featured_media":46259,"comment_status":"closed","ping_status":"closed","sticky":false,"template":"","format":"standard","meta":[],"categories":[7],"tags":[6184,8755,2924,5135],"_links":{"self":[{"href":"https:\/\/www.infokuryr.cz\/n\/wp-json\/wp\/v2\/posts\/74800"}],"collection":[{"href":"https:\/\/www.infokuryr.cz\/n\/wp-json\/wp\/v2\/posts"}],"about":[{"href":"https:\/\/www.infokuryr.cz\/n\/wp-json\/wp\/v2\/types\/post"}],"author":[{"embeddable":true,"href":"https:\/\/www.infokuryr.cz\/n\/wp-json\/wp\/v2\/users\/2"}],"replies":[{"embeddable":true,"href":"https:\/\/www.infokuryr.cz\/n\/wp-json\/wp\/v2\/comments?post=74800"}],"version-history":[{"count":0,"href":"https:\/\/www.infokuryr.cz\/n\/wp-json\/wp\/v2\/posts\/74800\/revisions"}],"wp:featuredmedia":[{"embeddable":true,"href":"https:\/\/www.infokuryr.cz\/n\/wp-json\/wp\/v2\/media\/46259"}],"wp:attachment":[{"href":"https:\/\/www.infokuryr.cz\/n\/wp-json\/wp\/v2\/media?parent=74800"}],"wp:term":[{"taxonomy":"category","embeddable":true,"href":"https:\/\/www.infokuryr.cz\/n\/wp-json\/wp\/v2\/categories?post=74800"},{"taxonomy":"post_tag","embeddable":true,"href":"https:\/\/www.infokuryr.cz\/n\/wp-json\/wp\/v2\/tags?post=74800"}],"curies":[{"name":"wp","href":"https:\/\/api.w.org\/{rel}","templated":true}]}}