{"id":74799,"date":"2025-03-24T00:20:59","date_gmt":"2025-03-23T23:20:59","guid":{"rendered":"https:\/\/www.infokuryr.cz\/n\/?p=74799"},"modified":"2025-03-23T15:26:39","modified_gmt":"2025-03-23T14:26:39","slug":"izraelska-armada-obnovuje-udery-proti-hizballahu-v-libanonu","status":"publish","type":"post","link":"https:\/\/www.infokuryr.cz\/n\/2025\/03\/24\/izraelska-armada-obnovuje-udery-proti-hizballahu-v-libanonu\/","title":{"rendered":"Izraelsk\u00e1 arm\u00e1da obnovuje \u00fadery proti Hizball\u00e1hu v Libanonu"},"content":{"rendered":"<div id=\"fb-root\"><\/div>\n<p><strong><span>Izraelsk\u00e9 obrann\u00e9 s\u00edly (IDF) zah\u00e1jily koncem b\u0159ezna 23. b\u0159ezna druhou vlnu \u00fader\u016f proti c\u00edl\u016fm Hizball\u00e1hu v reakci na rann\u00ed raketov\u00fd \u00fatok z Libanonu, za kter\u00fd skupina odm\u00edtla odpov\u011bdnost.<\/span><\/strong><\/p>\n<p><span>\u00datok, p\u0159i kter\u00e9m bylo z ji\u017en\u00edho Libanonu vyp\u00e1leno nejm\u00e9n\u011b \u0161est raket na severoizraelskou osadu Metula, si nevy\u017e\u00e1dal \u017e\u00e1dn\u00e1 zran\u011bn\u00ed ani \u0161kody. IDF uvedla, \u017ee t\u0159i z raket byly zachyceny jej\u00ed protivzdu\u0161nou obranou. Dal\u0161\u00ed t\u0159i rakety nedos\u00e1hly na libanonsk\u00fdch \u00fazem\u00edch. \u0160lo o prvn\u00ed podobn\u00fd \u00fatok z Libanonu od prosince.<\/span><\/p>\n<p><span>Hizball\u00e1h odpov\u011bdnost za \u00fatok odm\u00edtl. Skupina v prohl\u00e1\u0161en\u00ed zd\u016fraznila sv\u016fj z\u00e1vazek k dohod\u011b o p\u0159\u00edm\u011b\u0159\u00ed zprost\u0159edkovan\u00e9 Spojen\u00fdmi st\u00e1ty loni v listopadu.<\/span><\/p>\n<p><span>Navzdory tomu IDF pova\u017eovala libanonskou vl\u00e1du za odpov\u011bdnou za raketov\u00fd \u00fatok a nasm\u011brovala svou odpov\u011b\u010f proti Hizball\u00e1hu.<\/span><\/p>\n<p><span>Raketov\u00fd \u00fatok \u201eje o\u010dividn\u00fdm poru\u0161en\u00edm ujedn\u00e1n\u00ed mezi Izraelem a Libanonem a p\u0159\u00edmou hrozbou pro izraelsk\u00e9 ob\u010dany,\u201c uvedla arm\u00e1da a dodala, \u017ee \u201est\u00e1t Libanon nese odpov\u011bdnost za dodr\u017eov\u00e1n\u00ed dohody\u201c.<\/span><\/p>\n<p><span>V prvn\u00ed rann\u00ed reakci d\u011blost\u0159electvo a tanky IDF ost\u0159elovaly n\u011bkolik m\u011bst v ji\u017en\u00edm Libanonu, ani\u017e by zp\u016fsobily jak\u00e9koli ztr\u00e1ty.<\/span><\/p>\n<p><span>Pozd\u011bji odpoledne zas\u00e1hla prvn\u00ed vlna \u00fader\u016f des\u00edtky raketomet\u016f Hizball\u00e1hu a velitelsk\u00e9 centrum pou\u017e\u00edvan\u00e9 skupinou v Libanonu, uv\u00e1d\u00ed arm\u00e1da. Libanonsk\u00e9 ministerstvo zdravotnictv\u00ed ozn\u00e1milo, \u017ee p\u011bt lid\u00ed bylo zabito, v\u010detn\u011b d\u00edt\u011bte, a dal\u0161\u00edch 11 bylo zran\u011bno.<\/span><\/p>\n<p><span>Druh\u00e1 vlna \u00fader\u016f za\u010dala ve\u010der, libanonsk\u00e1 m\u00e9dia informovala o \u00fatoc\u00edch na jihu zem\u011b, v pob\u0159e\u017en\u00edm m\u011bst\u011b Tyre, ve v\u00fdchodn\u00edm \u00fadol\u00ed Beqaa a v oblasti Hermel na severu Libanonu. Podle ministerstva zdravotnictv\u00ed byl v Tyre zabit mu\u017e a sedm dal\u0161\u00edch zran\u011bno a p\u011bt lid\u00ed bylo zran\u011bno p\u0159i dal\u0161\u00edm \u00faderu v Hermelu.<\/span><\/p>\n<p><iframe loading=\"lazy\" src=\"https:\/\/s5.cdnstatic.space\/wp-content\/uploads\/2025\/03\/video_2025-03-22_20-57-46.mp4\" width=\"600\" height=\"338\" data-mce-fragment=\"1\"><\/iframe><\/p>\n<p><iframe loading=\"lazy\" src=\"https:\/\/s5.cdnstatic.space\/wp-content\/uploads\/2025\/03\/IAo97oG3dpYe54yu.mp4\" width=\"600\" height=\"338\" data-mce-fragment=\"1\"><\/iframe><\/p>\n<p><iframe loading=\"lazy\" src=\"https:\/\/s5.cdnstatic.space\/wp-content\/uploads\/2025\/03\/%F0%9F%87%AE%F0%9F%87%B1%F0%9F%87%B1%F0%9F%87%A7-Much-destruction-in-Tyre-Lebanon-after-I.mp4\" width=\"600\" height=\"338\" data-mce-fragment=\"1\"><\/iframe><\/p>\n<p><span>Ze sv\u00e9 strany IDF uvedla, \u017ee \u00fadery zni\u010dily velitelsk\u00e1 centra Hizball\u00e1hu, infrastrukturu, d\u011bln\u00edky, raketomety a sklad zbran\u00ed.<\/span><\/p>\n<p><iframe loading=\"lazy\" src=\"https:\/\/s5.cdnstatic.space\/wp-content\/uploads\/2025\/03\/video_2025-03-23_10-14-52.mp4\" width=\"600\" height=\"338\" data-mce-fragment=\"1\"><\/iframe><\/p>\n<p><span>Uprost\u0159ed \u00fader\u016f libanonsk\u00fd premi\u00e9r Nawaf Salam varoval, \u017ee jeho zemi hroz\u00ed, \u017ee bude zata\u017eena do \u201enov\u00e9 v\u00e1lky\u201c s Izraelem.<\/span><\/p>\n<p><em>&#8222;Mus\u00ed b\u00fdt p\u0159ijata ve\u0161ker\u00e1 bezpe\u010dnostn\u00ed a vojensk\u00e1 opat\u0159en\u00ed, aby se uk\u00e1zalo, \u017ee Libanon rozhoduje o v\u011bcech v\u00e1lky a m\u00edru,&#8220; uvedl premi\u00e9r v prohl\u00e1\u0161en\u00ed.<\/em><\/p>\n<p><em>&#8222;Salam varoval p\u0159ed obnoven\u00fdmi vojensk\u00fdmi operacemi na ji\u017en\u00ed hranici kv\u016fli riziku, kter\u00e9 s sebou nesou zata\u017een\u00ed zem\u011b do nov\u00e9 v\u00e1lky, kter\u00e1 p\u0159inese strasti Libanonu a libanonsk\u00e9mu lidu,&#8220; dodal.<\/em><\/p>\n<p><span>P\u0159\u00edm\u011b\u0159\u00ed zprost\u0159edkovan\u00e9 USA m\u011blo do 18. \u00fanora ukon\u010dit v\u0161echny st\u0159ety na izraelsko-libanonsk\u00fdch hranic\u00edch. IDF v\u0161ak pokra\u010duj\u00ed v \u00faderech proti Hizball\u00e1hu. Pokra\u010duje tak\u00e9 v rozmis\u0165ov\u00e1n\u00ed voj\u00e1k\u016f na p\u011bti strategick\u00fdch stanovi\u0161t\u00edch v ji\u017en\u00edm Libanonu.<\/span><\/p>\n<p><span>Hizball\u00e1h se zat\u00edm zdr\u017eel odpov\u011bdi, pravd\u011bpodobn\u011b kv\u016fli t\u011b\u017ek\u00fdm ztr\u00e1t\u00e1m, kter\u00e9 utrp\u011bl b\u011bhem posledn\u00ed konfrontace s IDF, kter\u00e1 vypukla v d\u016fsledku izraelsk\u00e9 v\u00e1lky v p\u00e1smu Gazy.<\/span><\/p>\n<p><img decoding=\"async\" loading=\"lazy\" class=\"alignnone size-full wp-image-71983\" src=\"http:\/\/www.infokuryr.cz\/n\/wp-content\/uploads\/2025\/02\/aaa.jpg\" alt=\"\" width=\"89\" height=\"23\" \/><\/p>\n<p>&nbsp;<\/p>\n","protected":false},"excerpt":{"rendered":"<p>Izraelsk\u00e9 obrann\u00e9 s\u00edly (IDF) zah\u00e1jily koncem b\u0159ezna 23. b\u0159ezna druhou vlnu \u00fader\u016f proti c\u00edl\u016fm Hizball\u00e1hu&#8230;<\/p>\n","protected":false},"author":2,"featured_media":64078,"comment_status":"closed","ping_status":"closed","sticky":false,"template":"","format":"standard","meta":[],"categories":[7],"tags":[6772,107,5135],"_links":{"self":[{"href":"https:\/\/www.infokuryr.cz\/n\/wp-json\/wp\/v2\/posts\/74799"}],"collection":[{"href":"https:\/\/www.infokuryr.cz\/n\/wp-json\/wp\/v2\/posts"}],"about":[{"href":"https:\/\/www.infokuryr.cz\/n\/wp-json\/wp\/v2\/types\/post"}],"author":[{"embeddable":true,"href":"https:\/\/www.infokuryr.cz\/n\/wp-json\/wp\/v2\/users\/2"}],"replies":[{"embeddable":true,"href":"https:\/\/www.infokuryr.cz\/n\/wp-json\/wp\/v2\/comments?post=74799"}],"version-history":[{"count":0,"href":"https:\/\/www.infokuryr.cz\/n\/wp-json\/wp\/v2\/posts\/74799\/revisions"}],"wp:featuredmedia":[{"embeddable":true,"href":"https:\/\/www.infokuryr.cz\/n\/wp-json\/wp\/v2\/media\/64078"}],"wp:attachment":[{"href":"https:\/\/www.infokuryr.cz\/n\/wp-json\/wp\/v2\/media?parent=74799"}],"wp:term":[{"taxonomy":"category","embeddable":true,"href":"https:\/\/www.infokuryr.cz\/n\/wp-json\/wp\/v2\/categories?post=74799"},{"taxonomy":"post_tag","embeddable":true,"href":"https:\/\/www.infokuryr.cz\/n\/wp-json\/wp\/v2\/tags?post=74799"}],"curies":[{"name":"wp","href":"https:\/\/api.w.org\/{rel}","templated":true}]}}