{"id":74790,"date":"2025-03-24T00:16:02","date_gmt":"2025-03-23T23:16:02","guid":{"rendered":"https:\/\/www.infokuryr.cz\/n\/?p=74790"},"modified":"2025-03-23T14:59:12","modified_gmt":"2025-03-23T13:59:12","slug":"toxicka-pravda-japonsti-vedci-zpochybnuji-bezpecnost-vakcin","status":"publish","type":"post","link":"https:\/\/www.infokuryr.cz\/n\/2025\/03\/24\/toxicka-pravda-japonsti-vedci-zpochybnuji-bezpecnost-vakcin\/","title":{"rendered":"Toxick\u00e1 pravda: Japon\u0161t\u00ed v\u011bdci zpochyb\u0148uj\u00ed bezpe\u010dnost vakc\u00edn"},"content":{"rendered":"<div id=\"fb-root\"><\/div>\n<p><strong><span>Ve sv\u011btle t\u0159\u00ed \u00famrt\u00ed mezi mal\u00fdmi d\u011btmi v d\u016fsledku vedlej\u0161\u00edch \u00fa\u010dink\u016f vakc\u00edn a pokra\u010duj\u00edc\u00ed nadm\u011brn\u00e9 \u00famrtnosti v Japonsku od o\u010dkovac\u00ed kampan\u011b proti koronaviru japon\u0161t\u00ed v\u011bdci zpochyb\u0148uj\u00ed bezpe\u010dnost vakc\u00edn. Nov\u00e1 v\u011bdeck\u00e1 publikace nyn\u00ed vyvol\u00e1v\u00e1 rozruch.<\/span><\/strong><\/p>\n<p><span>V odv\u00e1\u017en\u00e9 v\u011bdeck\u00e9 publikaci nazvan\u00e9 \u201e\u00a0<\/span><a href=\"https:\/\/link.springer.com\/article\/10.1007\/s44337-025-00274-0\"><span>Pot\u0159eba validace o\u010dkovac\u00edch program\u016f<\/span><\/a><span>\u00a0\u201c japon\u0161t\u00ed v\u011bdci z\u00e1sadn\u011b zpochybnili bezpe\u010dnost b\u011b\u017en\u00e9ho d\u011btsk\u00e9ho o\u010dkov\u00e1n\u00ed a o\u010dkovac\u00ed kampan\u011b proti koronaviru.\u00a0<\/span><strong><span>Spou\u0161t\u011b\u010dem byla t\u0159i tragick\u00e1 \u00famrt\u00ed d\u011bt\u00ed, kter\u00e9 zem\u0159ely do 24 hodin od b\u011b\u017en\u00e9ho o\u010dkov\u00e1n\u00ed.<\/span><\/strong><span> Studie zve\u0159ejn\u011bn\u00e1 14. b\u0159ezna v renomovan\u00e9m \u010dasopise \u201eDiscovery Medicine\u201c vyz\u00fdv\u00e1 k z\u00e1sadn\u00edmu p\u0159ehodnocen\u00ed sou\u010dasn\u00e9ho o\u010dkovac\u00edho programu \u2013 a jde tak proti celosv\u011btov\u00e9mu konsenzu zast\u00e1nc\u016f o\u010dkov\u00e1n\u00ed.<\/span><\/p>\n<p><span>Dr. Kenji Yamamoto, kardiochirurg z nemocnice Okamura Memorial Hospital, se ve sv\u00e9 anal\u00fdze nezab\u00fdv\u00e1 pouze d\u011btsk\u00fdmi \u00famrt\u00edmi, ale tak\u00e9 uv\u00e1d\u00ed znepokojiv\u00e9 paralely mezi n\u00e1r\u016fstem vedlej\u0161\u00edch \u00fa\u010dink\u016f vakc\u00edn a zaveden\u00edm mRNA vakc\u00edn proti Covid-19 v Japonsku. Zvl\u00e1\u0161t\u011b pozoruhodn\u00e9:\u00a0<\/span><strong><span>L\u00e9ka\u0159 otev\u0159en\u011b hovo\u0159\u00ed o \u201eabnorm\u00e1ln\u00edm n\u00e1r\u016fstu\u201c nadm\u011brn\u00e9 \u00famrtnosti od za\u010d\u00e1tku o\u010dkovac\u00ed kampan\u011b proti Corona<\/span><\/strong><span>\u00a0\u2013 tabu ve spole\u010dnosti, kter\u00e1 tradi\u010dn\u011b klade velk\u00fd d\u016fraz na skupinovou konformitu.<\/span><\/p>\n<p><strong><span>&#8222;Celosv\u011btov\u011b bylo zpochyb\u0148ov\u00e1n\u00ed o\u010dkov\u00e1n\u00ed dlouho pova\u017eov\u00e1no za tabu, se siln\u00fdm spole\u010densk\u00fdm tlakem na p\u0159izp\u016fsoben\u00ed a o\u010dkov\u00e1n\u00ed. Agresivn\u00ed propagace vakc\u00edny proti koronaviru prost\u0159ednictv\u00edm jednostrann\u00e9ho zas\u00edl\u00e1n\u00ed zpr\u00e1v z\u016fst\u00e1v\u00e1 v \u017eiv\u00e9 pam\u011bti<\/span><\/strong><span>\u00a0,&#8220; uv\u00e1d\u00ed studie jednozna\u010dn\u011b.\u00a0<\/span><strong><span>V\u011bdci jdou dokonce tak daleko, \u017ee doporu\u010duj\u00ed do\u010dasn\u00e9 pozastaven\u00ed sou\u010dasn\u00e9ho o\u010dkovac\u00edho programu, \u201eaby se ur\u010dil pln\u00fd rozsah potenci\u00e1ln\u00edho po\u0161kozen\u00ed\u201c.<\/span><\/strong><\/p>\n<h3 id=\"h-die-drei-todesfalle-die-japans-medizinische-gemeinschaft-erschutterten\" class=\"wp-block-heading\"><span>T\u0159i \u00famrt\u00ed, kter\u00e1 \u0161okovala japonskou l\u00e9ka\u0159skou komunitu<\/span><\/h3>\n<p><span>Studie p\u0159edkl\u00e1d\u00e1 \u00fadaje japonsk\u00e9ho ministerstva zdravotnictv\u00ed, pr\u00e1ce a soci\u00e1ln\u00edch v\u011bc\u00ed o\u00a0<\/span><a href=\"https:\/\/www.trialsitenews.com\/a\/bombshell-study-questions-the-safety-of-mrna-other-vaccination-programs-amid-rising-concerns-child-deaths-in-japan-5d15aa23\"><span>t\u0159ech \u00famrt\u00edch po o\u010dkov\u00e1n\u00ed<\/span><\/a><span>\u00a0, kter\u00e1 jsou obzvl\u00e1\u0161t\u011b alarmuj\u00edc\u00ed.\u00a0<\/span><strong><span>Zdrav\u00fd dvoum\u011bs\u00ed\u010dn\u00ed chlapec zem\u0159el pouh\u00fdch 59 minut po o\u010dkov\u00e1n\u00ed proti Hib, rotaviru a pneumokok\u016fm. P\u016flro\u010dn\u00ed dcera byla nalezena mrtv\u00e1 ve sv\u00e9 posteli jeden den po o\u010dkov\u00e1n\u00ed proti hepatitid\u011b B, Hib, pneumokokov\u00e9 a \u010dty\u0159n\u00e1sobn\u00e9 vakc\u00edn\u011b (\u010dern\u00fd ka\u0161el, z\u00e1\u0161krt, tetanus, obrna). T\u0159\u00edlet\u00fd chlapec utrp\u011bl z\u00e1stavu srdce pouh\u00fdch deset hodin po o\u010dkov\u00e1n\u00ed proti japonsk\u00e9 encefalitid\u011b.<\/span><\/strong><\/p>\n<p><span>Po rozs\u00e1hl\u00e9m vy\u0161et\u0159ov\u00e1n\u00ed, v\u010detn\u011b pitev, nebyli odborn\u00edci schopni stanovit nebo vyhodnotit \u017e\u00e1dnou p\u0159\u00ed\u010dinnou souvislost s o\u010dkov\u00e1n\u00edm. \u00damrt\u00ed byla m\u00edsto toho klasifikov\u00e1na jako \u201eneschopn\u00e9 vyhodnotit\u201c \u2013 co\u017e je praxe, kter\u00e1 podle Yamamota nazna\u010duje \u201emo\u017en\u00e9 vn\u011bj\u0161\u00ed tlaky nebo st\u0159ety z\u00e1jm\u016f p\u0159i takov\u00e9m rozhodov\u00e1n\u00ed\u201c. Dr. Karl Jablonowski, hlavn\u00ed v\u011bdeck\u00fd pracovn\u00edk organizace Children&#8217;s Health Defense,\u00a0<\/span><a href=\"https:\/\/childrenshealthdefense.org\/defender\/3-children-died-24-hours-routine-vaccines-japanese-researchers\/\"><span>zd\u016fraz\u0148uje<\/span><\/a><span>\u00a0, \u017ee do\u010dasn\u00fd vztah po o\u010dkov\u00e1n\u00ed je \u201ejedn\u00edm ze z\u00e1klad\u016f\u201c pro ur\u010den\u00ed kauzality ne\u017e\u00e1douc\u00edch \u00fa\u010dink\u016f.<\/span><\/p>\n<h3 id=\"h-das-japanische-impfsystem-unter-der-lupe\" class=\"wp-block-heading\"><span>Japonsk\u00fd o\u010dkovac\u00ed syst\u00e9m pod mikroskopem<\/span><\/h3>\n<p><strong><span>Studie vyvol\u00e1v\u00e1 z\u00e1sadn\u00ed ot\u00e1zky ohledn\u011b bezpe\u010dnosti d\u011btsk\u00e9ho o\u010dkovac\u00edho sch\u00e9matu:<\/span><\/strong><span>\u00a0&#8222;V Japonsku se vakc\u00edny pod\u00e1vaj\u00ed od dvou m\u011bs\u00edc\u016f v\u011bku. Do dosp\u011blosti v roce 2024 dostane d\u00edt\u011b vakc\u00edny proti t\u00e9m\u011b\u0159 14 r\u016fzn\u00fdm nemocem, p\u0159i\u010dem\u017e d\u00e1vky budou pod\u00e1v\u00e1ny bu\u010f jednotliv\u011b, nebo sou\u010dasn\u011b. Celkov\u00fd po\u010det o\u010dkov\u00e1n\u00ed v\u00fdrazn\u011b vzroste, pokud se zahrnou posilovac\u00ed d\u00e1vky.&#8220;\u00a0<\/span><strong><span>Znepokojiv\u00e9 je podle v\u011bdc\u016f zejm\u00e9na to, \u017ee nov\u011b vyvinut\u00e9 vakc\u00edny, jejich\u017e profily vedlej\u0161\u00edch \u00fa\u010dink\u016f nemus\u00ed b\u00fdt pln\u011b potvrzeny, jsou \u010dasto pod\u00e1v\u00e1ny sou\u010dasn\u011b se st\u00e1vaj\u00edc\u00edmi vakc\u00ednami.<\/span><\/strong><span> To znamen\u00e1, \u017ee kauz\u00e1ln\u00ed vztahy v p\u0159\u00edpad\u011b vedlej\u0161\u00edch \u00fa\u010dink\u016f by mohly b\u00fdt od po\u010d\u00e1tku utajeny.<\/span><\/p>\n<p><span>Japonsk\u00e1 studie nen\u00ed sama. V roce 2023 recenzovan\u00e1 studie publikovan\u00e1 v Cureus s n\u00e1zvem \u201e\u00a0<\/span><a href=\"https:\/\/www.cureus.com\/articles\/134233-reaffirming-a-positive-correlation-between-number-of-vaccine-doses-and-infant-mortality-rates-a-response-to-critics#!\/\"><span>Op\u011btovn\u00e9 potvrzen\u00ed pozitivn\u00ed korelace mezi po\u010dtem d\u00e1vek vakc\u00edny a \u00famrtnost\u00ed kojenc\u016f: reakce na kritiky<\/span><\/a><span>\u00a0\u201c zkoumala o\u010dkov\u00e1n\u00ed d\u011bt\u00ed ve vysp\u011bl\u00fdch zem\u00edch a zjistila pozitivn\u00ed korelaci mezi po\u010dtem d\u00e1vek vakc\u00edn, kter\u00e9 kojenci dostanou, a \u00famrtnost\u00ed kojenc\u016f.\u00a0<\/span><strong><span>Tyto v\u00fdsledky potvrdily v\u00fdsledky studie z roku 2011, kter\u00e1 poprv\u00e9 identifikovala pozitivn\u00ed statistickou souvislost mezi kojeneckou \u00famrtnost\u00ed a po\u010dtem d\u00e1vek vakc\u00edn u kojenc\u016f.<\/span><\/strong><\/p>\n<h3 id=\"h-corona-impfungen-nebenwirkungen-und-ubersterblichkeit-ein-beunruhigendes-muster\" class=\"wp-block-heading\"><span>O\u010dkov\u00e1n\u00ed proti koronaviru, vedlej\u0161\u00ed \u00fa\u010dinky a nadm\u011brn\u00e1 \u00famrtnost: znepokojuj\u00edc\u00ed vzorec<\/span><\/h3>\n<p><span>Yamamotova studie tak\u00e9 vyvol\u00e1v\u00e1 v\u00e1\u017en\u00e9 obavy ohledn\u011b mRNA vakc\u00edn Covid-19 a jejich souvislosti se zv\u00fd\u0161enou prevalenc\u00ed vedlej\u0161\u00edch \u00fa\u010dink\u016f vakc\u00edn.\u00a0<\/span><strong><span>\u201eZem\u011b, kter\u00e9 pod\u00e1vaj\u00ed v\u00edce d\u00e1vek vakc\u00edny, zaznamenaly n\u00e1r\u016fst p\u0159\u00edpad\u016f p\u00e1sov\u00e9ho oparu, opi\u010d\u00edch ne\u0161tovic, syfilis, t\u011b\u017ek\u00fdch streptokokov\u00fdch infekc\u00ed, spalni\u010dek, sepse a poopera\u010dn\u00edch infekc\u00ed,\u201c uv\u00e1d\u00ed studie.<\/span><\/strong><span> Takov\u00e9 vedlej\u0161\u00ed \u00fa\u010dinky se podle v\u011bdc\u016f obvykle objevuj\u00ed v prvn\u00edch dvou t\u00fddnech po o\u010dkov\u00e1n\u00ed, \u201ezejm\u00e9na imunosuprese a sn\u00ed\u017een\u00ed po\u010dtu lymfocyt\u016f, kter\u00e9 podporuj\u00ed infekce, zejm\u00e9na koronaviry\u201c.<\/span><\/p>\n<p><strong><span>P\u0159esto byli pacienti s takov\u00fdmi vedlej\u0161\u00edmi \u00fa\u010dinky japonsk\u00fdm ministerstvem zdravotnictv\u00ed, pr\u00e1ce a soci\u00e1ln\u00edch v\u011bc\u00ed \u010dasto klasifikov\u00e1ni jako \u201eneo\u010dkovan\u00ed\u201c.<\/span><\/strong><span>\u00a0Pot\u00e9, co byla tato praxe prozkoum\u00e1na, dal\u0161\u00ed \u00fadaje uk\u00e1zaly \u201en\u00edzkou m\u00edru infekce mezi neo\u010dkovan\u00fdmi lidmi\u201c \u2013 dokud ministerstvo \u201enep\u0159estalo zve\u0159ej\u0148ovat statistiky\u201c.<\/span><\/p>\n<p><span>Studie ost\u0159e kritizuje japonsk\u00e9 zdravotnick\u00e9 \u00fa\u0159ady, kter\u00e9 nad\u00e1le propaguj\u00ed roz\u0161\u00ed\u0159enou mRNA o\u010dkov\u00e1n\u00ed proti Covid-19. \u201e\u00a0<\/span><strong><span>Riziko imunodeficience spojen\u00e9 s \u010dast\u00fdmi vakcinacemi na ribonukleovou kyselinu (mRNA) je st\u00e1le evidentn\u011bj\u0161\u00ed, co\u017e vede k rozs\u00e1hl\u00e9mu vysazen\u00ed dal\u0161\u00edch d\u00e1vek, s v\u00fdjimkou Japonska<\/span><\/strong><span>\u00a0,\u201c uv\u00e1d\u00ed studie. Poukazuje na to, \u017ee Japonsko pravideln\u011b prov\u00e1d\u00ed posilovac\u00ed o\u010dkov\u00e1n\u00ed mRNA Covid-19 pro star\u0161\u00ed lidi.<\/span><\/p>\n<h3 id=\"h-die-beunruhigende-ubersterblichkeit-in-japan\" class=\"wp-block-heading\"><span>Znepokojuj\u00edc\u00ed nadm\u011brn\u00e1 \u00famrtnost v Japonsku<\/span><\/h3>\n<p><strong><span>Japonsk\u00e9 \u00fa\u0159ady udr\u017euj\u00ed tyto praktiky navzdory abnorm\u00e1ln\u011b vysok\u00e9 nadm\u011brn\u00e9 \u00famrtnosti \u2013 p\u0159es 600 000 \u2013 od za\u010d\u00e1tku kontroverzn\u00ed o\u010dkovac\u00ed kampan\u011b proti Covid-19, zjistila studie.<\/span><\/strong><span>\u00a0Zat\u00edmco konkr\u00e9tn\u00ed faktory tohoto n\u00e1r\u016fstu z\u016fst\u00e1vaj\u00ed \u201ekontroverzn\u00ed\u201c, studie nazna\u010duje, \u017ee vysokou \u00farove\u0148 nadm\u011brn\u00e9 \u00famrtnosti \u201e\u00a0<\/span><strong><span>nelze vysv\u011btlit pouze \u00famrt\u00edmi souvisej\u00edc\u00edmi s koronou nebo st\u00e1rnouc\u00ed populac\u00ed<\/span><\/strong><span>\u00a0\u201c. M\u00edsto toho studie nazna\u010duje, \u017ee \u201e\u00a0<\/span><strong><span>v\u00fdznamn\u00fdm faktorem m\u016f\u017ee b\u00fdt n\u00e1r\u016fst \u00famrt\u00ed souvisej\u00edc\u00edch s o\u010dkov\u00e1n\u00edm<\/span><\/strong><span>\u00a0\u201c a poukazuje na to, \u017ee \u201e\u00a0<\/span><strong><span>podobn\u00e9 trendy jsou pozorov\u00e1ny v jin\u00fdch zem\u00edch s intenzivn\u00edmi o\u010dkovac\u00edmi programy<\/span><\/strong><span> \u201c .<\/span><\/p>\n<p><span>Studie uv\u00e1d\u00ed p\u0159\u00edklad 26let\u00e9ho zdravotnick\u00e9ho pracovn\u00edka v Japonsku, kter\u00fd \u201e\u00fadajn\u011b zem\u0159el na krv\u00e1cen\u00ed do mozku \u010dty\u0159i dny pot\u00e9, co dostal jednu d\u00e1vku mRNA vakc\u00edny na za\u010d\u00e1tku o\u010dkovac\u00ed kampan\u011b\u201c. A\u010dkoli byla smrt d\u011bln\u00edka klasifikov\u00e1na jako \u201emo\u017en\u00e1 souvisej\u00edc\u00ed s imunitn\u00ed trombotickou trombocytopeni\u00ed vyvolanou vakc\u00ednou\u201c, Japonsko pokra\u010dovalo ve sv\u00e9 o\u010dkovac\u00ed kampani proti Covid-19, kter\u00e1 se stala \u201et\u00e9m\u011b\u0159 povinnou\u201c.<\/span><\/p>\n<p><strong><span>Podle studie bylo v\u00edce ne\u017e 99 procent \u00famrt\u00ed v Japonsku, ke kter\u00fdm do\u0161lo bezprost\u0159edn\u011b po o\u010dkov\u00e1n\u00ed proti Covid-19, klasifikov\u00e1no jako p\u0159\u00edpady, kdy \u201eje obt\u00ed\u017en\u00e9 ur\u010dit p\u0159\u00ed\u010dinnou souvislost\u201c \u2013 a to i v p\u0159\u00edpadech, kdy byly prov\u00e1d\u011bny pitvy.<\/span><\/strong><span>\u00a0Je pozoruhodn\u00e9, \u017ee sedm \u010dlen\u016f Japonsk\u00e9 rady pro v\u011bdu o zdrav\u00ed, kter\u00e1 studuje vedlej\u0161\u00ed \u00fa\u010dinky souvisej\u00edc\u00ed s vakc\u00ednami, \u201e\u00a0<\/span><strong><span>obdr\u017eelo dary od farmaceutick\u00fdch spole\u010dnost\u00ed<\/span><\/strong><span>\u00a0\u201c .<\/span><\/p>\n<p><span>\u201eJaponsko nen\u00ed ve sv\u00fdch boj\u00edch a t\u011b\u017ekostech samo,\u201c \u0159ekl Jablonowski. &#8222;Americk\u00e1 mainstreamov\u00e1 m\u00e9dia jsou tak zapleten\u00e1 do farmaceutick\u00e9ho pr\u016fmyslu, \u017ee kritick\u00fd postoj k vakc\u00edn\u00e1m by byl sebedestruktivn\u00ed. I my m\u00e1me regula\u010dn\u00ed agenturu s vysok\u00fdm stupn\u011bm st\u0159etu z\u00e1jm\u016f a d\u016fsledn\u011b ignorujeme ne\u017e\u00e1douc\u00ed reakce na vakc\u00edny.&#8220;<\/span><\/p>\n<h2 id=\"h-japan-als-unfreiwilliges-versuchslabor-fur-neue-impftechnologien\" class=\"wp-block-heading\"><span>Japonsko jako nedobrovoln\u00e1 testovac\u00ed laborato\u0159 pro nov\u00e9 technologie o\u010dkov\u00e1n\u00ed<\/span><\/h2>\n<p><span>Studie tak\u00e9 kritizuje rychlou \u010dasovou osu, ve kter\u00e9 byly experiment\u00e1ln\u00ed vakc\u00edny proti Covid-19 vyvinuty a zp\u0159\u00edstupn\u011bny ve\u0159ejnosti. \u201e\u00a0<\/span><strong><span>Zat\u00edmco v\u00fdvoj vakc\u00edny obvykle trv\u00e1 7\u201310 let, pandemie koronavirov\u00e9ho onemocn\u011bn\u00ed 2019 (Covid-19) proces urychlila, co\u017e vedlo k rychl\u00e9mu v\u00fdvoji, schvalov\u00e1n\u00ed a distribuci vakc\u00edn bez rozs\u00e1hl\u00fdch zkou\u0161ek na zv\u00ed\u0159atech nebo klinick\u00fdch studi\u00ed<\/span><\/strong><span>\u00a0,\u201c uv\u00e1d\u00ed studie.<\/span><\/p>\n<p><strong><span>Japonsko v\u0161ak za\u0161lo je\u0161t\u011b o krok d\u00e1le ne\u017e ostatn\u00ed zem\u011b, kdy\u017e se stalo prvn\u00ed \u2013 a zat\u00edm jedinou \u2013 zem\u00ed,\u00a0kter\u00e1 schv\u00e1lila\u00a0<\/span><a href=\"https:\/\/report24.news\/immer-mehr-studien-belegen-impfstoff-skandal-trotzdem-kommt-die-selbstverstaerkende-mrna\/\"><span>vakc\u00ednu s autoamplifikuj\u00edc\u00ed mRNA<\/span><\/a><\/strong><span>\u00a0. Tyto vakc\u00edny tak\u00e9 nebyly dostate\u010dn\u011b testov\u00e1ny na bezpe\u010dnost. &#8222;O\u010dkov\u00e1n\u00ed t\u00edmto p\u0159\u00edpravkem ji\u017e za\u010dalo a vyvolalo obavy spole\u010dnosti. Zd\u00e1 se, \u017ee japonsk\u00e1 ve\u0159ejnost je nyn\u00ed bezd\u011b\u010dn\u011b zapojena do klinick\u00fdch studi\u00ed, aby shrom\u00e1\u017edila data o bezpe\u010dnosti a rizic\u00edch vakc\u00edn,&#8220; uv\u00e1d\u00ed studie.<\/span><\/p>\n<p><span>Japonsko v sou\u010dasn\u00e9 dob\u011b aplikuje samoposiluj\u00edc\u00ed vakc\u00edny lidem ve v\u011bku 65 a v\u00edce let a lidem ve v\u011bku 60 a\u017e 64 let s v\u00e1\u017en\u00fdmi z\u00e1kladn\u00edmi zdravotn\u00edmi probl\u00e9my. \u201e\u00a0<\/span><strong><span>Velk\u00fdm probl\u00e9mem samoamplifika\u010dn\u00edch vakc\u00edn mRNA je to, \u017ee neexistuje \u017e\u00e1dn\u00fd vyp\u00edna\u010d,<\/span><\/strong><span>\u00a0\u201c vysv\u011btluje Jablonowski. &#8220;\u00a0<\/span><strong><span>Po injekci nem\u016f\u017ee nikdo kontrolovat, jak dlouho nebo kolik antigenu budou va\u0161e bu\u0148ky produkovat<\/span><\/strong><span>\u00a0,&#8220; co\u017e by mohlo potenci\u00e1ln\u011b v\u00e9st k imunitn\u00ed dysfunkci.<\/span><\/p>\n<p><span>Studie po\u017eaduje revizi o\u010dkovac\u00edch kampan\u00ed, \u201eaby reagovala na aktu\u00e1ln\u00ed m\u011bn\u00edc\u00ed se okolnosti\u201c a navrhuje p\u0159edvakcina\u010dn\u00ed l\u00e9ka\u0159sk\u00fd screening, v\u010detn\u011b krevn\u00edch test\u016f a p\u0159ezkoum\u00e1n\u00ed pacientovy historie o\u010dkov\u00e1n\u00ed mRNA. \u201e\u00a0<\/span><strong><span>Pediatr, kter\u00fd je citliv\u00fd na rizika o\u010dkov\u00e1n\u00ed, mus\u00ed tyto informace vz\u00edt v \u00favahu p\u0159i zva\u017eov\u00e1n\u00ed rizik a p\u0159\u00ednos\u016f o\u010dkov\u00e1n\u00ed<\/span><\/strong><span>\u00a0,\u201c shrnuje Jablonowski a zd\u016fraz\u0148uje tak \u00fast\u0159edn\u00ed v\u00fdzvu, kter\u00e9 l\u00e9ka\u0159i \u010del\u00ed tv\u00e1\u0159\u00ed v tv\u00e1\u0159 t\u011bmto nov\u00fdm poznatk\u016fm.<\/span><\/p>\n<p><img decoding=\"async\" loading=\"lazy\" class=\"alignnone size-full wp-image-71983\" src=\"http:\/\/www.infokuryr.cz\/n\/wp-content\/uploads\/2025\/02\/aaa.jpg\" alt=\"\" width=\"89\" height=\"23\" \/><\/p>\n<p>&nbsp;<\/p>\n","protected":false},"excerpt":{"rendered":"<p>Ve sv\u011btle t\u0159\u00ed \u00famrt\u00ed mezi mal\u00fdmi d\u011btmi v d\u016fsledku vedlej\u0161\u00edch \u00fa\u010dink\u016f vakc\u00edn a pokra\u010duj\u00edc\u00ed nadm\u011brn\u00e9&#8230;<\/p>\n","protected":false},"author":2,"featured_media":74791,"comment_status":"closed","ping_status":"closed","sticky":false,"template":"","format":"standard","meta":[],"categories":[7],"tags":[105,839,651],"_links":{"self":[{"href":"https:\/\/www.infokuryr.cz\/n\/wp-json\/wp\/v2\/posts\/74790"}],"collection":[{"href":"https:\/\/www.infokuryr.cz\/n\/wp-json\/wp\/v2\/posts"}],"about":[{"href":"https:\/\/www.infokuryr.cz\/n\/wp-json\/wp\/v2\/types\/post"}],"author":[{"embeddable":true,"href":"https:\/\/www.infokuryr.cz\/n\/wp-json\/wp\/v2\/users\/2"}],"replies":[{"embeddable":true,"href":"https:\/\/www.infokuryr.cz\/n\/wp-json\/wp\/v2\/comments?post=74790"}],"version-history":[{"count":0,"href":"https:\/\/www.infokuryr.cz\/n\/wp-json\/wp\/v2\/posts\/74790\/revisions"}],"wp:featuredmedia":[{"embeddable":true,"href":"https:\/\/www.infokuryr.cz\/n\/wp-json\/wp\/v2\/media\/74791"}],"wp:attachment":[{"href":"https:\/\/www.infokuryr.cz\/n\/wp-json\/wp\/v2\/media?parent=74790"}],"wp:term":[{"taxonomy":"category","embeddable":true,"href":"https:\/\/www.infokuryr.cz\/n\/wp-json\/wp\/v2\/categories?post=74790"},{"taxonomy":"post_tag","embeddable":true,"href":"https:\/\/www.infokuryr.cz\/n\/wp-json\/wp\/v2\/tags?post=74790"}],"curies":[{"name":"wp","href":"https:\/\/api.w.org\/{rel}","templated":true}]}}