{"id":74788,"date":"2025-03-24T00:15:59","date_gmt":"2025-03-23T23:15:59","guid":{"rendered":"https:\/\/www.infokuryr.cz\/n\/?p=74788"},"modified":"2025-03-23T14:56:49","modified_gmt":"2025-03-23T13:56:49","slug":"rodicovstvi-klic-k-dusevni-zdatnosti-ve-stari","status":"publish","type":"post","link":"https:\/\/www.infokuryr.cz\/n\/2025\/03\/24\/rodicovstvi-klic-k-dusevni-zdatnosti-ve-stari\/","title":{"rendered":"Rodi\u010dovstv\u00ed: Kl\u00ed\u010d k du\u0161evn\u00ed zdatnosti ve st\u00e1\u0159\u00ed"},"content":{"rendered":"<div id=\"fb-root\"><\/div>\n<p><strong>Podle nov\u00e9 studie p\u0159in\u00e1\u0161\u00ed rodi\u010dovstv\u00ed i neurologick\u00e9 v\u00fdhody. P\u0159\u00edtomnost d\u011bt\u00ed zjevn\u011b zaji\u0161\u0165uje lep\u0161\u00ed propojen\u00ed mozku \u2013 zejm\u00e9na v t\u011bch oblastech, kter\u00e9 s v\u011bkem sl\u00e1bnou. D\u011bti mohou b\u00fdt tak\u00e9 zdravotn\u00edm po\u017eehn\u00e1n\u00edm. To by v\u00e1m m\u011bl \u0159\u00edct zdrav\u00fd rozum, ale jak v\u0161ichni v\u00edme, zdrav\u00fd rozum si v dob\u00e1ch, jako jsou tyto, d\u00e1v\u00e1 pauzu.<\/strong><\/p>\n<p>Rodi\u010dovstv\u00ed je v\u00edc ne\u017e jen f\u00e1ze \u017eivota; Je to transforma\u010dn\u00ed zku\u0161enost, kter\u00e1 m\u00e1 trval\u00fd dopad nejen na \u017eivoty rodi\u010d\u016f, ale i na jejich mozkov\u00e9 funkce. Ned\u00e1vn\u00e1 studie s n\u00e1zvem \u201e\u00a0<a href=\"https:\/\/www.pnas.org\/doi\/10.1073\/pnas.2411245122\" target=\"_blank\" rel=\"noreferrer noopener\">Ochrann\u00e1 role rodi\u010dovstv\u00ed na mozkov\u00e9 funkce souvisej\u00edc\u00ed s v\u011bkem ve st\u0159edn\u00edm a\u017e pozdn\u00edm v\u011bku<\/a> \u201c, publikovan\u00e1 v \u010dasopise Proceedings of the National Academy of Sciences (PNAS), nazna\u010duje, \u017ee v\u00fdzvy a radosti rodi\u010dovstv\u00ed mohou pomoci zachovat kognitivn\u00ed schopnosti ve st\u00e1\u0159\u00ed. Tato zji\u0161t\u011bn\u00ed vrhaj\u00ed nov\u00e9 sv\u011btlo na aspekty rodi\u010dovstv\u00ed, kter\u00e9 jsou n\u011bkdy vn\u00edm\u00e1ny jako stresuj\u00edc\u00ed, a ukazuj\u00ed, \u017ee mohou tak\u00e9 p\u016fsobit jako ochrann\u00fd mechanismus proti poklesu kognitivn\u00edch funkc\u00ed souvisej\u00edc\u00edm s v\u011bkem.<\/p>\n<p>V\u00fdzkum ukazuje, \u017ee rodi\u010de maj\u00ed lep\u0161\u00ed mozkovou konektivitu ve srovn\u00e1n\u00ed s bezd\u011btn\u00fdmi dosp\u011bl\u00fdmi, zejm\u00e9na v oblastech, kter\u00e9 s v\u011bkem obvykle sl\u00e1bnou. Studie analyzovala sn\u00edmky magnetickou rezonanc\u00ed v\u00edce ne\u017e 20 000 \u00fa\u010dastn\u00edk\u016f a zjistila, \u017ee mozkov\u00e1 spojen\u00ed v motorick\u00fdch a smyslov\u00fdch oblastech, stejn\u011b jako v s\u00edt\u00edch odpov\u011bdn\u00fdch za soci\u00e1ln\u00ed interakce, vizu\u00e1ln\u00ed zpracov\u00e1n\u00ed a pozornost, jsou u rodi\u010d\u016f v\u00fdrazn\u011b siln\u011bj\u0161\u00ed. Tyto zm\u011bny jsou zvl\u00e1\u0161t\u011b pozoruhodn\u00e9, proto\u017ee obvykle ub\u00fdvaj\u00ed po 40. roce v\u011bku.<\/p>\n<h3 id=\"h-die-rolle-der-sozialen-netzwerke\" class=\"wp-block-heading\">Role soci\u00e1ln\u00edch s\u00edt\u00ed<\/h3>\n<p>Dal\u0161\u00edm zaj\u00edmav\u00fdm aspektem studie je pozorov\u00e1n\u00ed, \u017ee rodi\u010de s v\u00edce d\u011btmi m\u00edvaj\u00ed v\u011bt\u0161\u00ed soci\u00e1ln\u00ed s\u00edt\u011b a siln\u011bj\u0161\u00ed soci\u00e1ln\u00ed podporu. Tyto soci\u00e1ln\u00ed faktory mohou p\u0159isp\u00edvat ke zv\u00fd\u0161en\u00e9 mozkov\u00e9 konektivit\u011b pozorovan\u00e9 u rodi\u010d\u016f.\u00a0<a href=\"https:\/\/pmc.ncbi.nlm.nih.gov\/articles\/PMC9750173\/\">Je zn\u00e1mo, \u017ee soci\u00e1ln\u00ed vazby<\/a> podporuj\u00ed du\u0161evn\u00ed zdrav\u00ed a zachov\u00e1vaj\u00ed kognitivn\u00ed funkce ve st\u00e1\u0159\u00ed. Studie ukazuje, \u017ee pozitivn\u00ed vlivy rodi\u010dovstv\u00ed na mozkov\u00e9 funkce p\u0159etrv\u00e1vaj\u00ed i po zohledn\u011bn\u00ed faktor\u016f, jako je vzd\u011bl\u00e1n\u00ed a socioekonomick\u00fd status.<\/p>\n<p>\u201eKdy\u017e mi rodi\u010de \u0159\u00edkaj\u00ed, \u017ee p\u0159ich\u00e1zej\u00ed o rozum, mysl\u00edm, \u017ee ve skute\u010dnosti p\u0159epojuj\u00ed sv\u00e9 mozky,\u201c\u00a0<a href=\"https:\/\/www.theepochtimes.com\/health\/how-raising-children-may-protect-against-cognitive-decline-5823391\">vysv\u011btluje<\/a>\u00a0Melissa Schwartz, expertka na velmi citliv\u00e9 rodiny. Tato perspektiva zd\u016fraz\u0148uje my\u0161lenku, \u017ee v\u00fdzvy rodi\u010dovstv\u00ed nejen zp\u016fsobuj\u00ed stres, ale tak\u00e9 posiluj\u00ed nervov\u00e1 spojen\u00ed, kter\u00e1 jsou kritick\u00e1 pro u\u010den\u00ed a formov\u00e1n\u00ed pam\u011bti.<\/p>\n<h3 id=\"h-kognitive-flexibilitat-und-emotionale-intelligenz\" class=\"wp-block-heading\">Kognitivn\u00ed flexibilita a emo\u010dn\u00ed inteligence<\/h3>\n<p>Studie zd\u016fraz\u0148uje, \u017ee neust\u00e1l\u00e1 stimulace, kter\u00e1 p\u0159ich\u00e1z\u00ed s v\u00fdchovou d\u011bt\u00ed, podporuje kognitivn\u00ed flexibilitu rodi\u010d\u016f a schopnosti \u0159e\u0161it probl\u00e9my. \u201ePsychick\u00e1 v\u00fdzva rodi\u010dovstv\u00ed \u2013 \u017eonglov\u00e1n\u00ed s v\u00edce \u00fakoly a rozvrhy \u2013 udr\u017euje mozek aktivn\u00ed a m\u016f\u017ee pomoci pos\u00edlit du\u0161evn\u00ed zdrav\u00ed,\u201c \u0159\u00edk\u00e1 Lisa Pion Berlin, prezidentka Parents Anonymous\u00ae. Tato neust\u00e1l\u00e1 v\u00fdzva vy\u017eaduje, aby se rodi\u010de rychle p\u0159izp\u016fsobili a nach\u00e1zeli nov\u00e1 \u0159e\u0161en\u00ed, co\u017e podporuje du\u0161evn\u00ed bd\u011blost.<\/p>\n<p>Krom\u011b toho mus\u00ed rodi\u010de v\u011bnovat zvl\u00e1\u0161tn\u00ed pozornost neverb\u00e1ln\u00edm sign\u00e1l\u016fm sv\u00fdch d\u011bt\u00ed, co\u017e posiluje jejich emo\u010dn\u00ed inteligenci. Schopnost rozpoznat pot\u0159eby d\u011bt\u00ed a reagovat na n\u011b nejen podporuje empatii, ale tak\u00e9 soci\u00e1ln\u00ed dovednosti rodi\u010d\u016f. Tyto s\u00edt\u011b podporuj\u00ed teorii mysli, schopnost rozpoznat, \u017ee ostatn\u00ed maj\u00ed odli\u0161n\u00e9 my\u0161lenky a emoce, a podporuj\u00ed emo\u010dn\u00ed regulaci mezi jednotlivci.<\/p>\n<h3 id=\"h-die-heilende-kraft-der-elternschaft\" class=\"wp-block-heading\">L\u00e9\u010div\u00e1 s\u00edla rodi\u010dovstv\u00ed<\/h3>\n<p>Dal\u0161\u00edm aspektem, kter\u00fdm se studie zab\u00fdv\u00e1, je mo\u017enost osobn\u00edho uzdraven\u00ed, kter\u00e9 mohou rodi\u010de za\u017e\u00edt prost\u0159ednictv\u00edm sv\u00fdch d\u011bt\u00ed. Schwartz popisuje, jak v\u00fdzvy, kter\u00e9 s sebou jej\u00ed nevlastn\u00ed dcera p\u0159in\u00e1\u0161\u00ed, j\u00ed d\u00e1vaj\u00ed p\u0159\u00edle\u017eitost zamyslet se nad sv\u00fdmi traumaty z d\u011btstv\u00ed a vyl\u00e9\u010dit je. \u201eKdy\u017e na\u0161e d\u011bti ma\u010dkaj\u00ed na\u0161e knofl\u00edky, aktivuj\u00ed t\u00edm nevy\u0159e\u0161en\u00e9 r\u00e1ny z na\u0161eho vlastn\u00edho d\u011btstv\u00ed,\u201c \u0159\u00edk\u00e1. Tato reflexe umo\u017e\u0148uje rodi\u010d\u016fm reagovat s v\u011bt\u0161\u00edm soucitem a porozum\u011bn\u00edm, co\u017e nejen posiluje jejich vztah s d\u011btmi, ale tak\u00e9 podporuje jejich vlastn\u00ed emocion\u00e1ln\u00ed rozvoj.<\/p>\n<p>Studie ukazuje, \u017ee pozitivn\u00ed vlivy rodi\u010dovstv\u00ed na mozkov\u00e9 funkce nejsou zalo\u017eeny pouze na biologick\u00fdch faktorech, ale jsou siln\u011b ovlivn\u011bny tak\u00e9 soci\u00e1ln\u00edmi a emocion\u00e1ln\u00edmi aspekty. Rodi\u010dovstv\u00ed je tedy nejen v\u00fdzvou, ale tak\u00e9 p\u0159\u00edle\u017eitost\u00ed k osobn\u00edmu rozvoji a pos\u00edlen\u00ed du\u0161evn\u00edho zdrav\u00ed.<\/p>\n<h3 id=\"h-globalisten-betonen-stets-nur-angebliche-negative-effekte\" class=\"wp-block-heading\">Globalist\u00e9 v\u017edy zd\u016fraz\u0148uj\u00ed pouze \u00fadajn\u00e9 negativn\u00ed dopady<\/h3>\n<p>V\u00fdsledky t\u00e9to studie nab\u00edzej\u00ed odli\u0161n\u00fd pohled na \u00fa\u010dinky rodi\u010dovstv\u00ed. Zat\u00edmco mnoho studi\u00ed, a zejm\u00e9na globalist\u00e9 ve sv\u00e9m neust\u00e1l\u00e9m \u00fasil\u00ed o vylidn\u011bn\u00ed, zd\u016fraz\u0148uj\u00ed stresuj\u00edc\u00ed aspekty rodi\u010dovstv\u00ed, tento v\u00fdzkum ukazuje, \u017ee v\u00fdzvy spojen\u00e9 s v\u00fdchovou d\u011bt\u00ed mohou tak\u00e9 p\u016fsobit jako katalyz\u00e1tory du\u0161evn\u00ed zdatnosti a emo\u010dn\u00ed odolnosti. Rodi\u010dovstv\u00ed tedy nen\u00ed jen f\u00e1z\u00ed \u017eivota, ale dynamick\u00fdm procesem, kter\u00fd formuje rodi\u010de i d\u011bti.<\/p>\n<p>Rodi\u010dovstv\u00ed je zdrojem s\u00edly a r\u016fstu, kter\u00fd nejen obohacuje \u017eivot rodi\u010d\u016f, ale tak\u00e9 chr\u00e1n\u00ed jejich du\u0161evn\u00ed zdrav\u00ed v pr\u016fb\u011bhu st\u00e1rnut\u00ed. Pro mnoh\u00e9 je to smysl \u017eivota.<\/p>\n<p><img decoding=\"async\" loading=\"lazy\" class=\"alignnone size-full wp-image-71983\" src=\"http:\/\/www.infokuryr.cz\/n\/wp-content\/uploads\/2025\/02\/aaa.jpg\" alt=\"\" width=\"89\" height=\"23\" \/><\/p>\n<p>&nbsp;<\/p>\n","protected":false},"excerpt":{"rendered":"<p>Podle nov\u00e9 studie p\u0159in\u00e1\u0161\u00ed rodi\u010dovstv\u00ed i neurologick\u00e9 v\u00fdhody. P\u0159\u00edtomnost d\u011bt\u00ed zjevn\u011b zaji\u0161\u0165uje lep\u0161\u00ed propojen\u00ed mozku&#8230;<\/p>\n","protected":false},"author":2,"featured_media":74789,"comment_status":"closed","ping_status":"closed","sticky":false,"template":"","format":"standard","meta":[],"categories":[7],"tags":[245,205,839,21],"_links":{"self":[{"href":"https:\/\/www.infokuryr.cz\/n\/wp-json\/wp\/v2\/posts\/74788"}],"collection":[{"href":"https:\/\/www.infokuryr.cz\/n\/wp-json\/wp\/v2\/posts"}],"about":[{"href":"https:\/\/www.infokuryr.cz\/n\/wp-json\/wp\/v2\/types\/post"}],"author":[{"embeddable":true,"href":"https:\/\/www.infokuryr.cz\/n\/wp-json\/wp\/v2\/users\/2"}],"replies":[{"embeddable":true,"href":"https:\/\/www.infokuryr.cz\/n\/wp-json\/wp\/v2\/comments?post=74788"}],"version-history":[{"count":0,"href":"https:\/\/www.infokuryr.cz\/n\/wp-json\/wp\/v2\/posts\/74788\/revisions"}],"wp:featuredmedia":[{"embeddable":true,"href":"https:\/\/www.infokuryr.cz\/n\/wp-json\/wp\/v2\/media\/74789"}],"wp:attachment":[{"href":"https:\/\/www.infokuryr.cz\/n\/wp-json\/wp\/v2\/media?parent=74788"}],"wp:term":[{"taxonomy":"category","embeddable":true,"href":"https:\/\/www.infokuryr.cz\/n\/wp-json\/wp\/v2\/categories?post=74788"},{"taxonomy":"post_tag","embeddable":true,"href":"https:\/\/www.infokuryr.cz\/n\/wp-json\/wp\/v2\/tags?post=74788"}],"curies":[{"name":"wp","href":"https:\/\/api.w.org\/{rel}","templated":true}]}}