{"id":74786,"date":"2025-03-24T00:14:13","date_gmt":"2025-03-23T23:14:13","guid":{"rendered":"https:\/\/www.infokuryr.cz\/n\/?p=74786"},"modified":"2025-03-23T14:53:00","modified_gmt":"2025-03-23T13:53:00","slug":"raketova-bitva-na-severni-hranici-izraele-libanon-varuje-pred-novym-vypuknutim-valky","status":"publish","type":"post","link":"https:\/\/www.infokuryr.cz\/n\/2025\/03\/24\/raketova-bitva-na-severni-hranici-izraele-libanon-varuje-pred-novym-vypuknutim-valky\/","title":{"rendered":"Raketov\u00e1 bitva na severn\u00ed hranici Izraele: Libanon varuje p\u0159ed nov\u00fdm vypuknut\u00edm v\u00e1lky"},"content":{"rendered":"<div id=\"fb-root\"><\/div>\n<p><strong><span>K\u0159ehk\u00e9 p\u0159\u00edm\u011b\u0159\u00ed mezi Izraelem a milicemi Hizball\u00e1hu v Libanonu je op\u011bt v ohro\u017een\u00ed. V sobotu do\u0161lo k v\u00fdznamn\u00e9 v\u00fdm\u011bn\u011b \u00fader\u016f, kter\u00e1 by mohla op\u011bt p\u0159iv\u00e9st cel\u00fd region na pokraj tot\u00e1ln\u00ed v\u00e1lky \u2013 znepokojiv\u00e9 d\u00e9j\u00e0 vu po m\u011bs\u00edce trvaj\u00edc\u00edm konfliktu, kter\u00fd byl teprve ned\u00e1vno ukon\u010den za americko-francouzsk\u00e9ho zprost\u0159edkov\u00e1n\u00ed.<\/span><\/strong><\/p>\n<p><span>Izraelsk\u00e9 obrann\u00e9 s\u00edly (IDF) v sobotu\u00a0<\/span><a href=\"https:\/\/www.timesofisrael.com\/at-least-5-rockets-fired-from-lebanon-at-metula-idf-responds-with-artillery-fire\/\"><span>informovaly<\/span><\/a><span> , \u017ee t\u0159i projektily byly vyp\u00e1leny z Libanonu na izraelsk\u00e9 \u00fazem\u00ed, zat\u00edmco dal\u0161\u00ed t\u0159i projektily dopadly na libanonsk\u00e9 \u00fazem\u00ed. Tento \u00fatok, prvn\u00ed velk\u00e1 sr\u00e1\u017eka za n\u011bkolik m\u011bs\u00edc\u016f, vyvolal okam\u017eitou a rozhodnou reakci izraelsk\u00e9 arm\u00e1dy: vlnu leteck\u00fdch \u00fatok\u016f proti \u201etuct\u016fm raketomet\u016f Hizball\u00e1hu\u201c a velitelsk\u00e9mu st\u0159edisku \u0161\u00editsk\u00fdch milic\u00ed.<\/span><\/p>\n<p><span>Hizball\u00e1h (Hizb Allah, Strana Bo\u017e\u00ed) se od raketov\u00fdch \u00fatok\u016f distancoval. &#8222;Op\u011btovn\u011b potvrzujeme n\u00e1\u0161 z\u00e1vazek k dohod\u011b o p\u0159\u00edm\u011b\u0159\u00ed a stoj\u00edme za libanonsk\u00fdm st\u00e1tem p\u0159i \u0159e\u0161en\u00ed t\u00e9to nebezpe\u010dn\u00e9 sionistick\u00e9 eskalace proti Libanonu,&#8220; uvedly \u00cdr\u00e1nem podporovan\u00e9 islamistick\u00e9 polovojensk\u00e9 milice v ofici\u00e1ln\u00edm prohl\u00e1\u0161en\u00ed.<\/span><\/p>\n<p><a href=\"https:\/\/www.bbc.com\/news\/articles\/cn4ynpzk8d8o\"><span>BBC<\/span><\/a><span>\u00a0zd\u016fraznila v\u00fdbu\u0161nou povahu situace:\u00a0<\/span><strong><span>\u201eJde o nejhor\u0161\u00ed n\u00e1sil\u00ed od doby, kdy vstoupilo v platnost k\u0159ehk\u00e9 p\u0159\u00edm\u011b\u0159\u00ed zprost\u0159edkovan\u00e9 USA a Franci\u00ed.<\/span><\/strong><span>\u00a0D\u016fv\u011bryhodnost prohl\u00e1\u0161en\u00ed Hizball\u00e1hu hodnot\u00ed pozorovatel\u00e9 r\u016fzn\u011b. Skeptici poukazuj\u00ed na slo\u017eitou strukturu velen\u00ed organizace a na mo\u017enost, \u017ee jednotliv\u00e9 bu\u0148ky mohly jednat bez centr\u00e1ln\u00edho opr\u00e1vn\u011bn\u00ed.<\/span><\/p>\n<p><span>Libanonsk\u00fd premi\u00e9r Nawaf Salam nal\u00e9hav\u011b varoval p\u0159ed nebezpe\u010dnou spir\u00e1lou eskalace:\u00a0<\/span><strong><span>\u201eLibanon je na pokraji nov\u00e9 v\u00e1lky<\/span><\/strong><span> ,\u201c varoval na mimo\u0159\u00e1dn\u00e9m zased\u00e1n\u00ed sv\u00e9ho kabinetu. &#8222;Mus\u00ed b\u00fdt p\u0159ijata ve\u0161ker\u00e1 bezpe\u010dnostn\u00ed a vojensk\u00e1 opat\u0159en\u00ed, aby se prok\u00e1zalo, \u017ee Libanon rozhoduje s\u00e1m za sebe ve v\u011bcech v\u00e1lky a m\u00edru.&#8220;<\/span><\/p>\n<p><span>Ofici\u00e1ln\u00ed prohl\u00e1\u0161en\u00ed dodalo:\u00a0<\/span><strong><span>\u201eSalam varoval p\u0159ed obnoven\u00fdmi vojensk\u00fdmi operacemi na ji\u017en\u00ed hranici kv\u016fli riziku, kter\u00e9 p\u0159edstavuj\u00ed pro zata\u017een\u00ed zem\u011b do nov\u00e9 v\u00e1lky, kter\u00e1 p\u0159inese utrpen\u00ed Libanonu a libanonsk\u00e9mu lidu.<\/span><\/strong><span>\u00a0Obavy \u0161\u00e9fa vl\u00e1dy nejsou neopodstatn\u011bn\u00e9 \u2013 zem\u011b st\u00e1le proch\u00e1z\u00ed bolestiv\u00fdm procesem obnovy pot\u00e9, co izraelsk\u00e9 n\u00e1lety v reakci na \u00fatoky Hizball\u00e1hu na Izrael zni\u010dily cel\u00e9 \u010dtvrti, zejm\u00e9na v ji\u017en\u00edm Bejr\u00fatu.<\/span><\/p>\n<p><span>Vojen\u0161t\u00ed analytici vid\u00ed znepokojiv\u00e9 paralely v posledn\u00ed v\u00fdm\u011bn\u011b \u00fader\u016f na situaci po teroristick\u00fdch \u00fatoc\u00edch ze 7. \u0159\u00edjna 2023. Izrael tehdy vedl v\u00edce ne\u017e rok v\u00e1lku na mnoha front\u00e1ch \u2013 proti Ham\u00e1su v p\u00e1smu Gazy a proti Hizball\u00e1hu v Libanonu. Izraelsk\u00e9 st\u00edha\u010dky, kter\u00e9 byly nyn\u00ed znovu spat\u0159eny nad libanonsk\u00fdm \u00fazem\u00edm, by mohly b\u00fdt p\u0159edzv\u011bst\u00ed obnoven\u00e9 eskalace konfliktu.<\/span><\/p>\n<p><span>Izraelsk\u00fd ministr obrany Yoav Gallant p\u0159ed t\u00fddny prohl\u00e1sil:\u00a0<\/span><strong><span>\u201eNebudeme tolerovat situaci, ve kter\u00e9 se na\u0161i ob\u010dan\u00e9 v severn\u00edm Izraeli nemohou bezpe\u010dn\u011b vr\u00e1tit do sv\u00fdch domov\u016f.<\/span><\/strong><span>\u00a0Tento jasn\u00fd postoj podtrhuje odhodl\u00e1n\u00ed Izraele zajistit bezpe\u010dnost sv\u00e9 severn\u00ed hranice v\u0161emi prost\u0159edky, a to i pot\u00e9, co bylo dohodnuto p\u0159\u00edm\u011b\u0159\u00ed.<\/span><\/p>\n<p><span>Nejnov\u011bj\u0161\u00ed v\u00fdvoj vyvol\u00e1v\u00e1 ot\u0159esy po cel\u00e9m regionu a znepokojuje mezin\u00e1rodn\u00ed zprost\u0159edkovatele. Americko-francouzsk\u00fd tandem, kter\u00fd vyjednal p\u0159\u00edm\u011b\u0159\u00ed, nyn\u00ed \u010del\u00ed v\u00fdzv\u011b, jak zabr\u00e1nit \u00fapln\u00e9mu kolapsu dohody. Rozhoduj\u00edc\u00edm faktorem z\u016fst\u00e1v\u00e1 \u00edr\u00e1nsk\u00fd vliv.\u00a0<\/span><strong><span>Jako hlavn\u00ed sponzor Hizball\u00e1hu m\u00e1 Teher\u00e1n v\u00fdznamn\u00fd vliv na strategick\u00e9 v\u00fdpo\u010dty \u0161\u00editsk\u00fdch milic\u00ed.<\/span><\/strong><span> Po \u010detn\u00fdch vz\u00e1jemn\u00fdch \u00fatoc\u00edch a rostouc\u00edch obav\u00e1ch z \u00edr\u00e1nsk\u00e9ho jadern\u00e9ho programu z\u00e1rove\u0148 s\u00edl\u00ed konfrontace mezi Izraelem a \u00cdr\u00e1nem.<\/span><\/p>\n<p><span>Nap\u011bt\u00ed mezi Izraelem a Hizball\u00e1hem je sou\u010d\u00e1st\u00ed v\u011bt\u0161\u00edho region\u00e1ln\u00edho boje o moc. \u0160\u00editsk\u00e9 milice, kter\u00e9 jsou zastoupeny jako politick\u00e1 strana v libanonsk\u00e9m parlamentu a maj\u00ed siln\u00e9 vojensk\u00e9 k\u0159\u00eddlo, jsou st\u0159edem slo\u017eit\u00e9 s\u00edt\u011b alianc\u00ed a nep\u0159\u00e1telstv\u00ed.\u00a0<\/span><strong><span>Zat\u00edmco \u00cdr\u00e1n pova\u017euje Hizball\u00e1h za nepostradateln\u00e9ho spojence ve sv\u00e9 \u201eose odporu\u201c proti Izraeli, USA a jejich arab\u0161t\u00ed partne\u0159i pova\u017euj\u00ed organizaci za destabilizuj\u00edc\u00ed faktor.<\/span><\/strong><span>\u00a0Tyto protich\u016fdn\u00e9 perspektivy zt\u011b\u017euj\u00ed trval\u00e9 diplomatick\u00e9 \u0159e\u0161en\u00ed.<\/span><\/p>\n<p><span>B\u00fdval\u00fd izraelsk\u00fd velvyslanec p\u0159i OSN Danny Danon to ned\u00e1vno \u0159ekl p\u0159\u00edmo:\u00a0<\/span><strong><span>\u201eHizball\u00e1h nen\u00ed libanonsk\u00fd probl\u00e9m \u2013 je to \u00edr\u00e1nsk\u00fd probl\u00e9m na libanonsk\u00e9m \u00fazem\u00ed.<\/span><\/strong><span> Toto vn\u00edm\u00e1n\u00ed podtrhuje slo\u017eitou povahu konfliktu, kter\u00fd daleko p\u0159esahuje bilater\u00e1ln\u00ed spor. Nadch\u00e1zej\u00edc\u00ed dny uk\u00e1\u017eou, zda je posledn\u00ed v\u00fdm\u011bna \u00fader\u016f ojedin\u011bl\u00fdm incidentem, nebo za\u010d\u00e1tkem nov\u00e9 spir\u00e1ly n\u00e1sil\u00ed. Diplomatick\u00e9 snahy jsou v pln\u00e9m proudu, aby zabr\u00e1nily dal\u0161\u00ed eskalaci.<\/span><\/p>\n<p><span>Strategick\u00e9 z\u00e1jmy z\u00fa\u010dastn\u011bn\u00fdch akt\u00e9r\u016f se v\u0161ak jev\u00ed st\u00e1le v\u00edce neslu\u010diteln\u00e9. Izrael trv\u00e1 na komplexn\u00edch bezpe\u010dnostn\u00edch z\u00e1ruk\u00e1ch pro sv\u00e9 severn\u00ed komunity, zat\u00edmco Hizball\u00e1h definuje svou roli jako vojensk\u00fd \u201eodpor\u201c proti Izraeli jako sv\u016fj existen\u010dn\u00ed raison d\u2019\u00eatre. V t\u00e9to napjat\u00e9 situaci by jak\u00fdkoli dal\u0161\u00ed raketov\u00fd \u00fatok nebo leteck\u00fd \u00fatok mohl kone\u010dn\u011b zru\u0161it k\u0159ehk\u00e9 p\u0159\u00edm\u011b\u0159\u00ed.<\/span><\/p>\n<p><img decoding=\"async\" loading=\"lazy\" class=\"alignnone size-full wp-image-71983\" src=\"http:\/\/www.infokuryr.cz\/n\/wp-content\/uploads\/2025\/02\/aaa.jpg\" alt=\"\" width=\"89\" height=\"23\" \/><\/p>\n<p>&nbsp;<\/p>\n","protected":false},"excerpt":{"rendered":"<p>K\u0159ehk\u00e9 p\u0159\u00edm\u011b\u0159\u00ed mezi Izraelem a milicemi Hizball\u00e1hu v Libanonu je op\u011bt v ohro\u017een\u00ed. V sobotu&#8230;<\/p>\n","protected":false},"author":2,"featured_media":74787,"comment_status":"closed","ping_status":"closed","sticky":false,"template":"","format":"standard","meta":[],"categories":[7],"tags":[804,107,220,405,40],"_links":{"self":[{"href":"https:\/\/www.infokuryr.cz\/n\/wp-json\/wp\/v2\/posts\/74786"}],"collection":[{"href":"https:\/\/www.infokuryr.cz\/n\/wp-json\/wp\/v2\/posts"}],"about":[{"href":"https:\/\/www.infokuryr.cz\/n\/wp-json\/wp\/v2\/types\/post"}],"author":[{"embeddable":true,"href":"https:\/\/www.infokuryr.cz\/n\/wp-json\/wp\/v2\/users\/2"}],"replies":[{"embeddable":true,"href":"https:\/\/www.infokuryr.cz\/n\/wp-json\/wp\/v2\/comments?post=74786"}],"version-history":[{"count":0,"href":"https:\/\/www.infokuryr.cz\/n\/wp-json\/wp\/v2\/posts\/74786\/revisions"}],"wp:featuredmedia":[{"embeddable":true,"href":"https:\/\/www.infokuryr.cz\/n\/wp-json\/wp\/v2\/media\/74787"}],"wp:attachment":[{"href":"https:\/\/www.infokuryr.cz\/n\/wp-json\/wp\/v2\/media?parent=74786"}],"wp:term":[{"taxonomy":"category","embeddable":true,"href":"https:\/\/www.infokuryr.cz\/n\/wp-json\/wp\/v2\/categories?post=74786"},{"taxonomy":"post_tag","embeddable":true,"href":"https:\/\/www.infokuryr.cz\/n\/wp-json\/wp\/v2\/tags?post=74786"}],"curies":[{"name":"wp","href":"https:\/\/api.w.org\/{rel}","templated":true}]}}