{"id":74735,"date":"2025-03-23T00:18:28","date_gmt":"2025-03-22T23:18:28","guid":{"rendered":"https:\/\/www.infokuryr.cz\/n\/?p=74735"},"modified":"2025-03-22T14:35:16","modified_gmt":"2025-03-22T13:35:16","slug":"zeleny-ustup-jak-projekt-recyklace-selhal-kvuli-nemecke-realite","status":"publish","type":"post","link":"https:\/\/www.infokuryr.cz\/n\/2025\/03\/23\/zeleny-ustup-jak-projekt-recyklace-selhal-kvuli-nemecke-realite\/","title":{"rendered":"Zelen\u00fd \u00fastup: Jak projekt recyklace selhal kv\u016fli n\u011bmeck\u00e9 realit\u011b"},"content":{"rendered":"<div id=\"fb-root\"><\/div>\n<p><strong><span>Projekt recyklace v hodnot\u011b mnoha milion\u016f eur, podporovan\u00fd glob\u00e1ln\u00ed technologickou skupinou, m\u011bl za c\u00edl u\u010dinit z Durynska centrum udr\u017eiteln\u00e9ho pr\u016fmyslu bateri\u00ed. Ale navzdory politick\u00fdm slov\u016fm \u201ezelen\u00e9 transformaci\u201c je pl\u00e1n nyn\u00ed mimo st\u016fl. Co skute\u010dn\u011b stoj\u00ed za uzav\u0159en\u00edm z\u00e1vodu u Gery \u2013 v\u016fle lidu, byrokracie nebo zelen\u00e1 ideologie na hranici sv\u00fdch mo\u017enost\u00ed?<\/span><\/strong><\/p>\n<p><span>S investi\u010dn\u00edm objemem 45 milion\u016f eur, p\u0159ibli\u017en\u011b 100 pl\u00e1novan\u00fdmi pracovn\u00edmi m\u00edsty a ro\u010dn\u00ed kapacitou 22 000 tun pou\u017eit\u00fdch bateri\u00ed byl pl\u00e1novan\u00fd recykla\u010dn\u00ed z\u00e1vod spole\u010dnost\u00ed Sungeel a Samsung C&amp;T v Gera-Cretzschwitz vzorov\u00fdm projektem pro \u201ezelenou budoucnost\u201c. Nyn\u00ed se ale nestav\u00ed. Sta\u017een\u00ed jihokorejsk\u00e9ho spole\u010dn\u00e9ho podniku nen\u00ed zp\u016fsobeno technick\u00fdmi pot\u00ed\u017eemi, ale sp\u00ed\u0161e sm\u011bsic\u00ed nejistoty v pl\u00e1nov\u00e1n\u00ed, masivn\u00edch protest\u016f ve\u0159ejnosti, pomal\u00fdch schvalovac\u00edch procedur a klesaj\u00edc\u00ed popt\u00e1vky po elektromobilech. Projekt, kter\u00fd m\u011bl podle politik\u016f transformaci podpo\u0159it, se st\u00e1v\u00e1 symbolem zhroucen\u00ed zelen\u00fdch ide\u00e1l\u016f tv\u00e1\u0159\u00ed v tv\u00e1\u0159 m\u00edstn\u00ed realit\u011b.<\/span><\/p>\n<h3 id=\"h-politik-predigt-transformation-aber-liefert-keine-grundlagen\" class=\"wp-block-heading\"><strong><span>Politika k\u00e1\u017ee transformaci \u2013 ale neposkytuje \u017e\u00e1dn\u00e9 z\u00e1klady<\/span><\/strong><\/h3>\n<p><span>Feder\u00e1ln\u00ed a st\u00e1tn\u00ed politici se l\u00e9ta p\u0159edh\u00e1n\u011bj\u00ed hesly o dekarbonizaci a elektromobilit\u011b. Ale kdy\u017e na to p\u0159ijde, selh\u00e1vaj\u00ed i projekty, kter\u00e9 maj\u00ed slou\u017eit pr\u00e1v\u011b tomuto c\u00edli. Navzdory z\u00e1vazk\u016fm v\u016f\u010di ob\u011bhov\u00e9mu hospod\u00e1\u0159stv\u00ed z\u016fstaly v Gera otev\u0159en\u00e9 z\u00e1kladn\u00ed politick\u00e9 a pr\u00e1vn\u00ed p\u0159edpoklady. Posouzen\u00ed vlivu na \u017eivotn\u00ed prost\u0159ed\u00ed bylo vy\u017e\u00e1d\u00e1no na n\u00e1tlak magistr\u00e1tu m\u011bsta, ale nikdy nebylo realizov\u00e1no. \u010cekalo se na schv\u00e1len\u00ed a \u0159\u00edzen\u00ed se protahovalo. Struktur\u00e1ln\u00ed zm\u011bna, kterou prosazuj\u00ed politici, je nejen polovi\u010dat\u00e1, ale dokonce se j\u00ed aktivn\u011b br\u00e1n\u00ed. Mezit\u00edm N\u011bmecko nad\u00e1le ztr\u00e1c\u00ed svou atraktivitu pro mezin\u00e1rodn\u00ed investory.<\/span><\/p>\n<h3 id=\"h-burgerwiderstand-als-motor-oder-bremse\" class=\"wp-block-heading\"><strong><span>Ob\u010dansk\u00fd odpor jako motor nebo brzda?<\/span><\/strong><\/h3>\n<p><span>\u00dast\u0159edn\u00ed roli sehr\u00e1l tak\u00e9 organizovan\u00fd odpor ob\u010dansk\u00e9 iniciativy Gera-Cretzschwitz. B\u011bhem velmi kr\u00e1tk\u00e9 doby nasb\u00edrala p\u0159es 7000 podpis\u016f, zorganizovala vatry, informa\u010dn\u00ed ve\u010dery a rozeslala otev\u0159en\u00e9 dopisy veden\u00ed m\u011bsta. Kritick\u00e9 body: nedostatek transparentnosti, potenci\u00e1ln\u00ed nebezpe\u010d\u00ed po\u017e\u00e1ru lithium-iontov\u00fdmi bateriemi, zne\u010di\u0161t\u011bn\u00ed \u017eivotn\u00edho prost\u0159ed\u00ed a m\u00edstn\u00edch obyvatel \u2013 ale p\u0159edev\u0161\u00edm obvin\u011bn\u00ed, \u017ee skute\u010dn\u00e1 p\u0159idan\u00e1 hodnota proud\u00ed do zahrani\u010d\u00ed (zejm\u00e9na do Koreje). To odhalilo vzorec, kter\u00fd ovliv\u0148uje mnoho velk\u00fdch zelen\u00fdch projekt\u016f: m\u00edstn\u00ed z\u00e1jmy spl\u0148uj\u00ed glob\u00e1ln\u00ed ekologick\u00e9 sliby \u2013 a nakonec projekt prohr\u00e1v\u00e1 v obou bodech.<\/span><\/p>\n<h3 id=\"h-verfahren-voller-pannen-und-misstrauen\" class=\"wp-block-heading\"><strong><span>Postupy pln\u00e9 ne\u0161t\u011bst\u00ed a ned\u016fv\u011bry<\/span><\/strong><\/h3>\n<p><span>Nav\u00edc existuje postup, kter\u00fd postr\u00e1d\u00e1 i form\u00e1ln\u00ed normy. Sungeel p\u0159iznal, \u017ee v ofici\u00e1ln\u00edch dokumentech ne\u00famysln\u011b pou\u017eil fale\u0161n\u00e1 data z jihokorejsk\u00e9ho za\u0159\u00edzen\u00ed. P\u0159esto\u017ee byla ozn\u00e1mena nov\u00e1 \u010d\u00edsla, v online diskuz\u00edch se nad\u00e1le pou\u017e\u00edvaly star\u00e9 hodnoty. Ob\u010dansk\u00e1 iniciativa si opr\u00e1vn\u011bn\u011b st\u011b\u017euje na nedostatek transparentnosti \u2013 i durynsk\u00fd st\u00e1tn\u00ed \u00fa\u0159ad TLUBN musel prov\u00e9st n\u00e1slednou pr\u00e1ci. Do konce roku 2024 bylo doru\u010deno v\u00edce ne\u017e 7 800 n\u00e1mitek, ale ve\u0159ejn\u00e1 diskuse byla po n\u011bkolika dnech p\u0159esunuta na internet \u2013 \u00fadajn\u011b z d\u016fvodu efektivity. Ve skute\u010dnosti se mnoz\u00ed ob\u010dan\u00e9 prost\u011b c\u00edtili ignorov\u00e1ni.<\/span><\/p>\n<h3 id=\"h-der-standort-deutschland-unberechenbar-fur-investoren\" class=\"wp-block-heading\"><strong><span>N\u011bmecko jako obchodn\u00ed m\u00edsto \u2013 pro investory nep\u0159edv\u00eddateln\u00e9<\/span><\/strong><\/h3>\n<p><span>Pro automobilov\u00fd a ekologick\u00fd pr\u016fmysl je sta\u017een\u00ed z Gera fat\u00e1ln\u00edm sign\u00e1lem. Zat\u00edmco ministr hospod\u00e1\u0159stv\u00ed Habeck mluv\u00ed o odolnosti a strategick\u00e9 suverenit\u011b, investo\u0159i se vyh\u00fdbaj\u00ed pl\u00e1novac\u00ed nejistot\u011b, odporu a byrokratick\u00fdm p\u0159ek\u00e1\u017ek\u00e1m. Dokonce i \u201ezelen\u00e9\u201c projekty, kter\u00e9 jsou vychvalov\u00e1ny v ned\u011bln\u00edch projevech, selh\u00e1vaj\u00ed kv\u016fli nedostate\u010dn\u00e9 implementaci, nedostate\u010dn\u00e9 spole\u010densk\u00e9 akceptaci a nejednotn\u00fdm postup\u016fm. \u0158editel \u201eAutomotive Th\u00fcringen\u201c, Rico Chmelik, hovo\u0159\u00ed o \u201epropadu cel\u00e9ho odv\u011btv\u00ed\u201c. Struktur\u00e1ln\u00ed zm\u011bna, kter\u00e1 br\u00e1n\u00ed investic\u00edm, nen\u00ed struktur\u00e1ln\u00ed zm\u011bnou \u2013 je to stagnace v zelen\u00e9m h\u00e1vu.<\/span><\/p>\n<h3 id=\"h-fazit-ideologie-ersetzt-keine-industriepolitik\" class=\"wp-block-heading\"><strong><span>Z\u00e1v\u011br: Ideologie nenahrazuje pr\u016fmyslovou politiku<\/span><\/strong><\/h3>\n<p><span>Ne\u00fasp\u011bch projektu v Gera je p\u0159\u00edkladem toho, jak dalece se touha a realita li\u0161\u00ed v n\u011bmeck\u00e9 klimatick\u00e9 politice. Zelen\u00e1 transformace m\u00e1 vytv\u00e1\u0159et pracovn\u00ed m\u00edsta, podporovat udr\u017eitelnost a zajistit loka\u010dn\u00ed v\u00fdhody. Pokud v\u0161ak po slovech nen\u00e1sleduj\u00ed \u010diny, st\u00e1v\u00e1 se \u201etechnologie budoucnosti\u201c rychle pr\u00e1zdn\u00fdm p\u0159\u00edslibem. Sungeelovo sta\u017een\u00ed nen\u00ed jen ne\u00fasp\u011b\u0161n\u00fd projekt \u2013 je to symptom hlub\u0161\u00edho probl\u00e9mu: politika a obyvatelstvo \u017eij\u00ed v odd\u011blen\u00fdch sv\u011btech. A mezi nimi stoj\u00ed byrokracie, kter\u00e1 dus\u00ed jak\u00fdkoli impuls k pohybu.<\/span><\/p>\n<p><img decoding=\"async\" loading=\"lazy\" class=\"alignnone size-full wp-image-71983\" src=\"http:\/\/www.infokuryr.cz\/n\/wp-content\/uploads\/2025\/02\/aaa.jpg\" alt=\"\" width=\"89\" height=\"23\" \/><\/p>\n<p>&nbsp;<\/p>\n","protected":false},"excerpt":{"rendered":"<p>Projekt recyklace v hodnot\u011b mnoha milion\u016f eur, podporovan\u00fd glob\u00e1ln\u00ed technologickou skupinou, m\u011bl za c\u00edl u\u010dinit&#8230;<\/p>\n","protected":false},"author":2,"featured_media":74736,"comment_status":"closed","ping_status":"closed","sticky":false,"template":"","format":"standard","meta":[],"categories":[7],"tags":[67,4950,103],"_links":{"self":[{"href":"https:\/\/www.infokuryr.cz\/n\/wp-json\/wp\/v2\/posts\/74735"}],"collection":[{"href":"https:\/\/www.infokuryr.cz\/n\/wp-json\/wp\/v2\/posts"}],"about":[{"href":"https:\/\/www.infokuryr.cz\/n\/wp-json\/wp\/v2\/types\/post"}],"author":[{"embeddable":true,"href":"https:\/\/www.infokuryr.cz\/n\/wp-json\/wp\/v2\/users\/2"}],"replies":[{"embeddable":true,"href":"https:\/\/www.infokuryr.cz\/n\/wp-json\/wp\/v2\/comments?post=74735"}],"version-history":[{"count":0,"href":"https:\/\/www.infokuryr.cz\/n\/wp-json\/wp\/v2\/posts\/74735\/revisions"}],"wp:featuredmedia":[{"embeddable":true,"href":"https:\/\/www.infokuryr.cz\/n\/wp-json\/wp\/v2\/media\/74736"}],"wp:attachment":[{"href":"https:\/\/www.infokuryr.cz\/n\/wp-json\/wp\/v2\/media?parent=74735"}],"wp:term":[{"taxonomy":"category","embeddable":true,"href":"https:\/\/www.infokuryr.cz\/n\/wp-json\/wp\/v2\/categories?post=74735"},{"taxonomy":"post_tag","embeddable":true,"href":"https:\/\/www.infokuryr.cz\/n\/wp-json\/wp\/v2\/tags?post=74735"}],"curies":[{"name":"wp","href":"https:\/\/api.w.org\/{rel}","templated":true}]}}