{"id":74730,"date":"2025-03-23T00:16:12","date_gmt":"2025-03-22T23:16:12","guid":{"rendered":"https:\/\/www.infokuryr.cz\/n\/?p=74730"},"modified":"2025-03-22T14:27:19","modified_gmt":"2025-03-22T13:27:19","slug":"evropsky-plan-kontroly-rakoviny-ockovani-proti-koronaviru-je-zcela-ignorovano","status":"publish","type":"post","link":"https:\/\/www.infokuryr.cz\/n\/2025\/03\/23\/evropsky-plan-kontroly-rakoviny-ockovani-proti-koronaviru-je-zcela-ignorovano\/","title":{"rendered":"Evropsk\u00fd pl\u00e1n kontroly rakoviny: O\u010dkov\u00e1n\u00ed proti koronaviru je zcela ignorov\u00e1no"},"content":{"rendered":"<div id=\"fb-root\"><\/div>\n<p><strong><span>Zji\u0161t\u011bn\u00ed ze Slovenska, kde byla objevena masivn\u00ed kontaminace DNA v \u0161ar\u017e\u00edch vakc\u00edn mRNA od Moderna a Pfizer, vyvolala rozruch \u2013 ale v EU jsou nedostatky a \u0161kodliv\u00e9 \u00fa\u010dinky genov\u00fdch terapi\u00ed, kter\u00e9 byly ve\u0159ejnosti p\u0159edstaveny prost\u0159ednictv\u00edm n\u00e1tlaku a n\u00e1tlaku, nad\u00e1le ignorov\u00e1ny. B\u011bhem debaty o Evropsk\u00e9m pl\u00e1nu boje proti rakovin\u011b se europoslanec za Stranu svobody Gerald Hauser zeptal Gener\u00e1ln\u00edho \u0159editelstv\u00ed pro zdrav\u00ed a bezpe\u010dnost potravin Evropsk\u00e9 komise na souvislosti mezi o\u010dkov\u00e1n\u00edm a n\u00e1r\u016fstem p\u0159\u00edpad\u016f rakoviny. Necht\u011bj\u00ed tam nic v\u011bd\u011bt.<\/span><\/strong><\/p>\n<p><em><span>Tiskov\u00e1 zpr\u00e1va FP\u00d6:<\/span><\/em><\/p>\n<p><span>Dne 19. b\u0159ezna 2025 prob\u011bhla ve zdravotnick\u00e9m v\u00fdboru Evropsk\u00e9ho parlamentu diskuse o Evropsk\u00e9m pl\u00e1nu pro kontrolu rakoviny. Liber\u00e1ln\u00ed europoslanec Gerald Hauser zopakoval svou podporu jak\u00e9koli iniciativ\u011b, kter\u00e1 pokro\u010d\u00ed v boji proti rakovin\u011b a zlep\u0161\u00ed zdrav\u00ed lid\u00ed. Z\u00e1rove\u0148 v\u0161ak vyj\u00e1d\u0159il velk\u00e9 znepokojen\u00ed: \u201eV\u00fdskyt rakoviny od roz\u0161\u00ed\u0159en\u00e9ho o\u010dkov\u00e1n\u00ed mRNA explodoval \u2013 n\u00e1r\u016fst u d\u011bt\u00ed je obzvl\u00e1\u0161t\u011b alarmuj\u00edc\u00ed!\u201c<\/span><\/p>\n<p><span>Hauser v t\u00e9to souvislosti odk\u00e1zal na tiskovou konferenci slovensk\u00e9ho l\u00e9ka\u0159e a poslance N\u00e1rodn\u00ed rady Dr. Peter Kotl\u00e1r, kter\u00fd ned\u00e1vno p\u0159edstavil alarmuj\u00edc\u00ed v\u00fdsledky v\u00fdzkumu. &#8222;Na Slovensku byly analyzov\u00e1ny \u0161ar\u017ee podan\u00fdch mRNA vakc\u00edn od spole\u010dnost\u00ed Pfizer a Moderna a u v\u0161ech zkouman\u00fdch \u0161ar\u017e\u00ed byla zji\u0161t\u011bna v\u00fdznamn\u00e1 kontaminace DNA. To by krom\u011b jin\u00fdch zdravotn\u00edch rizik mohlo zp\u016fsobit i rakovinu,&#8220; \u0159ekl Hauser.<\/span><\/p>\n<p><span>Ve sv\u011btle t\u011bchto zji\u0161t\u011bn\u00ed polo\u017eil Hauser vedouc\u00edmu t\u00fdmu na Gener\u00e1ln\u00edm \u0159editelstv\u00ed Evropsk\u00e9 komise pro zdrav\u00ed a bezpe\u010dnost potravin Matthiase Schuppeho, kter\u00fd je odpov\u011bdn\u00fd za Evropsk\u00fd pl\u00e1n pro kontrolu rakoviny, p\u0159\u00edmou ot\u00e1zku ve v\u00fdboru: &#8222;Vid\u00edte souvislost mezi o\u010dkov\u00e1n\u00edm mRNA a zvy\u0161uj\u00edc\u00edm se po\u010dtem p\u0159\u00edpad\u016f rakoviny?&#8220; Odpov\u011b\u010f od Dr. Schuppe \u0159ekl, \u017ee &#8222;neexistuje \u017e\u00e1dn\u00fd d\u016fkaz, \u017ee o\u010dkov\u00e1n\u00ed mRNA zp\u016fsobuje rakovinu. Tato odpov\u011b\u010f m\u011b \u0161okovala a ukazuje, jak daleko je odborn\u00edk od reality a skute\u010dn\u00fdch fakt\u016f,&#8220; \u0159ekl Hauser.<\/span><\/p>\n<p><span>\u201eV Evropsk\u00e9m parlamentu n\u00e1s \u010dek\u00e1 je\u0161t\u011b hodn\u011b pr\u00e1ce, abychom uk\u00e1zali, \u017ee o\u010dkov\u00e1n\u00ed mRNA Covid je tak\u00e9 \u010d\u00e1ste\u010dn\u011b zodpov\u011bdn\u00e9 za exploduj\u00edc\u00ed p\u0159\u00edpady rakoviny,\u201c vysv\u011btlil Hauser.<\/span><\/p>\n<p><img decoding=\"async\" loading=\"lazy\" class=\"alignnone size-full wp-image-71983\" src=\"http:\/\/www.infokuryr.cz\/n\/wp-content\/uploads\/2025\/02\/aaa.jpg\" alt=\"\" width=\"89\" height=\"23\" \/><\/p>\n<p>&nbsp;<\/p>\n","protected":false},"excerpt":{"rendered":"<p>Zji\u0161t\u011bn\u00ed ze Slovenska, kde byla objevena masivn\u00ed kontaminace DNA v \u0161ar\u017e\u00edch vakc\u00edn mRNA od Moderna&#8230;<\/p>\n","protected":false},"author":2,"featured_media":74731,"comment_status":"closed","ping_status":"closed","sticky":false,"template":"","format":"standard","meta":[],"categories":[7],"tags":[694,1366,331,8746],"_links":{"self":[{"href":"https:\/\/www.infokuryr.cz\/n\/wp-json\/wp\/v2\/posts\/74730"}],"collection":[{"href":"https:\/\/www.infokuryr.cz\/n\/wp-json\/wp\/v2\/posts"}],"about":[{"href":"https:\/\/www.infokuryr.cz\/n\/wp-json\/wp\/v2\/types\/post"}],"author":[{"embeddable":true,"href":"https:\/\/www.infokuryr.cz\/n\/wp-json\/wp\/v2\/users\/2"}],"replies":[{"embeddable":true,"href":"https:\/\/www.infokuryr.cz\/n\/wp-json\/wp\/v2\/comments?post=74730"}],"version-history":[{"count":0,"href":"https:\/\/www.infokuryr.cz\/n\/wp-json\/wp\/v2\/posts\/74730\/revisions"}],"wp:featuredmedia":[{"embeddable":true,"href":"https:\/\/www.infokuryr.cz\/n\/wp-json\/wp\/v2\/media\/74731"}],"wp:attachment":[{"href":"https:\/\/www.infokuryr.cz\/n\/wp-json\/wp\/v2\/media?parent=74730"}],"wp:term":[{"taxonomy":"category","embeddable":true,"href":"https:\/\/www.infokuryr.cz\/n\/wp-json\/wp\/v2\/categories?post=74730"},{"taxonomy":"post_tag","embeddable":true,"href":"https:\/\/www.infokuryr.cz\/n\/wp-json\/wp\/v2\/tags?post=74730"}],"curies":[{"name":"wp","href":"https:\/\/api.w.org\/{rel}","templated":true}]}}