{"id":74727,"date":"2025-03-23T00:14:02","date_gmt":"2025-03-22T23:14:02","guid":{"rendered":"https:\/\/www.infokuryr.cz\/n\/?p=74727"},"modified":"2025-03-22T14:21:27","modified_gmt":"2025-03-22T13:21:27","slug":"jd-vance-dodava-globalisticka-evropa-na-pokraji-sebevrazdy","status":"publish","type":"post","link":"https:\/\/www.infokuryr.cz\/n\/2025\/03\/23\/jd-vance-dodava-globalisticka-evropa-na-pokraji-sebevrazdy\/","title":{"rendered":"JD Vance dod\u00e1v\u00e1: Globalistick\u00e1 Evropa \u201ena pokraji sebevra\u017edy\u201c"},"content":{"rendered":"<div id=\"fb-root\"><\/div>\n<div class=\"elementor-element elementor-element-1fb4c2c elementor-widget elementor-widget-theme-post-content\" data-id=\"1fb4c2c\" data-element_type=\"widget\" data-widget_type=\"theme-post-content.default\">\n<div class=\"elementor-widget-container\">\n<p><span>JD Vance po sv\u00e9m ostr\u00e9m projevu na mnichovsk\u00e9 bezpe\u010dnostn\u00ed konferenci, ve kter\u00e9m p\u0159\u00edmo za\u00fato\u010dil na evropsk\u00e9 hlavy st\u00e1t\u016f a vl\u00e1d, zes\u00edlil svou kritiku. V rozhovoru s Laurou Ingraham na Fox News zve\u0159ejn\u011bn\u00e9m v p\u00e1tek ve\u010der americk\u00fd viceprezident varoval p\u0159ed globalistickou agendou, kter\u00e1 dominuje velk\u00e9 \u010d\u00e1sti Evropy. To by podle Vance mohlo v kone\u010dn\u00e9m d\u016fsledku znamenat p\u00e1d \u201ekol\u00e9bky z\u00e1padn\u00ed civilizace\u201c, kter\u00e1 je \u201ena pokraji\u201c.<\/span><\/p>\n<p><span>Kritizoval politiku otev\u0159en\u00fdch hranic, kter\u00e1 se t\u00fdk\u00e1 mnoha evropsk\u00fdch ob\u010dan\u016f, ale vl\u00e1dy ji v posledn\u00edch deseti letech ne\u00fanavn\u011b prosazuj\u00ed. Vyslovil se tak\u00e9 proti rostouc\u00edmu omezov\u00e1n\u00ed svobody projevu \u00fadajn\u011b liber\u00e1ln\u00edmi vl\u00e1dami v EU a Spojen\u00e9m kr\u00e1lovstv\u00ed. Tvrd\u011b zas\u00e1hli proti disentu: &#8222;P\u0159\u00edli\u0161 mnoho zem\u00ed nen\u00ed schopno nebo ochotno kontrolovat sv\u00e9 hranice. Z\u00e1rove\u0148 za\u010d\u00ednaj\u00ed omezovat svobodu projevu sv\u00fdch vlastn\u00edch ob\u010dan\u016f, i kdy\u017e protestuj\u00ed proti v\u011bcem, jako jsou invaze na hranice. To je d\u016fvod, pro\u010d byl zvolen [prezident USA] Donald Trump a \u0159ada evropsk\u00fdch politik\u016f.&#8220;<\/span><\/p>\n<p><span>Vyzdvihl zejm\u00e9na n\u011bmeckou migra\u010dn\u00ed politiku: &#8222;Pokud zem\u011b jako N\u011bmecko p\u0159ijme o p\u00e1r milion\u016f v\u00edce imigrant\u016f z kulturn\u011b zcela nekompatibiln\u00edch zem\u00ed, pak bude jedno, co si o Evrop\u011b mysl\u00edm. N\u011bmecko se zabilo. A douf\u00e1m, \u017ee to neud\u011blaj\u00ed, proto\u017ee N\u011bmecko miluji a chci, aby N\u011bmecko prosperovalo.&#8220;<\/span><\/p>\n<p><span>Kompletn\u00ed rozhovor pro Fox News s n\u011bmeck\u00fdmi titulky.<\/span><\/p>\n<p><span>P\u0159\u00edmo\u00a0<\/span><a href=\"https:\/\/old.bitchute.com\/video\/t8txs2JZaOFV\/\" target=\"_blank\" rel=\"noreferrer noopener\" data-type=\"link\" data-id=\"https:\/\/old.bitchute.com\/video\/t8txs2JZaOFV\/\"><span>k videu<\/span><\/a><span>\u00a0:<\/span><\/p>\n<p><iframe loading=\"lazy\" src=\"https:\/\/www.bitchute.com\/embed\/t8txs2JZaOFV\/\" width=\"640\" height=\"360\" frameborder=\"0\" scrolling=\"no\" data-mce-fragment=\"1\"><\/iframe><\/div>\n<\/div>\n<div class=\"elementor-element elementor-element-46a8472 elementor-grid-3 elementor-grid-tablet-2 elementor-grid-mobile-1 elementor-posts--thumbnail-top elementor-widget elementor-widget-posts\" data-id=\"46a8472\" data-element_type=\"widget\" data-settings=\"{&quot;classic_row_gap&quot;:{&quot;unit&quot;:&quot;px&quot;,&quot;size&quot;:25,&quot;sizes&quot;:[]},&quot;classic_columns&quot;:&quot;3&quot;,&quot;classic_columns_tablet&quot;:&quot;2&quot;,&quot;classic_columns_mobile&quot;:&quot;1&quot;,&quot;classic_row_gap_tablet&quot;:{&quot;unit&quot;:&quot;px&quot;,&quot;size&quot;:&quot;&quot;,&quot;sizes&quot;:[]},&quot;classic_row_gap_mobile&quot;:{&quot;unit&quot;:&quot;px&quot;,&quot;size&quot;:&quot;&quot;,&quot;sizes&quot;:[]}}\" data-widget_type=\"posts.classic\">\n<div class=\"elementor-widget-container\">\n<div class=\"elementor-posts-container elementor-posts elementor-posts--skin-classic elementor-grid elementor-has-item-ratio\">\n<img decoding=\"async\" loading=\"lazy\" class=\"alignnone size-full wp-image-71983\" src=\"http:\/\/www.infokuryr.cz\/n\/wp-content\/uploads\/2025\/02\/aaa.jpg\" alt=\"\" width=\"89\" height=\"23\" \/><\/p>\n<\/div>\n<\/div>\n<\/div>\n","protected":false},"excerpt":{"rendered":"<p>JD Vance po sv\u00e9m ostr\u00e9m projevu na mnichovsk\u00e9 bezpe\u010dnostn\u00ed konferenci, ve kter\u00e9m p\u0159\u00edmo za\u00fato\u010dil na&#8230;<\/p>\n","protected":false},"author":2,"featured_media":60053,"comment_status":"closed","ping_status":"closed","sticky":false,"template":"","format":"standard","meta":[],"categories":[7],"tags":[283,3509,7598],"_links":{"self":[{"href":"https:\/\/www.infokuryr.cz\/n\/wp-json\/wp\/v2\/posts\/74727"}],"collection":[{"href":"https:\/\/www.infokuryr.cz\/n\/wp-json\/wp\/v2\/posts"}],"about":[{"href":"https:\/\/www.infokuryr.cz\/n\/wp-json\/wp\/v2\/types\/post"}],"author":[{"embeddable":true,"href":"https:\/\/www.infokuryr.cz\/n\/wp-json\/wp\/v2\/users\/2"}],"replies":[{"embeddable":true,"href":"https:\/\/www.infokuryr.cz\/n\/wp-json\/wp\/v2\/comments?post=74727"}],"version-history":[{"count":0,"href":"https:\/\/www.infokuryr.cz\/n\/wp-json\/wp\/v2\/posts\/74727\/revisions"}],"wp:featuredmedia":[{"embeddable":true,"href":"https:\/\/www.infokuryr.cz\/n\/wp-json\/wp\/v2\/media\/60053"}],"wp:attachment":[{"href":"https:\/\/www.infokuryr.cz\/n\/wp-json\/wp\/v2\/media?parent=74727"}],"wp:term":[{"taxonomy":"category","embeddable":true,"href":"https:\/\/www.infokuryr.cz\/n\/wp-json\/wp\/v2\/categories?post=74727"},{"taxonomy":"post_tag","embeddable":true,"href":"https:\/\/www.infokuryr.cz\/n\/wp-json\/wp\/v2\/tags?post=74727"}],"curies":[{"name":"wp","href":"https:\/\/api.w.org\/{rel}","templated":true}]}}