{"id":74710,"date":"2025-03-22T06:36:16","date_gmt":"2025-03-22T05:36:16","guid":{"rendered":"https:\/\/www.infokuryr.cz\/n\/?p=74710"},"modified":"2025-03-22T06:36:16","modified_gmt":"2025-03-22T05:36:16","slug":"ukrajinsky-dron-zautocil-na-bytovy-dum-v-jiznim-rusku","status":"publish","type":"post","link":"https:\/\/www.infokuryr.cz\/n\/2025\/03\/22\/ukrajinsky-dron-zautocil-na-bytovy-dum-v-jiznim-rusku\/","title":{"rendered":"Ukrajinsk\u00fd dron za\u00fato\u010dil na bytov\u00fd d\u016fm v ji\u017en\u00edm Rusku"},"content":{"rendered":"<div id=\"fb-root\"><\/div>\n<h3>P\u0159i \u00fatoku ve m\u011bst\u011b Rostov na Donu byli zran\u011bni dva lid\u00e9, uvedl region\u00e1ln\u00ed \u0161\u00e9f<\/h3>\n<p><span>Ukrajinsk\u00fd dron zas\u00e1hl vysok\u00fd bytov\u00fd komplex v jihorusk\u00e9m m\u011bst\u011b Rostov na Donu, \u0159ekl guvern\u00e9r Rostovsk\u00e9 oblasti Jurij Sljusar.<\/span><\/p>\n<p><span>UAV zp\u016fsobil v\u00fdbuch v 17. pat\u0159e v\u00fd\u0161kov\u00e9 budovy, napsal v p\u00e1tek ve\u010der na Telegramu.<\/span><\/p>\n<p><em><span>&#8222;Podle p\u0159edb\u011b\u017en\u00fdch \u00fadaj\u016f nejsou \u017e\u00e1dn\u00e9 ob\u011bti. Dva lid\u00e9 byli zran\u011bni. Informace se up\u0159es\u0148uj\u00ed,&#8220;<\/span><\/em><span>\u00a0napsal.\u00a0<\/span><\/p>\n<p data-pm-slice=\"1 1 []\"><span>M\u00edstn\u00ed zpravodajsk\u00e9 kan\u00e1ly Telegram uvedly, \u017ee UAV narazil do zdi a explodoval, p\u0159i\u010dem\u017e v\u00fdbuch rozbil okna v n\u011bkolika bytech.<\/span><\/p>\n<p data-pm-slice=\"1 1 []\"><span>Jeden z obyvatel 21. patra \u0159ekl webu news161.ru, \u017ee sly\u0161el\u00a0<\/span><em><span>\u201esilnou r\u00e1nu kolem 23:00\u201c.<\/span><\/em><\/p>\n<div class=\"rtcode\">\n<div><iframe loading=\"lazy\" id=\"telegram-post-news161ru-61923\" src=\"https:\/\/t.me\/news161ru\/61923?embed=1\" width=\"100%\" height=\"\" frameborder=\"0\" scrolling=\"no\" data-mce-fragment=\"1\"><\/iframe><\/div>\n<\/div>\n<p><span>Izvestija zve\u0159ejnila video CCTV, kter\u00e9 podle nich zachytilo okam\u017eik st\u00e1vky.<\/span><\/p>\n<p><span>\u00datoky dron\u016f byly v p\u00e1tek hl\u00e1\u0161eny v n\u011bkolika rusk\u00fdch regionech. V\u00edce ne\u017e deset bylo zachyceno v z\u00e1padn\u00ed Voron\u011b\u017esk\u00e9 oblasti, \u0159ekl guvern\u00e9r Aleksandr Gusev.<\/span><\/p>\n<p data-pm-slice=\"1 1 []\"><span>K \u00fatok\u016fm do\u0161lo v dob\u011b, kdy se americk\u00fd prezident Donald Trump sna\u017eil zprost\u0159edkovat p\u0159\u00edm\u011b\u0159\u00ed mezi Ruskem a Ukrajinou prost\u0159ednictv\u00edm kyvadlov\u00e9 diplomacie.\u00a0<\/span><\/p>\n<p><span>Trump\u016fv zmocn\u011bnec pro Ukrajinu Keith Kellogg tento t\u00fdden \u0159ekl ABC News, \u017ee USA pl\u00e1nuj\u00ed uspo\u0159\u00e1dat\u00a0<\/span><em><span>\u201enep\u0159\u00edm\u00e1 jedn\u00e1n\u00ed\u201c<\/span><\/em><span>\u00a0mezi Ruskem a Ukrajinou v Sa\u00fadsk\u00e9 Ar\u00e1bii na 24. b\u0159ezna.<\/span><\/p>\n<p><img decoding=\"async\" loading=\"lazy\" class=\"alignnone size-full wp-image-71983\" src=\"http:\/\/www.infokuryr.cz\/n\/wp-content\/uploads\/2025\/02\/aaa.jpg\" alt=\"\" width=\"89\" height=\"23\" \/><\/p>\n<p>&nbsp;<\/p>\n","protected":false},"excerpt":{"rendered":"<p>P\u0159i \u00fatoku ve m\u011bst\u011b Rostov na Donu byli zran\u011bni dva lid\u00e9, uvedl region\u00e1ln\u00ed \u0161\u00e9f Ukrajinsk\u00fd&#8230;<\/p>\n","protected":false},"author":2,"featured_media":74711,"comment_status":"closed","ping_status":"closed","sticky":false,"template":"","format":"standard","meta":[],"categories":[7],"tags":[3727,22,26],"_links":{"self":[{"href":"https:\/\/www.infokuryr.cz\/n\/wp-json\/wp\/v2\/posts\/74710"}],"collection":[{"href":"https:\/\/www.infokuryr.cz\/n\/wp-json\/wp\/v2\/posts"}],"about":[{"href":"https:\/\/www.infokuryr.cz\/n\/wp-json\/wp\/v2\/types\/post"}],"author":[{"embeddable":true,"href":"https:\/\/www.infokuryr.cz\/n\/wp-json\/wp\/v2\/users\/2"}],"replies":[{"embeddable":true,"href":"https:\/\/www.infokuryr.cz\/n\/wp-json\/wp\/v2\/comments?post=74710"}],"version-history":[{"count":0,"href":"https:\/\/www.infokuryr.cz\/n\/wp-json\/wp\/v2\/posts\/74710\/revisions"}],"wp:featuredmedia":[{"embeddable":true,"href":"https:\/\/www.infokuryr.cz\/n\/wp-json\/wp\/v2\/media\/74711"}],"wp:attachment":[{"href":"https:\/\/www.infokuryr.cz\/n\/wp-json\/wp\/v2\/media?parent=74710"}],"wp:term":[{"taxonomy":"category","embeddable":true,"href":"https:\/\/www.infokuryr.cz\/n\/wp-json\/wp\/v2\/categories?post=74710"},{"taxonomy":"post_tag","embeddable":true,"href":"https:\/\/www.infokuryr.cz\/n\/wp-json\/wp\/v2\/tags?post=74710"}],"curies":[{"name":"wp","href":"https:\/\/api.w.org\/{rel}","templated":true}]}}