{"id":7470,"date":"2022-01-11T07:26:01","date_gmt":"2022-01-11T06:26:01","guid":{"rendered":"http:\/\/www.infokuryr.cz\/n\/?p=7470"},"modified":"2022-01-11T07:26:23","modified_gmt":"2022-01-11T06:26:23","slug":"obranna-dohoda-s-usa-nejdrive-slovensko-pak-cesko-konecna-varuje-pred-americkymi-plany","status":"publish","type":"post","link":"https:\/\/www.infokuryr.cz\/n\/2022\/01\/11\/obranna-dohoda-s-usa-nejdrive-slovensko-pak-cesko-konecna-varuje-pred-americkymi-plany\/","title":{"rendered":"Obrann\u00e1 dohoda s USA: Nejd\u0159\u00edve Slovensko, pak \u010cesko? Kone\u010dn\u00e1 varuje p\u0159ed americk\u00fdmi pl\u00e1ny"},"content":{"rendered":"<div id=\"fb-root\"><\/div>\n<p>Europoslankyn\u011b a \u0161\u00e9fka KS\u010cM Kate\u0159ina Kone\u010dn\u00e1 se vyslovila proti obrann\u00e9 dohod\u011b mezi Slovenskem a USA. Varovala p\u0159ed rizikem, \u017ee zem\u011b ztrat\u00ed \u010d\u00e1st sv\u00e9 suverenity a \u017ee se americk\u00e1 arm\u00e1da bude cht\u00edt us\u00eddlit i v \u010cesku.<\/p>\n<p>Slovensko rozd\u011bluje vyjednan\u00e1 dohoda o obrann\u00e9 spolupr\u00e1ci se Spojen\u00fdmi st\u00e1ty. Na jej\u00edm z\u00e1klad\u011b by Spojen\u00e9 st\u00e1ty poskytly v p\u0159epo\u010dtu 2,2 miliardy korun na modernizaci leti\u0161\u0165 Malacky-Kuchy\u0148a a Slia\u010d. V\u00fdm\u011bnou za to by je ameri\u010dt\u00ed voj\u00e1ci mohli bez n\u00e1jemn\u00e9ho vyu\u017e\u00edvat pro vlastn\u00ed \u00fa\u010dely po dobu deseti let.<br \/>\nJedn\u00e1n\u00ed o dohod\u011b prob\u00edhala je\u0161t\u011b za minul\u00e9 vl\u00e1dy Petera Pellegriniho v roce 2019. N\u00e1sledn\u011b je ale ukon\u010dila s t\u00edm, \u017ee navrhovan\u00e9 podm\u00ednky jsou pro Slovensko nev\u00fdhodn\u00e9. Jedn\u00e1n\u00ed dokon\u010dil kabinet Igora Matovi\u010de a Eduarda Hegera (oba O\u013daNO). Podle vl\u00e1dy se jedn\u00e1 o standardn\u00ed smlouvu, kter\u00e1 m\u00e1 vyjasnit spolupr\u00e1ci a p\u0159\u00edtomnost americk\u00fdch voj\u00e1k\u016f v zemi. V p\u0159\u00edpad\u011b konfliktu by usnadnila eventu\u00e1ln\u00ed operace Ameri\u010dan\u016f na Slovensku.<\/p>\n<p>Opa\u010dn\u00e9ho n\u00e1zoru je slovensk\u00e1 opozice, podle kter\u00e9 dohoda omezuje slovenskou suverenitu. Podle \u0161\u00e9fa Sm\u011bru-SD Roberta Fica dohoda bude m\u00edt p\u0159ednost p\u0159ed slovensk\u00fdmi z\u00e1kony a slovensk\u00e9 \u00fa\u0159ady budou m\u00edt omezen\u00e9 kontroln\u00ed a dal\u0161\u00ed pravomoci v\u016f\u010di americk\u00fdm voj\u00e1k\u016fm. Podobn\u00e9ho n\u00e1zoru je i gener\u00e1ln\u00ed prokur\u00e1tor, jeho\u017e \u00fa\u0159ad zaslal 35 z\u00e1sadn\u00edch p\u0159ipom\u00ednek. N\u00e1vrh p\u0159itom odm\u00edt\u00e1 jako celek.<\/p>\n<p>Kone\u010dn\u00e1 na sv\u00fdch str\u00e1nk\u00e1ch varuje, \u017ee tato leti\u0161t\u011b budou vyu\u017e\u00edvat Spojen\u00e9 st\u00e1ty pro sv\u00e9 v\u00e1le\u010dn\u00e9 operace v cizin\u011b.<\/p>\n<p>\u201eA za sebe vid\u00edm jako z\u00e1sadn\u00ed rozd\u00edl, pokud slou\u017eilo leti\u0161t\u011b k obran\u011b vlastn\u00edho st\u00e1tu, anebo pokud m\u00e1 slou\u017eit jako t\u00fdlov\u00e9 zaji\u0161t\u011bn\u00ed nap\u0159. pro l\u00e9taj\u00edc\u00ed tankery jin\u00fdch mocnost\u00ed, kter\u00e9 se p\u0159ipravuj\u00ed na del\u0161\u00ed dolet sv\u00fdch bojov\u00fdch letadel. Nenapad\u00e1 v\u00e1s mo\u017en\u00fd c\u00edl jejich let\u016f? M\u011b ano!\u201c napsala europoslankyn\u011b.<br \/>\nPodle n\u00ed by Spojen\u00e9 st\u00e1ty mohly cht\u00edt usadit svou arm\u00e1du i v \u010cesk\u00e9 republice, o \u010dem\u017e se ji\u017e uva\u017euje.<\/p>\n<p>\u201eO podobn\u00e9m vyu\u017eit\u00ed leti\u0161t\u011b se uva\u017euje i v Moravskoslezsk\u00e9m kraji. Konkr\u00e9tn\u011b o leti\u0161ti v Mo\u0161nov\u011b. I o n\u011bj m\u00e1 z\u00e1jem americk\u00e1 arm\u00e1da. Tady v\u0161ak nejde o leti\u0161t\u011b st\u00e1tu, ale o majetek Moravskoslezsk\u00e9ho kraje. Buduje se zde obrovsk\u00e9 multimod\u00e1ln\u00ed p\u0159ekladi\u0161t\u011b (spojen\u00ed silni\u010dn\u00ed, \u017eelezni\u010dn\u00ed a leteck\u00e9 p\u0159epravy). Tak se p\u0159\u00edmo nab\u00edz\u00ed mo\u017enost, \u017ee n\u011bkter\u00e9 haly u\u017e koupili ameri\u010dt\u00ed investo\u0159i. A komu je do budoucna pronajmou, je u\u017e na nich,\u201c m\u00edn\u00ed Kone\u010dn\u00e1.<\/p>\n<p>P\u0159ipomn\u011bla, \u017ee v minulosti se tehdej\u0161\u00ed m\u00edstop\u0159edseda ODS Alexandr Vondra o mo\u017enosti vybudov\u00e1n\u00ed americk\u00e9 z\u00e1kladny v Mo\u0161nov\u011b ji\u017e zmi\u0148oval. Varovala proto p\u0159ed pl\u00e1ny nov\u00e9 vl\u00e1dy Petra Fialy (ODS). \u201eProto mi nen\u00ed lhostejn\u00e1 situace na Slovensku. I u n\u00e1s m\u00e1 pravicov\u00e1 vl\u00e1da v parlamentu v\u011bt\u0161inu a m\u016f\u017ee se op\u0159\u00edt i o v\u011bt\u0161inu v sen\u00e1tu. A mohou si prohlasovat i z\u0159\u00edzen\u00ed z\u00e1kladny,\u201c m\u00edn\u00ed Kone\u010dn\u00e1.<\/p>\n<p>\u201eJako matka i jako politi\u010dka ud\u011bl\u00e1m v\u0161e pro to, aby u n\u00e1s \u017e\u00e1dn\u00e1 ciz\u00ed z\u00e1kladna nevznikla! A snad i touto svou \u00favahou dod\u00e1m energii p\u0159\u00e1tel\u016fm na Slovensko, aby se i oni \u00fasp\u011b\u0161n\u011b ubr\u00e1nili z\u0159\u00edzen\u00ed americk\u00e9 z\u00e1kladny a zachovali si svou vlastn\u00ed suverenitu!\u201c zasadila se o \u010desk\u00e9 n\u00e1rodn\u00ed z\u00e1jmy p\u0159edsedkyn\u011b KS\u010cM.<br \/>\nV sobotu slovensk\u00fd ministr obrany Jaro Na\u010f (O\u013daNO) se nechal sly\u0161et, \u017ee n\u011bkte\u0159\u00ed oponenti dohody se Spojen\u00fdmi st\u00e1ty slou\u017e\u00ed ciz\u00edm st\u00e1tn\u00edm z\u00e1jm\u016fm. Dohodu mus\u00ed schv\u00e1lit vl\u00e1da, ratifikovat parlament a podepsat prezidentka Zuzana \u010caputov\u00e1.<\/p>\n<p><a href=\"https:\/\/cz.sputniknews.com\/20220110\/obranna-dohoda-s-usa-nejdrive-slovensko-pak-cesko-konecna-varuje-pred-americkymi-plany-17160616.html\">ZDROJ<\/a><\/p>\n","protected":false},"excerpt":{"rendered":"<p>Europoslankyn\u011b a \u0161\u00e9fka KS\u010cM Kate\u0159ina Kone\u010dn\u00e1 se vyslovila proti obrann\u00e9 dohod\u011b mezi Slovenskem a USA&#8230;.<\/p>\n","protected":false},"author":2,"featured_media":7471,"comment_status":"closed","ping_status":"closed","sticky":false,"template":"","format":"standard","meta":[],"categories":[6],"tags":[898,506,1689,203,1210],"_links":{"self":[{"href":"https:\/\/www.infokuryr.cz\/n\/wp-json\/wp\/v2\/posts\/7470"}],"collection":[{"href":"https:\/\/www.infokuryr.cz\/n\/wp-json\/wp\/v2\/posts"}],"about":[{"href":"https:\/\/www.infokuryr.cz\/n\/wp-json\/wp\/v2\/types\/post"}],"author":[{"embeddable":true,"href":"https:\/\/www.infokuryr.cz\/n\/wp-json\/wp\/v2\/users\/2"}],"replies":[{"embeddable":true,"href":"https:\/\/www.infokuryr.cz\/n\/wp-json\/wp\/v2\/comments?post=7470"}],"version-history":[{"count":0,"href":"https:\/\/www.infokuryr.cz\/n\/wp-json\/wp\/v2\/posts\/7470\/revisions"}],"wp:featuredmedia":[{"embeddable":true,"href":"https:\/\/www.infokuryr.cz\/n\/wp-json\/wp\/v2\/media\/7471"}],"wp:attachment":[{"href":"https:\/\/www.infokuryr.cz\/n\/wp-json\/wp\/v2\/media?parent=7470"}],"wp:term":[{"taxonomy":"category","embeddable":true,"href":"https:\/\/www.infokuryr.cz\/n\/wp-json\/wp\/v2\/categories?post=7470"},{"taxonomy":"post_tag","embeddable":true,"href":"https:\/\/www.infokuryr.cz\/n\/wp-json\/wp\/v2\/tags?post=7470"}],"curies":[{"name":"wp","href":"https:\/\/api.w.org\/{rel}","templated":true}]}}