{"id":74632,"date":"2025-03-21T00:26:37","date_gmt":"2025-03-20T23:26:37","guid":{"rendered":"https:\/\/www.infokuryr.cz\/n\/?p=74632"},"modified":"2025-03-20T18:30:38","modified_gmt":"2025-03-20T17:30:38","slug":"michael-svatos-kolik-stala-kazdou-ceskou-rodinu-valka-na-ukrajine-a-kolik-dnes-planuje-brusel-naridit-fialovi-ze-bude-jeste-stat","status":"publish","type":"post","link":"https:\/\/www.infokuryr.cz\/n\/2025\/03\/21\/michael-svatos-kolik-stala-kazdou-ceskou-rodinu-valka-na-ukrajine-a-kolik-dnes-planuje-brusel-naridit-fialovi-ze-bude-jeste-stat\/","title":{"rendered":"Michael Svato\u0161: Kolik st\u00e1la ka\u017edou \u010deskou rodinu v\u00e1lka na Ukrajin\u011b! A kolik dnes pl\u00e1nuje Brusel na\u0159\u00eddit Fialovi, \u017ee bude je\u0161t\u011b st\u00e1t!"},"content":{"rendered":"<div id=\"fb-root\"><\/div>\n<p><a href=\"https:\/\/www.parlamentnilisty.cz\/arena\/monitor\/-Ja-jsem-zhnusena-Nemcova-vyjela-kdyz-senatorka-prohlasila-ze-se-neboji-Putina-771062\">V\u010dera byla sen\u00e1torka N\u011bmcov\u00e1 (ODS) podle \u010desk\u00fdch m\u00e9di\u00ed zhnusen\u00e1 sen\u00e1torkou Kov\u00e1\u0159ovou<\/a>, nebo\u0165 ta si v Sen\u00e1tu dovolila tvrdit, \u017ee Putina se net\u0159eba b\u00e1t, proto\u017ee se s Trumpem brzy dohodne na m\u00edru na Ukrajin\u011b, a Evrop\u011b tak u\u017e nebude hrozit \u017e\u00e1dn\u00e1 dal\u0161\u00ed v\u00e1lka. Pomineme-li z\u00e1kladn\u00ed fakt, \u017ee\u00a0<a href=\"https:\/\/www.google.com\/search?q=sen%C3%A1torka+N%C4%9Bmecov%C3%A1+%2B+znechucen%C3%A1&amp;oq=sen%C3%A1torka+N%C4%9Bmecov%C3%A1+%2B+znechucen%C3%A1&amp;gs_lcrp=EgZjaHJvbWUyBggAEEUYOTIHCAEQABjvBTIHCAIQABjvBTIHCAMQABjvBTIHCAQQABjvBTIHCAUQABjvBdIBCTE0MzM4ajBqN6gCALACAA&amp;sourceid=chrome&amp;ie=UTF-8\">sen\u00e1torka N\u011bmcov\u00e1 b\u00fdv\u00e1 podle vyhled\u00e1va\u010de Google znechucen\u00e1 historicky mimo\u0159\u00e1dn\u011b pravideln\u011b<\/a>, zb\u00fdv\u00e1 n\u00e1m vy\u0159e\u0161it probl\u00e9m, kolik n\u00e1s \u010cechy, Moravany a Slezany bude st\u00e1t, aby sen\u00e1torku N\u011bmcovou opustilo jej\u00ed znechucen\u00ed sen\u00e1torkou Kov\u00e1\u0159ovou, a zda si tuto lib\u016fstku \u201c<em>odnechutnit zhnusenou sen\u00e1torku<\/em>\u201d m\u016f\u017eeme vlastn\u011b v\u016fbec ekonomicky dovolit?<\/p>\n<p>Shodou okolnost\u00ed v\u010dera vypustil prvn\u00ed p\u0159esn\u011bj\u0161\u00ed \u010d\u00edslo, kolik n\u00e1s zat\u00edm v\u00e1lka Kyjeva a Bruselu proti Putinovi st\u00e1la Viktor Orb\u00e1n.\u00a0<a href=\"https:\/\/en.apa.az\/europe\/hungary-to-object-ukraines-accelerated-accession-to-eu-pm-463362\">A podle n\u011bj za t\u0159i roky v\u00e1lky na Ukrajin\u011b musela ka\u017ed\u00e1 ma\u010farsk\u00e1 rodina zaplatit 2.5 milionu forint\u016f, (6850 EUR, 171 250 CZK<\/a><a href=\"https:\/\/en.apa.az\/europe\/hungary-to-object-ukraines-accelerated-accession-to-eu-pm-463362\">)<\/a>, a pokud bude v\u00e1lka pokra\u010dovat, a Brusel j\u00ed dnes na seanci premi\u00e9r\u016f na\u0159\u00edd\u00ed v\u0161em zem\u00edm EU podporovat, p\u0159ijde to ka\u017edou ma\u010farskou rodinu nejm\u00e9n\u011b na dal\u0161\u00edch 500 tis\u00edc forint\u016f ro\u010dn\u011b, (34 251 CZK).\u00a0<a href=\"https:\/\/www.reuters.com\/world\/europe\/hungary-pm-orban-financing-ukraine-would-ruin-europe-2025-03-07\/\">Proto\u017ee Orb\u00e1n tvrd\u00ed, \u017ee EU nem\u016f\u017ee sama bez USA v\u00e1lku Ukrajiny proti Rusku podporovat bez toho, aby nezkrachovala<\/a>. A proto\u017ee Orb\u00e1n dlouhodob\u011b podporuje v\u00e1lku Ukrajiny proti Rusku z\u0159eteln\u011b m\u00e9n\u011b ne\u017e n\u00e1\u0161 dom\u00e1c\u00ed Spolu partajn\u00edk zhnusen\u00e9 sen\u00e1torky N\u011bmcov\u00e9 Petr Fiala, jejich podpora v\u00e1lky Ukrajiny proti Rusku musela st\u00e1t \u010desk\u00e9 rodiny je\u0161t\u011b v\u00edce ne\u017e ty ma\u010farsk\u00e9, ta Orbanova.<\/p>\n<p><a href=\"https:\/\/censor.net\/en\/news\/3542037\/ammunition-from-the-eu-how-much-is-planned-to-be-supplied-per-year\">Dal\u0161\u00ed p\u0159esn\u011bj\u0161\u00ed \u010d\u00edslo v\u010dera vyklouzlo z pusinky bigotn\u00ed protirusk\u00e9 v\u00e1le\u010dnici Kaje Kallasov\u00e9<\/a>, nyn\u00ed h\u0159aduj\u00edc\u00ed\u00a0<a href=\"https:\/\/x.com\/kajakallas?lang=cs\">na lukrativn\u00ed prebend\u011b vrchn\u00ed komisa\u0159ky EU pro zahrani\u010dn\u00ed vztahy<\/a>. Kallasov\u00e1 p\u0159i virtu\u00e1ln\u00edm p\u0159edstaven\u00ed nov\u00e9ho tzv. B\u00edl\u00e9ho v\u00e1le\u010dn\u00e9ho manu\u00e1lu Bruselu p\u0159iznala, \u017ee zem\u011b EU budou povinny financovat, pokud pl\u00e1n vyzbrojov\u00e1n\u00ed EU dnes jejich premi\u00e9\u0159i schv\u00e1l\u00ed, ro\u010dn\u00ed dod\u00e1vky Ukrajin\u011b ve v\u00fd\u0161i 2 miliony d\u011blost\u0159eleck\u00fdch gran\u00e1t\u016f, a mnohem v\u00edce tank\u016f, obrn\u011bn\u00fdch vozidel, raket i letadel v\u0161eho druhu, a dal\u0161\u00ed v\u00fdzbroje, ne\u017e tomu bylo doposud. Pomineme-li fakt, \u017ee Trump s Putinem brzy do pl\u00e1nu v\u0161ech premi\u00e9r\u016f EU bez Victora Orb\u00e1na, a mo\u017en\u00e1 i Roberta Fica, na masivn\u00ed vyzbrojov\u00e1n\u00ed Ukrajiny, aby mohla pokra\u010dovat ve v\u00e1lce s Ruskem, hod\u00ed r\u00e1zn\u011b vidle, zb\u00fdv\u00e1 ot\u00e1zka, kolik v\u0161echna ta zbrojn\u00ed v\u00fdroba m\u00e1 st\u00e1t, a kdo z n\u00ed shr\u00e1bne zisk.<\/p>\n<p><a href=\"https:\/\/thedefensepost.com\/2024\/03\/15\/rheinmetall-spain-155mm-ammo\/\">13. b\u0159ezna 2024 podepsalo \u0160pan\u011blsko kontrakt s n\u011bmeckou firmou Rheinmetall na dod\u00e1vku 92 200 kus\u016f oby\u010dejn\u00fdch d\u011blost\u0159eleck\u00fdch gran\u00e1t\u016f 155mm<\/a>, (bez p\u0159esn\u00e9ho nav\u00e1d\u011bn\u00ed), s term\u00ednem dod\u00e1n\u00ed konec roku 2025, a za cenu 208 milion\u016f EUR. Jeden oby\u010dejn\u00fd gran\u00e1t s doletem jen 30 km, (\u010d\u00e1st gran\u00e1t\u016f bude ov\u0161em dod\u00e1na s vylep\u0161en\u00fdm doletem jen 40km), tak stoj\u00ed 2 208 EUR, (55 200 CZK). P\u0159epo\u010dteno, tak cel\u00fd po\u010det 2 milion\u016f gran\u00e1t\u016f, kter\u00e9 EU hodl\u00e1 dnes na\u0159\u00eddit ro\u010dn\u011b dod\u00e1vat Ukrajin\u011b za pen\u00edze zem\u00ed EU, bude st\u00e1t 4.416 miliardy EUR, (110.4 miliardy CZK), a \u010cR s obvykl\u00fdm pod\u00edlem 2.5 na v\u00fddaj\u00edch EU tak bude dnes Fialou zat\u00ed\u017eena, pokud na\u0159\u00edzen\u00ed projde, ro\u010dn\u00ed platbou 2.76 miliardy CZK ve prosp\u011bch Ukrajiny po dobu n\u011bkolika p\u0159\u00ed\u0161t\u00edch let.<\/p>\n<p><a href=\"https:\/\/www.ceskenoviny.cz\/zpravy\/2206383\">V \u010cR je podle \u010cSU celkem 4.5 milionu dom\u00e1cnost\u00ed<\/a>. Dom\u00e1cnosti jsou obecn\u011b rodiny. \u010cR tedy podle Orb\u00e1nov\u00fdch \u010d\u00edsel utratila za Ukrajinu v posledn\u00edch 3 letech celkem 770,6 miliard CZK, a nyn\u00ed m\u00e1 podle pl\u00e1n\u016f Bruselu utr\u00e1cet nejm\u00e9n\u011b dal\u0161\u00edch 154,1 miliardy CZK ro\u010dn\u011b.\u00a0<a href=\"https:\/\/www.idnes.cz\/zpravy\/domaci\/petr-widimsky-asociace-dekanu-lekari-sestry-fakulty.A241113_162420_domaci_laci\">V \u010cR p\u0159itom podle 4 m\u011bs\u00edce star\u00e9ho vyj\u00e1d\u0159en\u00ed profesora Petra Widimsk\u00e9ho<\/a>, d\u011bkana 3. l\u00e9ka\u0159sk\u00e9 fakulty University Karlovy, budou v p\u0159\u00ed\u0161t\u00edch letech akutn\u011b chyb\u011bt l\u00e9ka\u0159i a sestry.\u00a0V<a href=\"https:\/\/www.denik.cz\/zdravi\/dekan-sedo-vzdelani-jednoho-lekare-stoji-800-tisic-korun-20140603.html\">\u00a0roce 2014 st\u00e1la v\u00fduka jednoho l\u00e9ka\u0159e 800 000 CZK<\/a>, s p\u0159ihl\u00e9dnut\u00edm k inflaci by to m\u011bl b\u00fdt nyn\u00ed dvojn\u00e1sobek. Za 154.1 miliardy CZK ro\u010dn\u011b by tak bylo teoreticky mo\u017eno m\u00edsto podpory nesmysln\u00e9 v\u00e1lky na Ukrajin\u011b vy\u0161kolit nav\u00edc celkem 557 000 l\u00e9ka\u0159\u016f v p\u0159\u00ed\u0161t\u00edch 6 letech. Vl\u00e1da Petra Fialy v\u0161ak nem\u00e1 ani na to, aby jich vy\u0161kolila o 1000 nav\u00edc! Pt\u00e1te se pro\u010d? Odpov\u011bzte ve volb\u00e1ch.<\/p>\n<p><a href=\"https:\/\/www.michalapetr.com\/map-2249-kolik-stala-kazdou-ceskou-rodinu-valka-na-ukrajine-a-kolik-dnes-planuje-brusel-naridit-fialovi-ze-bude-jeste-stat\/\">Michael Svato\u0161<\/a><\/p>\n<p><img decoding=\"async\" loading=\"lazy\" class=\"alignnone size-full wp-image-27204\" src=\"http:\/\/www.infokuryr.cz\/n\/wp-content\/uploads\/2023\/05\/Michael_Svatos.png\" alt=\"\" width=\"180\" height=\"180\" srcset=\"https:\/\/www.infokuryr.cz\/n\/wp-content\/uploads\/2023\/05\/Michael_Svatos.png 180w, https:\/\/www.infokuryr.cz\/n\/wp-content\/uploads\/2023\/05\/Michael_Svatos-150x150.png 150w\" sizes=\"(max-width: 180px) 100vw, 180px\" \/><\/p>\n<p><img decoding=\"async\" loading=\"lazy\" class=\"wp-image-73173 aligncenter\" src=\"http:\/\/www.infokuryr.cz\/n\/wp-content\/uploads\/2025\/02\/demonstrace-08-05-2025-209x300.jpg\" alt=\"\" width=\"500\" height=\"718\" srcset=\"https:\/\/www.infokuryr.cz\/n\/wp-content\/uploads\/2025\/02\/demonstrace-08-05-2025-209x300.jpg 209w, https:\/\/www.infokuryr.cz\/n\/wp-content\/uploads\/2025\/02\/demonstrace-08-05-2025-713x1024.jpg 713w, https:\/\/www.infokuryr.cz\/n\/wp-content\/uploads\/2025\/02\/demonstrace-08-05-2025-768x1103.jpg 768w, https:\/\/www.infokuryr.cz\/n\/wp-content\/uploads\/2025\/02\/demonstrace-08-05-2025.jpg 891w\" sizes=\"(max-width: 500px) 100vw, 500px\" \/><\/p>\n","protected":false},"excerpt":{"rendered":"<p>V\u010dera byla sen\u00e1torka N\u011bmcov\u00e1 (ODS) podle \u010desk\u00fdch m\u00e9di\u00ed zhnusen\u00e1 sen\u00e1torkou Kov\u00e1\u0159ovou, nebo\u0165 ta si v&#8230;<\/p>\n","protected":false},"author":2,"featured_media":23141,"comment_status":"closed","ping_status":"closed","sticky":false,"template":"","format":"standard","meta":[],"categories":[6],"tags":[1042,670,1497,45,1635],"_links":{"self":[{"href":"https:\/\/www.infokuryr.cz\/n\/wp-json\/wp\/v2\/posts\/74632"}],"collection":[{"href":"https:\/\/www.infokuryr.cz\/n\/wp-json\/wp\/v2\/posts"}],"about":[{"href":"https:\/\/www.infokuryr.cz\/n\/wp-json\/wp\/v2\/types\/post"}],"author":[{"embeddable":true,"href":"https:\/\/www.infokuryr.cz\/n\/wp-json\/wp\/v2\/users\/2"}],"replies":[{"embeddable":true,"href":"https:\/\/www.infokuryr.cz\/n\/wp-json\/wp\/v2\/comments?post=74632"}],"version-history":[{"count":0,"href":"https:\/\/www.infokuryr.cz\/n\/wp-json\/wp\/v2\/posts\/74632\/revisions"}],"wp:featuredmedia":[{"embeddable":true,"href":"https:\/\/www.infokuryr.cz\/n\/wp-json\/wp\/v2\/media\/23141"}],"wp:attachment":[{"href":"https:\/\/www.infokuryr.cz\/n\/wp-json\/wp\/v2\/media?parent=74632"}],"wp:term":[{"taxonomy":"category","embeddable":true,"href":"https:\/\/www.infokuryr.cz\/n\/wp-json\/wp\/v2\/categories?post=74632"},{"taxonomy":"post_tag","embeddable":true,"href":"https:\/\/www.infokuryr.cz\/n\/wp-json\/wp\/v2\/tags?post=74632"}],"curies":[{"name":"wp","href":"https:\/\/api.w.org\/{rel}","templated":true}]}}