{"id":74628,"date":"2025-03-21T00:22:01","date_gmt":"2025-03-20T23:22:01","guid":{"rendered":"https:\/\/www.infokuryr.cz\/n\/?p=74628"},"modified":"2025-03-20T13:09:12","modified_gmt":"2025-03-20T12:09:12","slug":"jindrich-kulhavy-chcivalkove","status":"publish","type":"post","link":"https:\/\/www.infokuryr.cz\/n\/2025\/03\/21\/jindrich-kulhavy-chcivalkove\/","title":{"rendered":"Jind\u0159ich Kulhav\u00fd: Chciv\u00e1lkov\u00e9"},"content":{"rendered":"<div id=\"fb-root\"><\/div>\n<p><strong><span class=\"anotation\">Arogance evropsk\u00fdch l\u00eddr\u016f a nenasytnost politik\u016f a jejich loutkovodi\u010d\u016f nab\u00edr\u00e1 na s\u00edle. P\u0159edstavitel\u00e9 st\u00e1t\u016f maj\u00ed v\u011bt\u0161inou ze z\u00e1kona v\u00fdjimku v\u00a0dob\u00e1ch v\u00e1le\u010dn\u00fdch a nemus\u00ed rukovat do arm\u00e1dy. To sam\u00e9 plat\u00ed pro \u010dleny jejich rodin. Je pro n\u011b tedy snadn\u00e9 vyk\u0159ikovat hesla o pot\u0159eb\u011b zbrojen\u00ed a p\u0159\u00edpravy na v\u00e1lku, kdy\u017e se j\u00ed sami nebudou \u00fa\u010dastnit a s\u00a0pocitem jist\u00e9ho bezpe\u010d\u00ed budou vl\u00e1dnout z\u00a0bezpe\u010dn\u00fdch kryt\u016f a skr\u00fd\u0161\u00ed. Vzhledem k\u00a0tomu, co um\u00ed nov\u00e9 modern\u00ed zbran\u011b, je to skute\u010dn\u011b naivn\u00ed p\u0159\u00edstup.<\/span><\/strong><\/p>\n<div id=\"pagetext\">\n<p>\u00a0 Rusk\u00e1 trp\u011blivost m\u00e1 sv\u00e9 meze. O tom se p\u0159esv\u011bd\u010dila Ukrajina, jej\u00ed\u017e osmiletou provokaci se Z\u00e1padem v\u00a0z\u00e1dech ukon\u010dila rusk\u00e1 SVO. Po t\u0159ech letech boj\u016f, kdy se rusk\u00e9 jednotky sna\u017eily vyh\u00fdbat z\u00e1sah\u016fm proti civiln\u00edmu obyvatelstvu, zat\u00edmco ukrajin\u0161t\u00ed v\u00e1le\u010dn\u00edci ho v\u00a0klidu napadali a ne\u0161et\u0159ili ani d\u011bti \u010di \u017eeny a seniory, nav\u00edc byli schopni naaran\u017eovat divadlo tak, aby z\u00e1padn\u00ed m\u00e9dia mohla tvrdit, \u017ee jde o ob\u011bti krutosti Kremlu, se mo\u017en\u00e1 opatrn\u00fdmi kroky bl\u00ed\u017e\u00edme k\u00a0sm\u00edru. Moskva u\u017e vyrostla z\u00a0naivnosti, je opatrn\u00e1 ve v\u0161ech kroc\u00edch a nikomu \u00fapln\u011b nev\u011b\u0159\u00ed. Od dob na\u0161\u00ed tzv. Sametov\u00e9 revoluce se toti\u017e NATO, jeho\u017e smyslem byla protiv\u00e1ha k\u00a0Var\u0161avsk\u00e9 smlouv\u011b, po jej\u00edm rozpadu roz\u0161\u00ed\u0159ilo a\u017e k\u00a0hranic\u00edm Ruska a na dost\u0159el ke Kremlu. Rusov\u00e9 nejd\u0159\u00edve ml\u010deli, pot\u00e9 za\u010dali vyslovovat obavy a v\u00a0p\u0159\u00edpadu Ukrajiny \u0159ekli \u201eDost!\u201c. A i tam a\u017e po osmi letech od Majdanu u\u010dinili z\u00e1sadn\u00ed kroky k\u00a0vlastn\u00ed bezpe\u010dnosti.<\/p>\n<p><img decoding=\"async\" loading=\"lazy\" class=\"wp-image-73173 alignright\" src=\"http:\/\/www.infokuryr.cz\/n\/wp-content\/uploads\/2025\/02\/demonstrace-08-05-2025-209x300.jpg\" alt=\"\" width=\"480\" height=\"688\" srcset=\"https:\/\/www.infokuryr.cz\/n\/wp-content\/uploads\/2025\/02\/demonstrace-08-05-2025-209x300.jpg 209w, https:\/\/www.infokuryr.cz\/n\/wp-content\/uploads\/2025\/02\/demonstrace-08-05-2025-713x1024.jpg 713w, https:\/\/www.infokuryr.cz\/n\/wp-content\/uploads\/2025\/02\/demonstrace-08-05-2025-768x1103.jpg 768w\" sizes=\"(max-width: 480px) 100vw, 480px\" \/><\/p>\n<p>NATO p\u0159i sv\u00e9m roz\u0161i\u0159ov\u00e1n\u00ed spolknulo i b\u00fdval\u00e9 sov\u011btsk\u00e9 republiky, nav\u00edc nen\u00e1vist st\u0159\u00edkaj\u00edc\u00ed ze sou\u010dasn\u00e9ho liber\u00e1ln\u00edho veden\u00ed t\u011bchto zem\u00ed poukazuje na jist\u00fd ideologick\u00fd fanatismus, kter\u00fd tamn\u00ed politici p\u0159evzali od z\u00e1padn\u00edch elit. Jen\u017ee zat\u00edmco u Litevc\u016f, Loty\u0161\u016f a Estonc\u016f m\u016f\u017eeme teoreticky tvrdit, \u017ee by mohlo j\u00edt o \u0161patn\u00e9 zku\u0161enosti se sou\u010dinnost\u00ed v\u00a0b\u00fdval\u00e9m Sov\u011btsk\u00e9m svazu, u z\u00e1padn\u00edho sv\u011bta jde o cht\u00ed\u010d a touhu po rusk\u00e9m bohatstv\u00ed. A to jak skute\u010dn\u00e9m, tak i nerostn\u00e9m a p\u0159\u00edrodn\u00edm. Spole\u010dn\u00e1 nen\u00e1vist k\u00a0t\u011bm, kdo to v\u0161e vlastn\u00ed, m\u00e1 tedy r\u016fzn\u00e9 z\u00e1klady a stejn\u00e9 dopady. Pokud se Rusov\u00e9 skute\u010dn\u011b na\u0161tvou, uv\u011bdom\u00ed si, \u017ee t\u0159i pobaltsk\u00e9 st\u00e1ty jim br\u00e1n\u00ed v\u00a0p\u0159\u00edstupu k\u00a0Severn\u00edmu mo\u0159i a je to probl\u00e9m, vdechnou zp\u011bt v\u0161echny t\u0159i a nikdo s\u00a0t\u00edm nic neud\u011bl\u00e1. Nav\u00edc tam maj\u00ed sv\u016fj Kaliningrad (zalo\u017eili ho P\u0159emyslovci, jmenoval se Kr\u00e1lovec), nedaleko Petrohrad, a p\u0159edev\u0161\u00edm jde z\u00a0pohledu Moskvy o br\u00e1nu do Evropy. Britov\u00e9 by se mohli na sv\u00fdch ostr\u016fvc\u00edch klidn\u011b potrhat, nic by nenad\u011blali.<\/p>\n<p>Leyenov\u00e1 m\u011bla \u00a0proslov o tom, jak je Rusk\u00e1 federace v\u00a0posledn\u00edm ta\u017een\u00ed. Ekonomicky, vojensky i mocensky. Asi dostala od na\u0161\u00ed BIS zpr\u00e1vu, \u017ee do\u0161ly \u010dipy z\u00a0pra\u010dek. Ve skute\u010dnosti je Moskva pro Washington jedinou oblastn\u00ed, kterou Trump pova\u017euje za rovnocennou a spole\u010dn\u011b s\u00a0\u010c\u00ednou i za diskuse hodnou. Evropsk\u00e9 tajtrdl\u00edky m\u00e1 tendenci ignorovat a usm\u00edv\u00e1 se nad jejich t\u00e1p\u00e1n\u00edm. Starmer, Leyenov\u00e1, Macron, Merz jsou pro n\u011bj jen jm\u00e9na, kter\u00e1 sice zn\u00e1, ale nijak si nep\u0159ipou\u0161t\u00ed jejich d\u016fle\u017eitost. Na\u0161i Fiala s\u00a0Lipavsk\u00fdm u\u017e jsou pod \u00farovn\u00ed jeho ochoty vn\u00edmat, a to i p\u0159es to, \u017ee m\u00e1 historicky k\u00a0na\u0161\u00ed zemi jist\u00e9 osobn\u00ed vztahy. Naopak Putina si sv\u00fdm zp\u016fsobem v\u00e1\u017e\u00ed a m\u00e1 v\u00a0n\u011bm jistou z\u00e1ruku v\u00a0tom, \u017ee co si \u0159eknou, to plat\u00ed. Co\u017e u takov\u00e9ho Zelensk\u00e9ho nem\u016f\u017ee tvrdit nikdo. Defraudant, drogov\u011b z\u00e1visl\u00fd a nacisticky sm\u00fd\u0161lej\u00edc\u00ed dikt\u00e1tor nen\u00ed pro soudn\u00e9ho \u010dlov\u011bka v\u00a0jeho postaven\u00ed partnerem. M\u016f\u017ee sta\u010dit koleg\u016fm komediant\u016fm, politik\u016fm t\u0159et\u00ed kategorie, fanatick\u00fdm obh\u00e1jc\u016fm Bandery a nacismu, fale\u0161n\u00fdm hr\u00e1\u010d\u016fm na solidaritu a lidem neschopn\u00fdm vn\u00edmat pozad\u00ed toho, co se ve skute\u010dnosti d\u011bje, ale pro velik\u00e1ny dne\u0161n\u00ed doby jde o naprost\u00e9ho zmetka \u017eebraj\u00edc\u00edho o almu\u017enu, z\u00a0n\u00ed\u017e je\u0161t\u011b v\u011bt\u0161inu ukradne.<\/p>\n<p>Pom\u011br sil a jejich rozlo\u017een\u00ed se vrac\u00ed tam, kde byl. I p\u0159es bl\u00e1boly Leyenov\u00e9, chciv\u00e1lk\u016f z\u00a0EU a touhy nadn\u00e1rodn\u00edch magn\u00e1t\u016f je Rusko nejsiln\u011bj\u0161\u00ed od 2.sv\u011btov\u00e9 v\u00e1lky. Ameri\u010dan\u00e9 tu\u0161\u00ed jeho progres stejn\u011b jako ten \u010d\u00ednsk\u00fd. Evropa je o 20 let a stovky miliard zp\u011bt. N\u00e1kupem F 35, kter\u00e9 nav\u00edc po zku\u0161enostech s\u00a0vyp\u00edn\u00e1n\u00edm syst\u00e9m\u016f na d\u00e1lku n\u011bkter\u00e9 zem\u011b ji\u017e zru\u0161ily, se nic ne\u0159e\u0161\u00ed. Na\u0161e zblbl\u00e1 vl\u00e1da zat\u00edm nechce nic pochopit. A ani zm\u011bnit k\u00a0lep\u0161\u00edmu. Jen se chv\u00e1st\u00e1 a l\u017ee, kop\u00edruje n\u00e1zory Berl\u00edna. P\u0159edstava z\u00e1sadn\u00ed zm\u011bny po volb\u00e1ch je nere\u00e1ln\u00e1. Babi\u0161 je stejn\u00fdm eurohujerem a odp\u016frcem Ruska, jako sou\u010dasn\u00e1 vl\u00e1dn\u00ed koalice. Nikdo ze sou\u010dasn\u00fdch politik\u016f nahlas Putinovi podporu nevyslov\u00ed, snad jen Foldyna z\u00a0SPD na to m\u00e1 \u201ekoule\u201c. \u00a0Prost\u00fd ob\u010dan jen trochu p\u0159em\u00fd\u0161lej\u00edc\u00ed nikdy proti Rus\u016fm bojovat nep\u016fjde, nato\u017e za z\u00e1jmy N\u011bmc\u016f, Brit\u016f \u010di Francouz\u016f. A pokud se na to n\u011bkdo t\u011b\u0161\u00ed, p\u0159ejeme mu aspo\u0148 rychlou a m\u00e9n\u011b bolestnou smrt. Proto\u017ee nic jin\u00e9ho ho ne\u010dek\u00e1.<\/p>\n<p><a href=\"https:\/\/www.inadhled.live\/uvaha-dne\/chcivalkove\/\">Jind\u0159ich Kulhav\u00fd<\/a><\/p>\n<p><img decoding=\"async\" loading=\"lazy\" class=\"alignnone size-full wp-image-48136\" src=\"http:\/\/www.infokuryr.cz\/n\/wp-content\/uploads\/2024\/02\/kulhavy-jindrich.jpg\" alt=\"\" width=\"219\" height=\"221\" srcset=\"https:\/\/www.infokuryr.cz\/n\/wp-content\/uploads\/2024\/02\/kulhavy-jindrich.jpg 219w, https:\/\/www.infokuryr.cz\/n\/wp-content\/uploads\/2024\/02\/kulhavy-jindrich-150x150.jpg 150w\" sizes=\"(max-width: 219px) 100vw, 219px\" \/><\/p>\n<p>&nbsp;<\/p>\n<\/div>\n","protected":false},"excerpt":{"rendered":"<p>Arogance evropsk\u00fdch l\u00eddr\u016f a nenasytnost politik\u016f a jejich loutkovodi\u010d\u016f nab\u00edr\u00e1 na s\u00edle. P\u0159edstavitel\u00e9 st\u00e1t\u016f maj\u00ed&#8230;<\/p>\n","protected":false},"author":2,"featured_media":74629,"comment_status":"closed","ping_status":"closed","sticky":false,"template":"","format":"standard","meta":[],"categories":[6],"tags":[41,1503,35,40],"_links":{"self":[{"href":"https:\/\/www.infokuryr.cz\/n\/wp-json\/wp\/v2\/posts\/74628"}],"collection":[{"href":"https:\/\/www.infokuryr.cz\/n\/wp-json\/wp\/v2\/posts"}],"about":[{"href":"https:\/\/www.infokuryr.cz\/n\/wp-json\/wp\/v2\/types\/post"}],"author":[{"embeddable":true,"href":"https:\/\/www.infokuryr.cz\/n\/wp-json\/wp\/v2\/users\/2"}],"replies":[{"embeddable":true,"href":"https:\/\/www.infokuryr.cz\/n\/wp-json\/wp\/v2\/comments?post=74628"}],"version-history":[{"count":1,"href":"https:\/\/www.infokuryr.cz\/n\/wp-json\/wp\/v2\/posts\/74628\/revisions"}],"predecessor-version":[{"id":74630,"href":"https:\/\/www.infokuryr.cz\/n\/wp-json\/wp\/v2\/posts\/74628\/revisions\/74630"}],"wp:featuredmedia":[{"embeddable":true,"href":"https:\/\/www.infokuryr.cz\/n\/wp-json\/wp\/v2\/media\/74629"}],"wp:attachment":[{"href":"https:\/\/www.infokuryr.cz\/n\/wp-json\/wp\/v2\/media?parent=74628"}],"wp:term":[{"taxonomy":"category","embeddable":true,"href":"https:\/\/www.infokuryr.cz\/n\/wp-json\/wp\/v2\/categories?post=74628"},{"taxonomy":"post_tag","embeddable":true,"href":"https:\/\/www.infokuryr.cz\/n\/wp-json\/wp\/v2\/tags?post=74628"}],"curies":[{"name":"wp","href":"https:\/\/api.w.org\/{rel}","templated":true}]}}