{"id":7461,"date":"2022-01-11T04:13:46","date_gmt":"2022-01-11T03:13:46","guid":{"rendered":"http:\/\/www.infokuryr.cz\/n\/?p=7461"},"modified":"2022-01-11T04:13:46","modified_gmt":"2022-01-11T03:13:46","slug":"hrozba-pro-nase-skolstvi-pilne-pracujici-gazdik","status":"publish","type":"post","link":"https:\/\/www.infokuryr.cz\/n\/2022\/01\/11\/hrozba-pro-nase-skolstvi-pilne-pracujici-gazdik\/","title":{"rendered":"Hrozba pro na\u0161e \u0161kolstv\u00ed: piln\u011b pracuj\u00edc\u00ed Gazd\u00edk"},"content":{"rendered":"<div id=\"fb-root\"><\/div>\n<p>M\u00e1me, jak zn\u00e1mo, nov\u00e9ho ministra \u0161kolstv\u00ed. Jde o Petra Gazd\u00edka, politika STANu, n\u011bkdej\u0161\u00edho u\u010ditele na z\u00e1kladn\u00ed \u0161kole v B\u00e1nov\u011b, pozd\u011bji starostu obce Such\u00e1 Loz na\u00a0 Uherskohradi\u0161\u0165sku a je\u0161t\u011b pozd\u011bji poslance politick\u00e9 strany STANu. V\u0161ichni ho z jeho vystoupen\u00ed na TV obrazovce zn\u00e1me a nejv\u00edc n\u00e1s asi zaujala jeho nejistota a plachost, jich\u017e si je jejich nositel dob\u0159e v\u011bdom, a ve snaze tento sv\u016fj hendikep vymaz\u00e1vat a d\u011blat na ve\u0159ejnost dojem mu\u017ee rozhodn\u00e9ho a schopn\u00e9ho, nasazuje do sv\u00e9ho jedn\u00e1n\u00ed i \u0159e\u010di cosi jako neust\u00e1lou rozdurd\u011bnost a podr\u00e1\u017ed\u011bnost (v tom n\u00e1padn\u00e1 podobnost s nov\u00fdm ministrem financ\u00ed Stanjurou), kter\u00e9 ov\u0161em nejp\u016fvodn\u011bj\u0161\u00ed dojem jeho nejistoty nezmen\u0161uj\u00ed, ale sp\u00ed\u0161e ji jen je\u0161t\u011b v\u00edc a plasti\u010dt\u011bji zd\u016fraz\u0148uj\u00ed.<\/p>\n<p>N\u00e1sleduj\u00edc\u00ed ot\u00e1zka se nab\u00edz\u00ed sama sebou. Je Gazd\u00edkova nejistota opodstatn\u011bn\u00e1, \u010dili m\u00e1 z\u00e1klad v jeho uv\u011bdom\u011bn\u00ed si skute\u010dnosti, \u017ee se pod vlivem nep\u0159irozen\u00fdch politick\u00fdch okolnost\u00ed ocitl tak vysoko, kde je a kde by dle sv\u00fdch schopnost\u00ed nikdy a za \u017e\u00e1dn\u00fdch okolnost\u00ed nem\u011bl b\u00fdt, anebo je jeho podcen\u011bn\u00ed sama sebe jeho omylem, proto\u017ee on je p\u0159ece \u010dlov\u011bk schopn\u00fd a pro \u00fa\u0159ad, do n\u011bho\u017e pr\u00e1v\u011b nastoupil, pln\u011b zp\u016fsobil\u00fd?<\/p>\n<p>Mysl\u00edm, \u017ee na tuto ot\u00e1zku nen\u00ed ani t\u0159eba odpov\u00eddat, proto\u017ee odpov\u011b\u010f nab\u00edz\u00ed skute\u010dnost, \u017ee za celou dobu Gazd\u00edkova p\u016fsoben\u00ed v politice (2009 \u2013 2022), od n\u011bj je\u0161t\u011b nikdo nesly\u0161el nic rozumn\u00e9ho \u010di lidsky srozumiteln\u00e9ho, co\u017e lze pova\u017eovat za skute\u010dn\u00fd v\u00fdkon, a z jeho \u010din\u016f uv\u00edzlo v pam\u011bti mnoh\u00fdch snad jen to, jak\u00fd protirusk\u00fd skand\u00e1l, m\u00ed\u0159\u00edc\u00ed t\u00e9m\u011b\u0159 a\u017e k na\u0161emu vypov\u011bzen\u00ed v\u00e1lky Rusku, dok\u00e1zal tento mu\u017e vyvolat, kdy\u017e leti\u0161tn\u00ed perzon\u00e1l moskevsk\u00e9ho leti\u0161t\u011b \u0160ereme\u0165ovo zcela opr\u00e1vn\u011bn\u011b (na palub\u011b se nach\u00e1zelo v\u00edc lid\u00ed, ne\u017e jak bylo uvedeno na celn\u00ed soupisce), na p\u011bt hodin zdr\u017eel odlet \u010desk\u00e9ho speci\u00e1lu s \u010deskou delegac\u00ed, vedenou pr\u00e1v\u011b pojedn\u00e1van\u00fdm Gazd\u00edkem, do Uljanovska<\/p>\n<p>Dnes u\u017e m\u00e1 ov\u0161em Gazd\u00edk p\u0159ed sebou v\u00fdzvy daleko vzne\u0161en\u011bj\u0161\u00ed a vrto\u0161iv\u00ed novin\u00e1\u0159i se jej tedy ptaj\u00ed, jak\u00e9 pedagogick\u00e9 sm\u011bry a postupy hodl\u00e1 ve sv\u00e9 pr\u00e1ci ministra prosazovat. A ministr odpov\u00edd\u00e1 tak, jak by asi odpov\u011bd\u011bl ka\u017ed\u00fd, kdo si takovouto ot\u00e1zku s\u00e1m nikdy nepolo\u017eil, a kdy\u017e tedy n\u00e1hle padne, nezb\u00fdv\u00e1 mu nic jin\u00e9ho, ne\u017e odpov\u011bd\u011bt na ni tak zvan\u011b z voleje: hodl\u00e1 pr\u00fd db\u00e1t o to, aby se vyu\u010dovan\u00e1 teorie brat\u0159ila v\u00edce s prax\u00ed. A d\u00e1le se pr\u00fd bude sna\u017eit, aby p\u0159\u00ed\u0161t\u00ed podoba maturit vydr\u017eela aspo\u0148 deset dal\u0161\u00edch let.<\/p>\n<p>Nu\u017ee uvid\u00edme. Ale tak, jak\u00a0 u\u017e ministra a jeho n\u00e1zory zn\u00e1me, v\u00edme ur\u010dit\u011b jen jedno. Na\u0161e \u0161kolstv\u00ed a t\u00edm i budouc\u00ed vzd\u011blanost n\u00e1roda bude p\u0159ed je\u0161t\u011b hroziv\u011bj\u0161imi ot\u0159esy a kalamitami, ne\u017e je sou\u010dasn\u00e1\u00a0 inkluze, t\u00edm zabezpe\u010den\u011bj\u0161\u00ed, \u010d\u00edm zah\u00e1l\u010div\u011bji a bez vlastn\u00edch n\u00e1pad\u016f a iniciativy bude ve sv\u00e9m nov\u00e9m \u00fa\u0159ad\u011b p\u016fsobit \u010derstv\u00fd ministr Petr Gazd\u00edk.<\/p>\n<p>Lubom\u00edr Man<\/p>\n<p><img decoding=\"async\" loading=\"lazy\" class=\"alignnone size-full wp-image-860\" src=\"http:\/\/www.infokuryr.cz\/n\/wp-content\/uploads\/2021\/04\/lub_man.jpg\" alt=\"\" width=\"143\" height=\"200\" \/><\/p>\n<p>&nbsp;<\/p>\n<p>&nbsp;<\/p>\n","protected":false},"excerpt":{"rendered":"<p>M\u00e1me, jak zn\u00e1mo, nov\u00e9ho ministra \u0161kolstv\u00ed. Jde o Petra Gazd\u00edka, politika STANu, n\u011bkdej\u0161\u00edho u\u010ditele na&#8230;<\/p>\n","protected":false},"author":2,"featured_media":6620,"comment_status":"closed","ping_status":"closed","sticky":false,"template":"","format":"standard","meta":[],"categories":[6],"tags":[1543,121,424],"_links":{"self":[{"href":"https:\/\/www.infokuryr.cz\/n\/wp-json\/wp\/v2\/posts\/7461"}],"collection":[{"href":"https:\/\/www.infokuryr.cz\/n\/wp-json\/wp\/v2\/posts"}],"about":[{"href":"https:\/\/www.infokuryr.cz\/n\/wp-json\/wp\/v2\/types\/post"}],"author":[{"embeddable":true,"href":"https:\/\/www.infokuryr.cz\/n\/wp-json\/wp\/v2\/users\/2"}],"replies":[{"embeddable":true,"href":"https:\/\/www.infokuryr.cz\/n\/wp-json\/wp\/v2\/comments?post=7461"}],"version-history":[{"count":0,"href":"https:\/\/www.infokuryr.cz\/n\/wp-json\/wp\/v2\/posts\/7461\/revisions"}],"wp:featuredmedia":[{"embeddable":true,"href":"https:\/\/www.infokuryr.cz\/n\/wp-json\/wp\/v2\/media\/6620"}],"wp:attachment":[{"href":"https:\/\/www.infokuryr.cz\/n\/wp-json\/wp\/v2\/media?parent=7461"}],"wp:term":[{"taxonomy":"category","embeddable":true,"href":"https:\/\/www.infokuryr.cz\/n\/wp-json\/wp\/v2\/categories?post=7461"},{"taxonomy":"post_tag","embeddable":true,"href":"https:\/\/www.infokuryr.cz\/n\/wp-json\/wp\/v2\/tags?post=7461"}],"curies":[{"name":"wp","href":"https:\/\/api.w.org\/{rel}","templated":true}]}}