{"id":7459,"date":"2022-01-11T04:08:52","date_gmt":"2022-01-11T03:08:52","guid":{"rendered":"http:\/\/www.infokuryr.cz\/n\/?p=7459"},"modified":"2022-01-11T04:08:52","modified_gmt":"2022-01-11T03:08:52","slug":"bartosova-kolosalni-chyba","status":"publish","type":"post","link":"https:\/\/www.infokuryr.cz\/n\/2022\/01\/11\/bartosova-kolosalni-chyba\/","title":{"rendered":"Barto\u0161ova kolos\u00e1ln\u00ed chyba"},"content":{"rendered":"<div id=\"fb-root\"><\/div>\n<p>P\u0159edseda Pir\u00e1t\u016f Ivan Barto\u0161, kter\u00fd byl v\u00a0sobotu znovu zvolen do funkce se 70 % hlas\u016f, ve sv\u00e9m\u00a0<a href=\"https:\/\/www.facebook.com\/ivan.bartos.37\/posts\/10223443414174119\" target=\"_blank\" rel=\"noopener\">kandid\u00e1tsk\u00e9m projevu<\/a>\u00a0uvedl, \u017ee Pir\u00e1ti m\u011bli v\u00a0minulosti mnoho \u00fasp\u011bch\u016f, ale v\u00a0\u0159\u00edjnov\u00fdch parlamentn\u00edch volb\u00e1ch \u010delili v\u00fdznamn\u00e9mu ne\u00fasp\u011bchu. \u201e\u0158ada chyb jde zcela objektivn\u011b za mnou jako l\u00eddrem, i\u00a0kdy\u017e jsem dal do sv\u00e9 pr\u00e1ce opravdu v\u0161e,\u201c \u0159ekl. To, \u017ee Barto\u0161 jako l\u00eddr nedok\u00e1zal zabr\u00e1nit, aby hnut\u00ed STAN vyu\u017eilo syst\u00e9mu preferen\u010dn\u00edch hlas\u016f k\u00a0vyfouknut\u00ed v\u011bt\u0161iny pir\u00e1tsk\u00fdch k\u0159esel v\u00a0poslaneck\u00e9 sn\u011bmovn\u011b, bylo zcela objektivn\u011b jednou z\u00a0nejv\u011bt\u0161\u00edch chyb, kter\u00e9 se kdy v\u00a0\u010desk\u00e9 politice ud\u011blaly. Kolos\u00e1ln\u00ed chybou bylo podcen\u011bn\u00ed \u010f\u00e1belsk\u00e9 vychytralosti b\u00fdval\u00e9ho investi\u010dn\u00edho bank\u00e9\u0159e V\u011bslava Michalika a\u00a0jeho kamar\u00e1da lobbisty Radka Pokorn\u00e9ho. Barto\u0161 nesta\u010dil v\u010das zareagovat ani na varov\u00e1n\u00ed\u00a0<a href=\"https:\/\/www.fsfinalword.cz\/?page=archive&amp;show=1&amp;day=2021-11-2\" target=\"_blank\" rel=\"noopener\">Blesku Daniela K\u0159et\u00ednsk\u00e9ho<\/a>, kter\u00fd t\u00fdden p\u0159ed volbami poskytl sv\u00fdm \u010dten\u00e1\u0159\u016fm p\u0159esn\u00fd n\u00e1vod, jak Pir\u00e1ty\u00a0<a href=\"https:\/\/www.blesk.cz\/clanek\/volby-volby-do-snemovny\/667210\/krouzkovani-jak-funguji-preferencni-hlasy-ve-volbach-do-poslanecke-snemovny.html\" target=\"_blank\" rel=\"noopener\">vykrou\u017ekovat<\/a>. Po v\u00edce ne\u017e deseti letech na politick\u00e9 sc\u00e9n\u011b jsou Pir\u00e1ti st\u00e1le naprost\u00fdmi amat\u00e9ry, kte\u0159\u00ed budou znovu a\u00a0znovu balamuceni, pokud se nenau\u010d\u00ed, jak to ve sv\u011bt\u011b chod\u00ed.<\/p>\n<p><a href=\"https:\/\/www.fsfinalword.cz\/?page=archive&amp;day=2022-01-10&amp;utm_source=utm_source%3Dnewsletter&amp;utm_medium=utm_medium%3De-mail&amp;utm_campaign=utm_campaign%3Dfinal_word_10.1.2022\">Erik Best<\/a><\/p>\n<p><img decoding=\"async\" loading=\"lazy\" class=\"alignnone  wp-image-1179\" src=\"http:\/\/www.infokuryr.cz\/n\/wp-content\/uploads\/2021\/04\/erik-best.jpg\" alt=\"\" width=\"145\" height=\"163\" \/><\/p>\n<p>&nbsp;<\/p>\n","protected":false},"excerpt":{"rendered":"<p>P\u0159edseda Pir\u00e1t\u016f Ivan Barto\u0161, kter\u00fd byl v\u00a0sobotu znovu zvolen do funkce se 70 % hlas\u016f,&#8230;<\/p>\n","protected":false},"author":2,"featured_media":2497,"comment_status":"closed","ping_status":"closed","sticky":false,"template":"","format":"standard","meta":[],"categories":[6],"tags":[1683,29,137,122],"_links":{"self":[{"href":"https:\/\/www.infokuryr.cz\/n\/wp-json\/wp\/v2\/posts\/7459"}],"collection":[{"href":"https:\/\/www.infokuryr.cz\/n\/wp-json\/wp\/v2\/posts"}],"about":[{"href":"https:\/\/www.infokuryr.cz\/n\/wp-json\/wp\/v2\/types\/post"}],"author":[{"embeddable":true,"href":"https:\/\/www.infokuryr.cz\/n\/wp-json\/wp\/v2\/users\/2"}],"replies":[{"embeddable":true,"href":"https:\/\/www.infokuryr.cz\/n\/wp-json\/wp\/v2\/comments?post=7459"}],"version-history":[{"count":0,"href":"https:\/\/www.infokuryr.cz\/n\/wp-json\/wp\/v2\/posts\/7459\/revisions"}],"wp:featuredmedia":[{"embeddable":true,"href":"https:\/\/www.infokuryr.cz\/n\/wp-json\/wp\/v2\/media\/2497"}],"wp:attachment":[{"href":"https:\/\/www.infokuryr.cz\/n\/wp-json\/wp\/v2\/media?parent=7459"}],"wp:term":[{"taxonomy":"category","embeddable":true,"href":"https:\/\/www.infokuryr.cz\/n\/wp-json\/wp\/v2\/categories?post=7459"},{"taxonomy":"post_tag","embeddable":true,"href":"https:\/\/www.infokuryr.cz\/n\/wp-json\/wp\/v2\/tags?post=7459"}],"curies":[{"name":"wp","href":"https:\/\/api.w.org\/{rel}","templated":true}]}}