{"id":74581,"date":"2025-03-20T06:00:39","date_gmt":"2025-03-20T05:00:39","guid":{"rendered":"https:\/\/www.infokuryr.cz\/n\/?p=74581"},"modified":"2025-03-20T06:00:39","modified_gmt":"2025-03-20T05:00:39","slug":"steve-bannon-trump-bude-znovu-kandidovat-v-roce-2028","status":"publish","type":"post","link":"https:\/\/www.infokuryr.cz\/n\/2025\/03\/20\/steve-bannon-trump-bude-znovu-kandidovat-v-roce-2028\/","title":{"rendered":"Steve Bannon: Trump bude znovu kandidovat v roce 2028"},"content":{"rendered":"<div id=\"fb-root\"><\/div>\n<h3>B\u00fdval\u00fd strat\u00e9g B\u00edl\u00e9ho domu \u0159ekl, \u017ee pracuje na tom, aby pomohl 47. prezidentovi obej\u00edt limit dvou funk\u010dn\u00edch obdob\u00ed<\/h3>\n<p data-pm-slice=\"1 1 []\"><span>B\u00fdval\u00fd strat\u00e9g B\u00edl\u00e9ho domu Steve Bannon prohl\u00e1sil, \u017ee prezident Donald Trump najde zp\u016fsob, jak obej\u00edt \u00fastavn\u00ed limit dvou funk\u010dn\u00edch obdob\u00ed a znovu kandidovat v roce 2028.<\/span><\/p>\n<p><span>22. dodatek americk\u00e9 \u00fastavy uv\u00e1d\u00ed, \u017ee\u00a0<\/span><em><span>\u201e\u017e\u00e1dn\u00e1 osoba nesm\u00ed b\u00fdt zvolena do \u00fa\u0159adu prezidenta v\u00edce ne\u017e dvakr\u00e1t\u201c.<\/span><\/em><span>\u00a0Bannon, kter\u00fd byl jedn\u00edm z prvn\u00edch Trumpov\u00fdch podporovatel\u016f a vedl jeho volebn\u00ed kampa\u0148 v roce 2016, tvrdil, \u017ee Trump by byl schopen zajistit t\u0159et\u00ed funk\u010dn\u00ed obdob\u00ed.\u00a0<\/span><\/p>\n<p><em><span>\u201e<\/span><\/em><span>\u00a0Pevn\u011b \u200b\u200bv\u011b\u0159\u00edm, \u017ee prezident Trump bude znovu kandidovat v roce 2028. Prezidenta Trumpa jsem ji\u017e podpo\u0159il,\u201c \u0159ekl Bannon Chrisu Cuomovi z NewsNation ve st\u0159edu.\u00a0<\/span><\/p>\n<p><em><span>&#8222;<\/span><\/em><span>\u00a0Takov\u00fd mu\u017e se objev\u00ed jednou za stolet\u00ed, pokud budeme m\u00edt \u0161t\u011bst\u00ed. Te\u010f ho m\u00e1me. Ho\u0159\u00ed a j\u00e1 jsem jeho velk\u00fdm zast\u00e1ncem. Chci ho znovu vid\u011bt v roce 2028,&#8220; dodal.\u00a0<\/span><\/p>\n<p><span>Na ot\u00e1zku, jak by Trump ve t\u0159et\u00edm funk\u010dn\u00edm obdob\u00ed obe\u0161el \u00fastavn\u00ed z\u00e1kaz, Bannon odpov\u011bd\u011bl:\u00a0<\/span><em><span>&#8222;Pracujeme na tom.&#8220;<\/span><\/em><\/p>\n<p><em><span>&#8222;Mysl\u00edm, \u017ee budeme m\u00edt n\u011bkolik alternativ, \u0159ekn\u011bme to. Uvid\u00edme, jak\u00e1 je definice term\u00ednu limit,&#8220;<\/span><\/em><span>\u00a0\u0159ekl b\u00fdval\u00fd p\u0159edseda Breitbart News.\u00a0<\/span><\/p>\n<p><em><span>&#8222;<\/span><\/em><span>\u00a0M\u011bli jsme daleko lep\u0161\u00ed v\u00fdsledky ne\u017e Trump 2028. M\u00e1me spoustu v\u011bc\u00ed, na kter\u00fdch pracujeme. Nejsme p\u0159ipraveni o tom mluvit ve\u0159ejn\u011b.&#8220;\u00a0<\/span><\/p>\n<p><span>Na ot\u00e1zku, zda nazna\u010doval n\u00e1silnou revoluci nebo povst\u00e1n\u00ed, Bannon odpov\u011bd\u011bl:\u00a0<\/span><em><span>&#8222;Ne. Jsme velc\u00ed vyznava\u010di demokracie.&#8220;<\/span><\/em><span>\u00a0Strat\u00e9g uvedl, \u017ee Trumpovi p\u0159\u00edznivci hodlaj\u00ed mobilizovat svou voli\u010dskou z\u00e1kladnu, v\u010detn\u011b voli\u010d\u016f s n\u00edzkou n\u00e1klonnost\u00ed a n\u00edzkou informovanost\u00ed.\u00a0<\/span><\/p>\n<p><span>Trump opakovan\u011b \u017eertoval o mo\u017enosti, \u017ee by mohl slou\u017eit v\u00edce ne\u017e dv\u011b funk\u010dn\u00ed obdob\u00ed. V lednu \u0159ekl davu p\u0159\u00edznivc\u016f v Nevad\u011b:\u00a0<\/span><em><span>\u201eBude to nejv\u011bt\u0161\u00ed \u010dest m\u00e9ho \u017eivota slou\u017eit ne jednou, ale dvakr\u00e1t, t\u0159ikr\u00e1t nebo \u010dty\u0159ikr\u00e1t.<\/span><\/em><\/p>\n<p><span>Za\u010d\u00e1tkem tohoto roku navrhl republik\u00e1nsk\u00fd kongresman Andy Ogles pozm\u011bnit \u00fastavu tak, aby umo\u017enila prezident\u016fm, kte\u0159\u00ed neslou\u017eili dv\u011b po sob\u011b jdouc\u00ed funk\u010dn\u00ed obdob\u00ed, vykon\u00e1vat celkem t\u0159i funk\u010dn\u00ed obdob\u00ed.\u00a0<\/span><em><span>&#8222;Je bezpodm\u00edne\u010dn\u011b nutn\u00e9, abychom prezidentovi Trumpovi poskytli ve\u0161ker\u00e9 zdroje nezbytn\u00e9 k n\u00e1prav\u011b katastrof\u00e1ln\u00edho kurzu nastaven\u00e9ho Bidenovou administrativou,&#8220;<\/span><\/em><span>\u00a0\u0159ekl Ogles v lednu.<\/span><\/p>\n<p><span>Trump byl poprv\u00e9 zvolen v roce 2016, kdy\u017e porazil b\u00fdvalou ministryni zahrani\u010d\u00ed Hillary Clintonovou. Uch\u00e1zel se o znovuzvolen\u00ed v roce 2020, ale prohr\u00e1l s b\u00fdval\u00fdm viceprezidentem Joem Bidenem. Trump loni vyhr\u00e1l sv\u00e9 druh\u00e9 funk\u010dn\u00ed obdob\u00ed, kdy\u017e porazil Bidenovu n\u00e1stupkyni Kamalu Harrisovou.<\/span><\/p>\n<p><span>Dvoulet\u00e9 omezen\u00ed bylo do \u00fastavy zahrnuto v reakci na bezprecedentn\u00ed \u010dty\u0159let\u00e9 prezidentov\u00e1n\u00ed Franklina D. Roosevelta. P\u0159ed n\u00edm ameri\u010dt\u00ed prezidenti slou\u017eili pouze jedno nebo dv\u011b funk\u010dn\u00ed obdob\u00ed.<\/span><\/p>\n<p><img decoding=\"async\" loading=\"lazy\" class=\"alignnone size-full wp-image-71983\" src=\"http:\/\/www.infokuryr.cz\/n\/wp-content\/uploads\/2025\/02\/aaa.jpg\" alt=\"\" width=\"89\" height=\"23\" \/><\/p>\n<p>&nbsp;<\/p>\n","protected":false},"excerpt":{"rendered":"<p>B\u00fdval\u00fd strat\u00e9g B\u00edl\u00e9ho domu \u0159ekl, \u017ee pracuje na tom, aby pomohl 47. prezidentovi obej\u00edt limit&#8230;<\/p>\n","protected":false},"author":2,"featured_media":65715,"comment_status":"closed","ping_status":"closed","sticky":false,"template":"","format":"standard","meta":[],"categories":[7],"tags":[6071,165,452,37,27],"_links":{"self":[{"href":"https:\/\/www.infokuryr.cz\/n\/wp-json\/wp\/v2\/posts\/74581"}],"collection":[{"href":"https:\/\/www.infokuryr.cz\/n\/wp-json\/wp\/v2\/posts"}],"about":[{"href":"https:\/\/www.infokuryr.cz\/n\/wp-json\/wp\/v2\/types\/post"}],"author":[{"embeddable":true,"href":"https:\/\/www.infokuryr.cz\/n\/wp-json\/wp\/v2\/users\/2"}],"replies":[{"embeddable":true,"href":"https:\/\/www.infokuryr.cz\/n\/wp-json\/wp\/v2\/comments?post=74581"}],"version-history":[{"count":0,"href":"https:\/\/www.infokuryr.cz\/n\/wp-json\/wp\/v2\/posts\/74581\/revisions"}],"wp:featuredmedia":[{"embeddable":true,"href":"https:\/\/www.infokuryr.cz\/n\/wp-json\/wp\/v2\/media\/65715"}],"wp:attachment":[{"href":"https:\/\/www.infokuryr.cz\/n\/wp-json\/wp\/v2\/media?parent=74581"}],"wp:term":[{"taxonomy":"category","embeddable":true,"href":"https:\/\/www.infokuryr.cz\/n\/wp-json\/wp\/v2\/categories?post=74581"},{"taxonomy":"post_tag","embeddable":true,"href":"https:\/\/www.infokuryr.cz\/n\/wp-json\/wp\/v2\/tags?post=74581"}],"curies":[{"name":"wp","href":"https:\/\/api.w.org\/{rel}","templated":true}]}}