{"id":74580,"date":"2025-03-20T05:57:50","date_gmt":"2025-03-20T04:57:50","guid":{"rendered":"https:\/\/www.infokuryr.cz\/n\/?p=74580"},"modified":"2025-03-20T05:57:50","modified_gmt":"2025-03-20T04:57:50","slug":"husiove-vypalili-balistickou-strelu-na-izrael","status":"publish","type":"post","link":"https:\/\/www.infokuryr.cz\/n\/2025\/03\/20\/husiove-vypalili-balistickou-strelu-na-izrael\/","title":{"rendered":"H\u00fas\u00edov\u00e9 vyp\u00e1lili balistickou st\u0159elu na Izrael"},"content":{"rendered":"<div id=\"fb-root\"><\/div>\n<h3>K eskalaci doch\u00e1z\u00ed po zhroucen\u00ed p\u0159\u00edm\u011b\u0159\u00ed v Gaze<\/h3>\n<p data-pm-slice=\"1 1 []\"><span>Izraelsk\u00e9 obrann\u00e9 s\u00edly (IDF) ozn\u00e1mily, \u017ee zachytily balistickou st\u0159elu odp\u00e1lenou jemensk\u00fdmi povstalci Houthi. Podle izraelsk\u00fdch m\u00e9di\u00ed \u0161lo o prvn\u00ed podobn\u00fd \u00fatok za dva m\u011bs\u00edce.\u00a0<\/span><\/p>\n<p><em><span>&#8222;Raketa byla zachycena p\u0159ed p\u0159echodem na \u00fazem\u00ed zem\u011b. Sir\u00e9ny byly aktivov\u00e1ny v souladu s protokolem,&#8220;<\/span><\/em><span>\u00a0napsala IDF na X ve \u010dtvrtek \u010dasn\u011b r\u00e1no.\u00a0<\/span><\/p>\n<p><span>Mluv\u010d\u00ed Houthisk\u00e9 arm\u00e1dy Ameen Hayyan \u0159ekl, \u017ee raketa byla odp\u00e1lena na mezin\u00e1rodn\u00ed leti\u0161t\u011b Ben Gurion.<\/span><\/p>\n<p><span>H\u00fas\u00edov\u00e9 ovl\u00e1daj\u00ed velkou \u010d\u00e1st z\u00e1padn\u00edho Jemenu, v\u010detn\u011b jeho hlavn\u00edho m\u011bsta San\u00e1. Skupina prov\u00e1d\u00ed \u00fatoky na mezin\u00e1rodn\u00ed lodn\u00ed dopravu a odpaluje rakety na Izrael v reakci na operaci IDF proti Hamasu v Gaze.<\/span><\/p>\n<p><span>Americk\u00fd prezident Donald Trump o v\u00edkendu na\u0159\u00eddil s\u00e9rii n\u00e1let\u016f a paln\u00fdch st\u0159el proti m\u00edst\u016fm Houthi\u016f. Ve st\u0159edu varoval, \u017ee skupina\u00a0<\/span><em><span>\u201ebude zcela zni\u010dena\u201c.<\/span><\/em><\/p>\n<p><span>Abdul-Malik al-Houthi, v\u016fdce ozbrojenc\u016f, sl\u00edbil, \u017ee bude pokra\u010dovat v \u00fatoku jm\u00e9nem Palestinc\u016f.\u00a0<\/span><em><span>&#8222;Ud\u011bl\u00e1me v\u0161e, co je v na\u0161ich sil\u00e1ch proti izraelsk\u00e9mu nep\u0159\u00edteli a na podporu palestinsk\u00e9ho lidu. Budeme konfrontovat jakoukoli americkou podporu [Izraeli], kter\u00e1 bude zahrnovat zac\u00edlen\u00ed na na\u0161i zemi,&#8220;<\/span><\/em><span>\u00a0\u0159ekl podle zpravodajsk\u00e9ho webu The New Arab.<\/span><\/p>\n<p><span>P\u0159\u00edm\u011b\u0159\u00ed mezi Hamasem a Izraelem se tento t\u00fdden zhroutilo pot\u00e9, co se strany nedok\u00e1zaly dohodnout na dal\u0161\u00ed f\u00e1zi p\u0159\u00edm\u011b\u0159\u00ed. IDF v \u00fater\u00fd obnovily n\u00e1lety v Gaze a od t\u00e9 doby pokra\u010dovaly v pozemn\u00ed ofenziv\u011b a p\u0159evzaly kontrolu nad koridorem Netzarim ji\u017en\u011b od m\u011bsta Gaza.\u00a0<\/span><\/p>\n<p><img decoding=\"async\" loading=\"lazy\" class=\"alignnone size-full wp-image-71983\" src=\"http:\/\/www.infokuryr.cz\/n\/wp-content\/uploads\/2025\/02\/aaa.jpg\" alt=\"\" width=\"89\" height=\"23\" \/><\/p>\n<p>&nbsp;<\/p>\n","protected":false},"excerpt":{"rendered":"<p>K eskalaci doch\u00e1z\u00ed po zhroucen\u00ed p\u0159\u00edm\u011b\u0159\u00ed v Gaze Izraelsk\u00e9 obrann\u00e9 s\u00edly (IDF) ozn\u00e1mily, \u017ee zachytily&#8230;<\/p>\n","protected":false},"author":2,"featured_media":74290,"comment_status":"closed","ping_status":"closed","sticky":false,"template":"","format":"standard","meta":[],"categories":[7],"tags":[5457,6184,107],"_links":{"self":[{"href":"https:\/\/www.infokuryr.cz\/n\/wp-json\/wp\/v2\/posts\/74580"}],"collection":[{"href":"https:\/\/www.infokuryr.cz\/n\/wp-json\/wp\/v2\/posts"}],"about":[{"href":"https:\/\/www.infokuryr.cz\/n\/wp-json\/wp\/v2\/types\/post"}],"author":[{"embeddable":true,"href":"https:\/\/www.infokuryr.cz\/n\/wp-json\/wp\/v2\/users\/2"}],"replies":[{"embeddable":true,"href":"https:\/\/www.infokuryr.cz\/n\/wp-json\/wp\/v2\/comments?post=74580"}],"version-history":[{"count":0,"href":"https:\/\/www.infokuryr.cz\/n\/wp-json\/wp\/v2\/posts\/74580\/revisions"}],"wp:featuredmedia":[{"embeddable":true,"href":"https:\/\/www.infokuryr.cz\/n\/wp-json\/wp\/v2\/media\/74290"}],"wp:attachment":[{"href":"https:\/\/www.infokuryr.cz\/n\/wp-json\/wp\/v2\/media?parent=74580"}],"wp:term":[{"taxonomy":"category","embeddable":true,"href":"https:\/\/www.infokuryr.cz\/n\/wp-json\/wp\/v2\/categories?post=74580"},{"taxonomy":"post_tag","embeddable":true,"href":"https:\/\/www.infokuryr.cz\/n\/wp-json\/wp\/v2\/tags?post=74580"}],"curies":[{"name":"wp","href":"https:\/\/api.w.org\/{rel}","templated":true}]}}