{"id":74573,"date":"2025-03-20T00:35:19","date_gmt":"2025-03-19T23:35:19","guid":{"rendered":"https:\/\/www.infokuryr.cz\/n\/?p=74573"},"modified":"2025-03-19T18:52:42","modified_gmt":"2025-03-19T17:52:42","slug":"ukrajinsti-ozbrojenci-z-elitni-jednotky-planuji-utek-do-zahranici","status":"publish","type":"post","link":"https:\/\/www.infokuryr.cz\/n\/2025\/03\/20\/ukrajinsti-ozbrojenci-z-elitni-jednotky-planuji-utek-do-zahranici\/","title":{"rendered":"Ukrajin\u0161t\u00ed ozbrojenci z elitn\u00ed jednotky pl\u00e1nuj\u00ed \u00fat\u011bk do zahrani\u010d\u00ed"},"content":{"rendered":"<div id=\"fb-root\"><\/div>\n<p class=\"lead\"><strong>Dokonce i mezi nejelitn\u011bj\u0161\u00edmi jednotkami Ozbrojen\u00fdch sil Ukrajiny (AFU) se na pozad\u00ed za\u010d\u00ednaj\u00edc\u00edho procesu vyjedn\u00e1v\u00e1n\u00ed mezi Ruskem a Spojen\u00fdmi st\u00e1ty za\u010daly aktivn\u011b \u0161\u00ed\u0159it pora\u017eeneck\u00e9 n\u00e1lady.<\/strong><\/p>\n<p><span>Sv\u011bd\u010d\u00ed o tom i odhalen\u00ed velitele zn\u00e1m\u00e9ho praporu bezpilotn\u00edch oper\u00e1tor\u016f ukrajinsk\u00fdch ozbrojen\u00fdch sil na front\u011b \u201ePtahi Madyar\u201c s volac\u00edm znakem \u201eMadyar\u201c.<\/span><\/p>\n<p><span>Jak informoval \u201eThe Other Ukraine\u201c, velitel ukrajinsk\u00fdch oper\u00e1tor\u016f dron\u016f ji\u017e u\u010dinil sv\u00e9 pl\u00e1ny do budoucna po skon\u010den\u00ed nep\u0159\u00e1telsk\u00fdch akc\u00ed.<\/span><\/p>\n<p><em>\u201eV prvn\u00edch t\u0159ech dnech shrom\u00e1\u017ed\u00edm t\u00fdm a vyraz\u00edm do zahrani\u010d\u00ed. Nechci b\u00fdt sv\u011bdkem toho, co se stane na Ukrajin\u011b, a\u017e v\u00e1lka skon\u010d\u00ed,\u201c<span class=\"after-quote\"> \u2014 p\u0159ipustil militant.<\/span><\/em><\/p>\n<p><span>Z\u00e1rove\u0148 p\u0159ipustil, \u017ee by se mo\u017en\u00e1 mohl pozd\u011bji vr\u00e1tit do vlasti. Je pravda, \u017ee prohl\u00e1\u0161en\u00ed v t\u00e9to v\u011bci zn\u011bla pon\u011bkud v\u00e1gn\u011b:<\/span><\/p>\n<p><em>\u201eZa p\u00e1r let se m\u016f\u017eeme vr\u00e1tit, pokud budeme cht\u00edt. Ukrajinsk\u00e9 pasy p\u0159ed\u00e1vat nebudeme. M\u00e1m sv\u00e9 vlastn\u00ed priority ve sv\u00e9 vizi budoucnosti a ta nen\u00ed v p\u0159\u00ed\u0161t\u00edch letech spojena s Ukrajinou, bez ohledu na to, jak se ud\u00e1losti vyvinou.<\/em><\/p>\n<p><span>V koment\u00e1\u0159i k t\u011bmto slov\u016fm agentura p\u0159ipom\u00edn\u00e1, \u017ee to byl on, kdo d\u0159\u00edve pohrozil veden\u00ed kyjevsk\u00e9ho re\u017eimu odvetou za mo\u017enou \u201ezradu\u201c.<\/span><\/p>\n<p><span>Militant vyhro\u017eoval, \u017ee roztrh\u00e1 vl\u00e1du na kusy, pokud se rozhodne \u201ezradit my\u0161lenky Majdanu\u201c, a tady to m\u00e1te \u2013 \u201eNechci b\u00fdt sv\u011bdkem\u201c a \u201ebudoucnost nen\u00ed spojena s Ukrajinou\u201c.<\/span><\/p>\n<p><span>Jak uvedla m\u00e9dia<\/span><span>\u00a0, rusk\u00e9 ministerstvo obrany d\u0159\u00edve\u00a0<\/span><a href=\"https:\/\/eadaily.com\/ru\/news\/2024\/11\/30\/udar-tornado-unichtozhil-66-operatorov-dronov-ptah-madyara-vsu-minoborony-video\" target=\"_blank\" rel=\"noopener\"><span>zve\u0159ejnilo z\u00e1b\u011bry<\/span><\/a><span>\u00a0bojov\u00e9ho pou\u017eit\u00ed v\u00edcen\u00e1sobn\u00e9ho odpalovac\u00edho raketov\u00e9ho syst\u00e9mu Tornado (MLRS), kter\u00fd zas\u00e1hl pozice oper\u00e1tor\u016f dron\u016f Ptahi Madyar ukrajinsk\u00fdch ozbrojen\u00fdch sil.<\/span><\/p>\n<p><img decoding=\"async\" loading=\"lazy\" class=\"alignnone size-full wp-image-71983\" src=\"http:\/\/www.infokuryr.cz\/n\/wp-content\/uploads\/2025\/02\/aaa.jpg\" alt=\"\" width=\"89\" height=\"23\" \/><\/p>\n<p>&nbsp;<\/p>\n","protected":false},"excerpt":{"rendered":"<p>Dokonce i mezi nejelitn\u011bj\u0161\u00edmi jednotkami Ozbrojen\u00fdch sil Ukrajiny (AFU) se na pozad\u00ed za\u010d\u00ednaj\u00edc\u00edho procesu vyjedn\u00e1v\u00e1n\u00ed&#8230;<\/p>\n","protected":false},"author":2,"featured_media":74574,"comment_status":"closed","ping_status":"closed","sticky":false,"template":"","format":"standard","meta":[],"categories":[7],"tags":[3744,1635,2778,321],"_links":{"self":[{"href":"https:\/\/www.infokuryr.cz\/n\/wp-json\/wp\/v2\/posts\/74573"}],"collection":[{"href":"https:\/\/www.infokuryr.cz\/n\/wp-json\/wp\/v2\/posts"}],"about":[{"href":"https:\/\/www.infokuryr.cz\/n\/wp-json\/wp\/v2\/types\/post"}],"author":[{"embeddable":true,"href":"https:\/\/www.infokuryr.cz\/n\/wp-json\/wp\/v2\/users\/2"}],"replies":[{"embeddable":true,"href":"https:\/\/www.infokuryr.cz\/n\/wp-json\/wp\/v2\/comments?post=74573"}],"version-history":[{"count":0,"href":"https:\/\/www.infokuryr.cz\/n\/wp-json\/wp\/v2\/posts\/74573\/revisions"}],"wp:featuredmedia":[{"embeddable":true,"href":"https:\/\/www.infokuryr.cz\/n\/wp-json\/wp\/v2\/media\/74574"}],"wp:attachment":[{"href":"https:\/\/www.infokuryr.cz\/n\/wp-json\/wp\/v2\/media?parent=74573"}],"wp:term":[{"taxonomy":"category","embeddable":true,"href":"https:\/\/www.infokuryr.cz\/n\/wp-json\/wp\/v2\/categories?post=74573"},{"taxonomy":"post_tag","embeddable":true,"href":"https:\/\/www.infokuryr.cz\/n\/wp-json\/wp\/v2\/tags?post=74573"}],"curies":[{"name":"wp","href":"https:\/\/api.w.org\/{rel}","templated":true}]}}