{"id":74570,"date":"2025-03-20T00:33:28","date_gmt":"2025-03-19T23:33:28","guid":{"rendered":"https:\/\/www.infokuryr.cz\/n\/?p=74570"},"modified":"2025-03-19T18:46:13","modified_gmt":"2025-03-19T17:46:13","slug":"trump-mel-velmi-dobry-hovor-se-zelenskym","status":"publish","type":"post","link":"https:\/\/www.infokuryr.cz\/n\/2025\/03\/20\/trump-mel-velmi-dobry-hovor-se-zelenskym\/","title":{"rendered":"Trump m\u011bl \u201evelmi dobr\u00fd\u201c hovor se Zelensk\u00fdm"},"content":{"rendered":"<div id=\"fb-root\"><\/div>\n<h3>Americk\u00fd prezident prozradil, \u017ee rozhovor se to\u010dil kolem jeho rozhovor\u016f s rusk\u00fdm prot\u011bj\u0161kem Vladimirem Putinem<\/h3>\n<p><span>Americk\u00fd prezident Donald Trump ve st\u0159edu uspo\u0159\u00e1dal to, co popsal jako\u00a0<\/span><em><span>\u201evelmi dobr\u00fd\u201c<\/span><\/em><span>\u00a0telefon\u00e1t s Ukrajincem Vladimirem Zelensk\u00fdm. Konverzace se prim\u00e1rn\u011b to\u010dila kolem jeho \u00fatern\u00edho 2,5hodinov\u00e9ho telefonick\u00e9ho rozhovoru s rusk\u00fdm prezidentem Vladimirem Putinem, uvedl Trump v kr\u00e1tk\u00e9m prohl\u00e1\u0161en\u00ed na sv\u00e9 platform\u011b soci\u00e1ln\u00edch m\u00e9di\u00ed Pravda.<\/span><\/p>\n<p><em><span>&#8222;Velk\u00e1 \u010d\u00e1st diskuse byla zalo\u017eena na v\u010derej\u0161\u00edm hovoru s prezidentem Putinem s c\u00edlem sladit Rusko a Ukrajinu, pokud jde o jejich po\u017eadavky a pot\u0159eby. Jsme na dobr\u00e9 cest\u011b,&#8220;<\/span><\/em><span>\u00a0napsal Trump.<\/span><\/p>\n<p><span>Americk\u00fd prezident \u0159ekl, \u017ee po\u017e\u00e1d\u00e1 americk\u00e9ho ministra zahrani\u010d\u00ed Marca Rubia a poradce pro n\u00e1rodn\u00ed bezpe\u010dnost Michaela Waltze, aby\u00a0<\/span><em><span>\u201eposkytli p\u0159esn\u00fd popis diskutovan\u00fdch bod\u016f\u201c,<\/span><\/em><span>\u00a0zat\u00edmco bude zve\u0159ejn\u011bna zpr\u00e1va.<\/span><\/p>\n<p><span>Rozhovory Trump-Putin se prim\u00e1rn\u011b to\u010dily kolem ukrajinsk\u00e9 krize a zp\u016fsob\u016f, jak ji vy\u0159e\u0161it. B\u011bhem rozhovoru Trump vyslovil my\u0161lenku, \u017ee Moskva a Kyjev na 30 dn\u00ed vz\u00e1jemn\u011b zastav\u00ed st\u00e1vky na za\u0159\u00edzen\u00ed energetick\u00e9 infrastruktury. Putin my\u0161lenku podpo\u0159il a okam\u017eit\u011b na\u0159\u00eddil arm\u00e1d\u011b, aby takov\u00e9 \u00fatoky zastavila, uvedlo rusk\u00e9 ministerstvo obrany.<\/span><\/p>\n<p><span>V \u00fater\u00fd Zelenskyj tuto my\u0161lenku ve\u0159ejn\u011b podpo\u0159il a v\u00fdslovn\u011b s n\u00ed souhlasil b\u011bhem telefon\u00e1tu s Trumpem, uvedla agentura Bloomberg. Ji\u017e d\u0159\u00edve b\u011bhem dne v\u0161ak ukrajinsk\u00fd v\u016fdce vyj\u00e1d\u0159il obavy, jak p\u0159esn\u011b by takov\u00e9 p\u0159\u00edm\u011b\u0159\u00ed mohlo b\u00fdt realizov\u00e1no.<\/span><\/p>\n<p><em><span>&#8222;Pokud Rusko p\u0159estane \u00fato\u010dit na na\u0161e c\u00edle, ur\u010dit\u011b p\u0159estaneme zasahovat c\u00edle v Rusku. Ale Putinovy \u200b\u200bsliby samy o sob\u011b nesta\u010d\u00ed, mus\u00ed existovat kontrola. Hlavn\u00edm subjektem t\u00e9to kontroly mus\u00ed b\u00fdt USA,&#8220;<\/span><\/em><span>\u00a0\u0159ekl Zelenskyj b\u011bhem spole\u010dn\u00e9 tiskov\u00e9 konference s finsk\u00fdm prezidentem Alexandrem Stubbem.<\/span><\/p>\n<p><img decoding=\"async\" loading=\"lazy\" class=\"alignnone size-full wp-image-71983\" src=\"http:\/\/www.infokuryr.cz\/n\/wp-content\/uploads\/2025\/02\/aaa.jpg\" alt=\"\" width=\"89\" height=\"23\" \/><\/p>\n<p>&nbsp;<\/p>\n","protected":false},"excerpt":{"rendered":"<p>Americk\u00fd prezident prozradil, \u017ee rozhovor se to\u010dil kolem jeho rozhovor\u016f s rusk\u00fdm prot\u011bj\u0161kem Vladimirem Putinem&#8230;<\/p>\n","protected":false},"author":2,"featured_media":45408,"comment_status":"closed","ping_status":"closed","sticky":false,"template":"","format":"standard","meta":[],"categories":[7],"tags":[1882,452,1000],"_links":{"self":[{"href":"https:\/\/www.infokuryr.cz\/n\/wp-json\/wp\/v2\/posts\/74570"}],"collection":[{"href":"https:\/\/www.infokuryr.cz\/n\/wp-json\/wp\/v2\/posts"}],"about":[{"href":"https:\/\/www.infokuryr.cz\/n\/wp-json\/wp\/v2\/types\/post"}],"author":[{"embeddable":true,"href":"https:\/\/www.infokuryr.cz\/n\/wp-json\/wp\/v2\/users\/2"}],"replies":[{"embeddable":true,"href":"https:\/\/www.infokuryr.cz\/n\/wp-json\/wp\/v2\/comments?post=74570"}],"version-history":[{"count":0,"href":"https:\/\/www.infokuryr.cz\/n\/wp-json\/wp\/v2\/posts\/74570\/revisions"}],"wp:featuredmedia":[{"embeddable":true,"href":"https:\/\/www.infokuryr.cz\/n\/wp-json\/wp\/v2\/media\/45408"}],"wp:attachment":[{"href":"https:\/\/www.infokuryr.cz\/n\/wp-json\/wp\/v2\/media?parent=74570"}],"wp:term":[{"taxonomy":"category","embeddable":true,"href":"https:\/\/www.infokuryr.cz\/n\/wp-json\/wp\/v2\/categories?post=74570"},{"taxonomy":"post_tag","embeddable":true,"href":"https:\/\/www.infokuryr.cz\/n\/wp-json\/wp\/v2\/tags?post=74570"}],"curies":[{"name":"wp","href":"https:\/\/api.w.org\/{rel}","templated":true}]}}