{"id":74563,"date":"2025-03-20T00:29:36","date_gmt":"2025-03-19T23:29:36","guid":{"rendered":"https:\/\/www.infokuryr.cz\/n\/?p=74563"},"modified":"2025-03-19T17:14:50","modified_gmt":"2025-03-19T16:14:50","slug":"polsko-polozi-na-sve-vychodni-hranici-az-1-milion-zakazanych-protipechotnich-min-rika-namestek-ministra-obrany","status":"publish","type":"post","link":"https:\/\/www.infokuryr.cz\/n\/2025\/03\/20\/polsko-polozi-na-sve-vychodni-hranici-az-1-milion-zakazanych-protipechotnich-min-rika-namestek-ministra-obrany\/","title":{"rendered":"Polsko polo\u017e\u00ed na sv\u00e9 v\u00fdchodn\u00ed hranici a\u017e 1 milion zak\u00e1zan\u00fdch protip\u011bchotn\u00edch min, \u0159\u00edk\u00e1 n\u00e1m\u011bstek ministra obrany"},"content":{"rendered":"<div id=\"fb-root\"><\/div>\n<h3 class=\"s-tagline fw-tagline\"><span>Polsko \u00fadajn\u011b rozm\u00edst\u00ed pod\u00e9l sv\u00e9 v\u00fdchodn\u00ed hranice a\u017e jeden milion protip\u011bchotn\u00edch min v r\u00e1mci sv\u00e9 obrann\u00e9 iniciativy East Shield pot\u00e9, co odstoup\u00ed od Ottawsk\u00e9 \u00famluvy<\/span><\/h3>\n<p><span>Podle Pawla Bejdy, st\u00e1tn\u00edho tajemn\u00edka ministerstva n\u00e1rodn\u00ed obrany, se Polsko chyst\u00e1 polo\u017eit pod\u00e9l sv\u00e9 v\u00fdchodn\u00ed hranice a\u017e jeden milion protip\u011bchotn\u00edch min v r\u00e1mci sv\u00e9 nov\u011b ozn\u00e1men\u00e9 obrann\u00e9 iniciativy East Shield.<\/span><\/p>\n<p><span>Rozhodnut\u00ed p\u0159ich\u00e1z\u00ed v dob\u011b, kdy Polsko spolu s Litvou, Loty\u0161skem a Estonskem odstoup\u00ed od Ottawsk\u00e9 \u00famluvy, kter\u00e1 zakazuje pou\u017e\u00edv\u00e1n\u00ed, v\u00fdrobu a p\u0159evod takov\u00fdch dol\u016f.<\/span><\/p>\n<p><span>&#8222;Nem\u00e1me na v\u00fdb\u011br. Situace na hranici je velmi v\u00e1\u017en\u00e1. Miny budou jedn\u00edm z prvk\u016f V\u00fdchodn\u00edho \u0161t\u00edtu,&#8220; uvedl Bejda v rozhovoru pro RMF FM a zd\u016fraznil rostouc\u00ed zam\u011b\u0159en\u00ed Polska na opevn\u011bn\u00ed sv\u00e9 obrany proti potenci\u00e1ln\u00edm hrozb\u00e1m z Ruska a B\u011bloruska.<\/span><\/p>\n<p><span>Polsko spolu se sv\u00fdmi pobaltsk\u00fdmi spojenci ned\u00e1vno ozn\u00e1milo odstoupen\u00ed od Ottawsk\u00e9 \u00famluvy s odkazem na pot\u0159ebu v\u011bt\u0161\u00ed bezpe\u010dnosti hranic.<\/span><\/p>\n<p><span>&#8222;Nem\u00e1me protip\u011bchotn\u00ed miny. Mus\u00ed se vyr\u00e1b\u011bt &#8211; m\u00e1me takov\u00e9 mo\u017enosti. Chceme, aby se tyto miny vyr\u00e1b\u011bly v Polsku,&#8220; \u0159ekl Bejda s t\u00edm, \u017ee na jejich v\u00fdrobu bude dohl\u00ed\u017eet st\u00e1tn\u00ed skupina PGZ. Odhadl, \u017ee Polsko m\u016f\u017ee pot\u0159ebovat n\u011bkolik set tis\u00edc a\u017e jeden milion min, p\u0159i\u010dem\u017e proces odstoupen\u00ed od Ottawsk\u00e9 smlouvy m\u016f\u017ee trvat a\u017e dev\u011bt m\u011bs\u00edc\u016f.<\/span><\/p>\n<p><span>Ministerstva obrany \u010dty\u0159 \u010dlensk\u00fdch st\u00e1t\u016f NATO vydala v \u00fater\u00fd spole\u010dn\u00e9 prohl\u00e1\u0161en\u00ed od\u016fvod\u0148uj\u00edc\u00ed sv\u00e9 rozhodnut\u00ed: \u201eV\u011b\u0159\u00edme, \u017ee v sou\u010dasn\u00e9m bezpe\u010dnostn\u00edm prost\u0159ed\u00ed je prvo\u0159ad\u00e9 poskytnout na\u0161im obrann\u00fdm sil\u00e1m flexibilitu a svobodu volby, pokud jde o potenci\u00e1ln\u00ed pou\u017eit\u00ed nov\u00fdch zbra\u0148ov\u00fdch syst\u00e9m\u016f a \u0159e\u0161en\u00ed k pos\u00edlen\u00ed obrany zraniteln\u00e9ho v\u00fdchodn\u00edho k\u0159\u00eddla Aliance.<\/span><\/p>\n<p><span>Bejda se b\u011bhem rozhovoru vyj\u00e1d\u0159il i k ned\u00e1vn\u00e9mu rozhovoru mezi b\u00fdval\u00fdm americk\u00fdm prezidentem Donaldem Trumpem a rusk\u00fdm prezidentem Vladimirem Putinem a zd\u016fraznil, \u017ee Evropa mus\u00ed b\u00fdt do takov\u00fdch diplomatick\u00fdch diskus\u00ed zahrnuta.<\/span><\/p>\n<p><span>&#8222;V Evrop\u011b pracujeme spole\u010dn\u011b. Mysl\u00edm, \u017ee se Evropa probudila a uv\u011bdomila si, \u017ee Ukrajina je na na\u0161em kontinentu. Evrop\u0161t\u00ed l\u00edd\u0159i se sna\u017e\u00ed b\u00fdt rovnocenn\u00fdmi partnery a sed\u011bt u jednac\u00edho stolu. Nem\u016f\u017ee se st\u00e1t, \u017ee s Putinem mluv\u00ed jen prezident Trump &#8211; bez p\u0159\u00edtomnosti Evropy,&#8220; prohl\u00e1sil Bejda.<\/span><\/p>\n<p><span>Polsko tak\u00e9 pracuje na roz\u0161\u00ed\u0159en\u00ed sv\u00e9 vojensk\u00e9 techniky, v\u010detn\u011b pl\u00e1novan\u00e9ho kontraktu na dal\u0161\u00ed tanky K2. Bejda zd\u016fraznil, \u017ee prob\u00edhaj\u00ed jedn\u00e1n\u00ed o zaji\u0161t\u011bn\u00ed transferu technologi\u00ed do Polska a umo\u017en\u011bn\u00ed modernizace stroj\u016f v r\u00e1mci skupiny PGZ. Dohoda zahrnuje 180 tank\u016f, kter\u00e9 jsou ji\u017e nasmlouvan\u00e9 a dal\u0161\u00edch 180 bude n\u00e1sledovat.<\/span><\/p>\n<p><span>Bejda tak\u00e9 vyzdvihl pl\u00e1ny na integraci dron\u016f do v\u0161ech slo\u017eek arm\u00e1dy. Pro urychlen\u00ed v\u00fdroby arm\u00e1da zkoum\u00e1 vyu\u017eit\u00ed technologie 3D tisku a z\u00e1rove\u0148 se vyv\u00edjej\u00ed specializovan\u00e9 \u0161kolic\u00ed programy pro oper\u00e1tory dron\u016f.<\/span><\/p>\n<p><span>Prozradil, \u017ee specializovan\u00fd t\u00fdm pro \u201edronizaci\u201c polsk\u00e9 arm\u00e1dy ofici\u00e1ln\u011b zah\u00e1jil svou pr\u00e1ci 18. b\u0159ezna.<\/span><\/p>\n<p><img decoding=\"async\" loading=\"lazy\" class=\"alignnone size-full wp-image-71983\" src=\"http:\/\/www.infokuryr.cz\/n\/wp-content\/uploads\/2025\/02\/aaa.jpg\" alt=\"\" width=\"89\" height=\"23\" \/><\/p>\n<p>&nbsp;<\/p>\n","protected":false},"excerpt":{"rendered":"<p>Polsko \u00fadajn\u011b rozm\u00edst\u00ed pod\u00e9l sv\u00e9 v\u00fdchodn\u00ed hranice a\u017e jeden milion protip\u011bchotn\u00edch min v r\u00e1mci sv\u00e9&#8230;<\/p>\n","protected":false},"author":2,"featured_media":56073,"comment_status":"closed","ping_status":"closed","sticky":false,"template":"","format":"standard","meta":[],"categories":[7],"tags":[804,2405,31],"_links":{"self":[{"href":"https:\/\/www.infokuryr.cz\/n\/wp-json\/wp\/v2\/posts\/74563"}],"collection":[{"href":"https:\/\/www.infokuryr.cz\/n\/wp-json\/wp\/v2\/posts"}],"about":[{"href":"https:\/\/www.infokuryr.cz\/n\/wp-json\/wp\/v2\/types\/post"}],"author":[{"embeddable":true,"href":"https:\/\/www.infokuryr.cz\/n\/wp-json\/wp\/v2\/users\/2"}],"replies":[{"embeddable":true,"href":"https:\/\/www.infokuryr.cz\/n\/wp-json\/wp\/v2\/comments?post=74563"}],"version-history":[{"count":0,"href":"https:\/\/www.infokuryr.cz\/n\/wp-json\/wp\/v2\/posts\/74563\/revisions"}],"wp:featuredmedia":[{"embeddable":true,"href":"https:\/\/www.infokuryr.cz\/n\/wp-json\/wp\/v2\/media\/56073"}],"wp:attachment":[{"href":"https:\/\/www.infokuryr.cz\/n\/wp-json\/wp\/v2\/media?parent=74563"}],"wp:term":[{"taxonomy":"category","embeddable":true,"href":"https:\/\/www.infokuryr.cz\/n\/wp-json\/wp\/v2\/categories?post=74563"},{"taxonomy":"post_tag","embeddable":true,"href":"https:\/\/www.infokuryr.cz\/n\/wp-json\/wp\/v2\/tags?post=74563"}],"curies":[{"name":"wp","href":"https:\/\/api.w.org\/{rel}","templated":true}]}}