{"id":7456,"date":"2022-01-10T17:13:01","date_gmt":"2022-01-10T16:13:01","guid":{"rendered":"http:\/\/www.infokuryr.cz\/n\/?p=7456"},"modified":"2022-01-10T17:13:01","modified_gmt":"2022-01-10T16:13:01","slug":"zdenek-koudelka-povinne-ockovani-a-pracovni-pomer","status":"publish","type":"post","link":"https:\/\/www.infokuryr.cz\/n\/2022\/01\/10\/zdenek-koudelka-povinne-ockovani-a-pracovni-pomer\/","title":{"rendered":"Zden\u011bk Koudelka: Povinn\u00e9 o\u010dkov\u00e1n\u00ed a pracovn\u00ed pom\u011br"},"content":{"rendered":"<div id=\"fb-root\"><\/div>\n<p>Povinn\u00e9 o\u010dkov\u00e1n\u00ed na covid, kter\u00e9 nebr\u00e1n\u00ed \u0161\u00ed\u0159en\u00ed viru, proto\u017ee se po n\u011bm o\u010dkovan\u00fd m\u016f\u017ee nakazit s\u00e1m a nakazit jin\u00e9ho, je zna\u010dnou \u010d\u00e1st\u00ed obyvatel odm\u00edt\u00e1no i pro svou omezenou \u00fa\u010dinnost jen na n\u011bkolik m\u011bs\u00edc\u016f.<\/p>\n<p>To, \u017ee o\u010dkov\u00e1n\u00ed nebr\u00e1n\u00ed \u0161\u00ed\u0159en\u00ed, viru dokazuje, \u017ee za t\u00fdden 3. 1. \u2013 9. 1. 2022 bylo nov\u011b naka\u017eeno 21 782 neo\u010dkovan\u00fdch a 24 337 pln\u011b o\u010dkovan\u00fdch, v\u010detn\u011b o\u010dkovan\u00fdch t\u0159et\u00ed d\u00e1vkou, tedy asi 47% neo\u010dkovan\u00fdch a 53% o\u010dkovan\u00fdch. P\u0159esto se covidist\u00e9 sna\u017e\u00ed zastra\u0161it zam\u011bstnance v pracovn\u00edm pom\u011bru v profes\u00edch podl\u00e9haj\u00edc\u00edch povinn\u00e9mu o\u010dkov\u00e1n\u00ed podle vyhl\u00e1\u0161ky \u010d. 466\/2021 Sb. Jde nap\u0159\u00edklad o zam\u011bstnance v soci\u00e1ln\u00edch slu\u017eb\u00e1ch \u010di zdravotnick\u00fdch za\u0159\u00edzen\u00edch nebo zam\u011bstnance ozbrojen\u00fdch sbor\u016f.<\/p>\n<p>Z\u00e1kon o ochran\u011b ve\u0159ejn\u00e9ho zdrav\u00ed ned\u00e1v\u00e1 povinnost zam\u011bstnavateli kontrolovat, zda jeho zam\u011bstnanci jsou o\u010dkovan\u00ed. Situace neo\u010dkovan\u00fdch se bude li\u0161it podle zam\u011bstnavatele. Zam\u011bstnavatel se nemus\u00ed se o povinn\u00e9 o\u010dkov\u00e1n\u00ed zam\u011bstnanc\u016f starat, donucov\u00e1n\u00ed a kontrola p\u0159\u00edslu\u0161\u00ed krajsk\u00e9 hygienick\u00e9 stanici. Nem\u00e1 povinnost p\u0159ed\u00e1vat seznamy sv\u00fdch zam\u011bstnanc\u016f hygien\u011b. Zam\u011bstnanec nem\u00e1 z\u00e1konem ulo\u017eenou povinnost informovat zam\u011bstnavatele o sv\u00e9m o\u010dkov\u00e1n\u00ed.<\/p>\n<p>Za nespln\u011bn\u00ed povinn\u00e9ho o\u010dkov\u00e1n\u00ed m\u016f\u017ee ulo\u017eit pokutu zam\u011bstnanci krajsk\u00e1 hygienick\u00e1 stanice maxim\u00e1ln\u011b 10 000 K\u010d, zam\u011bstnavatele nem\u016f\u017ee pokutovat v\u016fbec. Pokuta nesm\u00ed b\u00fdt ulo\u017eena opakovan\u011b. Z\u00edsk\u00e1n\u00ed d\u016fkaz\u016f je v\u011bc\u00ed hygieny, ne zam\u011bstnavatele. Pokud jsou zam\u011bstnanci podle pracovn\u011b l\u00e9ka\u0159sk\u00e9 prohl\u00eddky schopni v\u00fdkonu p\u0159\u00edslu\u0161n\u00e9ho druhu pr\u00e1ce, tak to je jedin\u00e1 informace, kterou zam\u011bstnavatel pot\u0159ebuje.<\/p>\n<p>Necovidisti\u010dt\u00ed zam\u011bstnavatel\u00e9 mohou zlep\u0161it sv\u00e9 postaven\u00ed na pracovn\u00edm trhu, kdy\u017e z\u00edskaj\u00ed mo\u017enost zam\u011bstnat ty, kte\u0159\u00ed odejdou od covidistick\u00fdch zam\u011bstnavatel\u016f kv\u016fli faktick\u00e9mu donucov\u00e1n\u00ed k o\u010dkov\u00e1n\u00ed.<\/p>\n<p>V pracovn\u00edm pr\u00e1vu je zam\u011bstnanec slab\u0161\u00ed stranou. Pracuje-li u covidistick\u00e9ho zam\u011bstnavatele, vym\u00e1haj\u00edc\u00edho o\u010dkov\u00e1n\u00ed, bude m\u00edt pot\u00ed\u017ee. Absence o\u010dkov\u00e1n\u00ed sama o sob\u011b nen\u00ed v\u00fdpov\u011bdn\u00edm d\u016fvodem. V\u00fdpov\u011b\u010f by mohl zam\u011bstnavatel d\u00e1t jen, kdy\u017e by v r\u00e1mci pracovn\u011b l\u00e9ka\u0159sk\u00e9 prohl\u00eddky byl zam\u011bstnanec posouzen jako neschopn\u00fd v\u00fdkonu pr\u00e1ce.<\/p>\n<p>O tom rozhoduje l\u00e9ka\u0159, ne zam\u011bstnavatel. Je v\u0161ak mo\u017en\u00e9, \u017ee bude na neo\u010dkovan\u00e9 vykon\u00e1v\u00e1n tlak formou \u0161ikany ze strany zam\u011bstnavatele a sn\u00ed\u017een\u00edm \u010di odebr\u00e1n\u00edm nen\u00e1rokov\u00e9 slo\u017eky mzdy. V takov\u00e9m p\u0159\u00edpad\u011b je nejlep\u0161\u00ed vyu\u017e\u00edt situaci na trhu pr\u00e1ce, kdy je nedostatek zam\u011bstnanc\u016f, a p\u0159ej\u00edt k zam\u011bstnavateli, kter\u00fd nucen\u00ed k o\u010dkov\u00e1n\u00ed neuplat\u0148uje.<\/p>\n<p>Zden\u011bk Koudelka<\/p>\n<p>&nbsp;<\/p>\n","protected":false},"excerpt":{"rendered":"<p>Povinn\u00e9 o\u010dkov\u00e1n\u00ed na covid, kter\u00e9 nebr\u00e1n\u00ed \u0161\u00ed\u0159en\u00ed viru, proto\u017ee se po n\u011bm o\u010dkovan\u00fd m\u016f\u017ee nakazit&#8230;<\/p>\n","protected":false},"author":2,"featured_media":575,"comment_status":"closed","ping_status":"closed","sticky":false,"template":"","format":"standard","meta":[],"categories":[6],"tags":[213,601,609],"_links":{"self":[{"href":"https:\/\/www.infokuryr.cz\/n\/wp-json\/wp\/v2\/posts\/7456"}],"collection":[{"href":"https:\/\/www.infokuryr.cz\/n\/wp-json\/wp\/v2\/posts"}],"about":[{"href":"https:\/\/www.infokuryr.cz\/n\/wp-json\/wp\/v2\/types\/post"}],"author":[{"embeddable":true,"href":"https:\/\/www.infokuryr.cz\/n\/wp-json\/wp\/v2\/users\/2"}],"replies":[{"embeddable":true,"href":"https:\/\/www.infokuryr.cz\/n\/wp-json\/wp\/v2\/comments?post=7456"}],"version-history":[{"count":0,"href":"https:\/\/www.infokuryr.cz\/n\/wp-json\/wp\/v2\/posts\/7456\/revisions"}],"wp:featuredmedia":[{"embeddable":true,"href":"https:\/\/www.infokuryr.cz\/n\/wp-json\/wp\/v2\/media\/575"}],"wp:attachment":[{"href":"https:\/\/www.infokuryr.cz\/n\/wp-json\/wp\/v2\/media?parent=7456"}],"wp:term":[{"taxonomy":"category","embeddable":true,"href":"https:\/\/www.infokuryr.cz\/n\/wp-json\/wp\/v2\/categories?post=7456"},{"taxonomy":"post_tag","embeddable":true,"href":"https:\/\/www.infokuryr.cz\/n\/wp-json\/wp\/v2\/tags?post=7456"}],"curies":[{"name":"wp","href":"https:\/\/api.w.org\/{rel}","templated":true}]}}