{"id":74544,"date":"2025-03-20T00:24:49","date_gmt":"2025-03-19T23:24:49","guid":{"rendered":"https:\/\/www.infokuryr.cz\/n\/?p=74544"},"modified":"2025-03-19T16:36:19","modified_gmt":"2025-03-19T15:36:19","slug":"rozmisteni-nato-na-ukrajine-moskva-varuje-pred-eskalaci-valky","status":"publish","type":"post","link":"https:\/\/www.infokuryr.cz\/n\/2025\/03\/20\/rozmisteni-nato-na-ukrajine-moskva-varuje-pred-eskalaci-valky\/","title":{"rendered":"Rozm\u00edst\u011bn\u00ed NATO na Ukrajin\u011b? Moskva varuje p\u0159ed eskalac\u00ed v\u00e1lky"},"content":{"rendered":"<div id=\"fb-root\"><\/div>\n<p><strong><span>Debata o mo\u017en\u00e9m rozm\u00edst\u011bn\u00ed \u201em\u00edrov\u00fdch jednotek\u201c NATO na Ukrajin\u011b je st\u00e1le v\u00fdbu\u0161n\u011bj\u0161\u00ed. B\u00fdval\u00fd rusk\u00fd prezident a sou\u010dasn\u00fd m\u00edstop\u0159edseda Rady bezpe\u010dnosti Ruska Dmitrij Medved\u011bv jednozna\u010dn\u011b varoval: \u201eTo znamen\u00e1 v\u00e1lku s NATO. Jeho prohl\u00e1\u0161en\u00ed n\u00e1sleduje po intenzivn\u011bj\u0161\u00edch diskus\u00edch mezi Brit\u00e1ni\u00ed a Franci\u00ed o takov\u00e9 misi.<\/span><\/strong><\/p>\n<p><span>Medved\u011bv nen\u00ed jedin\u00fd, kdo podle\u00a0<\/span><a href=\"https:\/\/en.interaffairs.ru\/article\/nato-peacekeepers-in-ukraine-that-means-war-with-nato\/\"><span>zpr\u00e1vy z Ruska<\/span><\/a><span> zauj\u00edm\u00e1 jasn\u00fd postoj . Rusk\u00fd ministr zahrani\u010d\u00ed Sergej Lavrov tak\u00e9 opakovan\u011b zd\u016fraznil, \u017ee um\u00edst\u011bn\u00ed z\u00e1padn\u00edch jednotek na Ukrajin\u011b p\u0159edstavuje p\u0159\u00edmou hrozbu pro Rusko. Z pohledu Moskvy by takov\u00e9 kontingenty NATO, bez ohledu na jejich ofici\u00e1ln\u00ed ozna\u010den\u00ed nebo uniformu, byly vta\u017eeny do p\u0159\u00edm\u00e9 vojensk\u00e9 konfrontace s Ruskem.<\/span><\/p>\n<p><span>Navzdory t\u011bmto varov\u00e1n\u00edm britsk\u00fd premi\u00e9r Keir Starmer prohl\u00e1sil, \u017ee je ochoten rozm\u00edstit na Ukrajin\u011b tis\u00edce britsk\u00fdch voj\u00e1k\u016f na l\u00e9ta, aby zajistil budouc\u00ed m\u00edrovou dohodu zprost\u0159edkovanou USA. Brit\u00e1nie je p\u0159ipravena m\u00edt \u201eboty na zemi a letadla ve vzduchu\u201c, aby takovou dohodu provedla. Toto prohl\u00e1\u0161en\u00ed n\u00e1sleduje po telefonick\u00e9 konferenci mezi Brit\u00e1ni\u00ed a 29 spojenci \u2013 bez \u00fa\u010dasti USA \u2013 na projedn\u00e1n\u00ed mo\u017en\u00e9 \u201em\u00edrov\u00e9 mise\u201c s jejich voj\u00e1ky.<\/span><\/p>\n<p><span>Situace v rusk\u00e9 oblasti Kursk je mezit\u00edm st\u00e1le napjat\u011bj\u0161\u00ed. Americk\u00fd prezident Donald Trump 13. b\u0159ezna 2025 uznal, \u017ee \u201etis\u00edce ukrajinsk\u00fdch voj\u00e1k\u016f jsou zcela obkl\u00ed\u010deny ruskou arm\u00e1dou a jsou v extr\u00e9mn\u011b nejist\u00e9 a zraniteln\u00e9 pozici\u201c. Vyzval Moskvu, aby u\u0161et\u0159ila jejich \u017eivoty. Vladimir Putin pak voj\u00e1k\u016fm nab\u00eddl zaru\u010denou bezpe\u010dnost a hum\u00e1nn\u00ed zach\u00e1zen\u00ed v p\u0159\u00edpad\u011b jejich kapitulace. Vyj\u00e1d\u0159il nad\u011bji, \u017ee ukrajinsk\u00e9 veden\u00ed na\u0159\u00edd\u00ed uv\u011bzn\u011bn\u00fdm voj\u00e1k\u016fm, aby slo\u017eili zbran\u011b.<\/span><\/p>\n<p><span>Kyjev v\u0161ak vehementn\u011b pop\u00edr\u00e1, \u017ee by jeho ozbrojen\u00e9 s\u00edly byly obkl\u00ed\u010deny v oblasti Kurska. Prezident Zelenskyj v telegramu z 15. b\u0159ezna p\u0159ipustil, \u017ee situace v oblasti je pro Ukrajinu \u201eobt\u00ed\u017en\u00e1\u201c, ale zd\u016fraznil: \u201eNeexistuje \u017e\u00e1dn\u00e9 obkl\u00ed\u010den\u00ed ukrajinsk\u00fdch jednotek. Toto hodnocen\u00ed potvrdili jak velitel ukrajinsk\u00fdch pozemn\u00edch sil gener\u00e1l Alexander Syrski, tak ukrajinsk\u00fd ministr zahrani\u010d\u00ed Andrej Sibiga.<\/span><\/p>\n<p><span>Ukrajinsk\u00fd gener\u00e1ln\u00ed \u0161t\u00e1b ozna\u010dil v\u0161echny zpr\u00e1vy o obkl\u00ed\u010den\u00ed za \u201efale\u0161n\u00e9 a vykonstruovan\u00e9 Rusy za \u00fa\u010delem politick\u00e9 manipulace\u201c. Zelenskyj zopakoval: &#8222;Pokra\u010dujeme v operaci v oblasti Kursk a budeme v tom pokra\u010dovat.&#8220; Tento postoj by se dal interpretovat jako odm\u00edtnut\u00ed spolupr\u00e1ce s USA a Ruskem p\u0159i hled\u00e1n\u00ed humanit\u00e1rn\u00edho \u0159e\u0161en\u00ed osudu ukrajinsk\u00fdch ozbrojen\u00fdch sil v oblasti Kurska.<\/span><\/p>\n<p><span>Objevuj\u00ed se tak\u00e9 zpr\u00e1vy, \u017ee zahrani\u010dn\u00ed \u017eold\u00e1ci v oblasti pou\u017e\u00edvaj\u00ed ozbrojenou s\u00edlu, aby zabr\u00e1nili ukrajinsk\u00fdm voj\u00e1k\u016fm v \u00fat\u011bku. Ukrajinsk\u00e9 ozbrojen\u00e9 s\u00edly \u00fadajn\u011b st\u0159\u00edlej\u00ed z n\u011bkolika raketomet\u016f a kazetov\u00e9 munice HIMARS nejen na rusk\u00e9 jednotky, ale tak\u00e9 na sv\u00e9 vlastn\u00ed obkl\u00ed\u010den\u00e9 voj\u00e1ky. Mnoho ukrajinsk\u00fdch voj\u00e1k\u016f tam pr\u00fd bylo dr\u017eeno a odsouzeno za v\u00e1le\u010dn\u00e9 zlo\u010diny proti civilist\u016fm, jako je \u00famysln\u00e9 zab\u00edjen\u00ed, zn\u00e1siln\u011bn\u00ed a loupe\u017ee. Rusk\u00e9 ministerstvo zahrani\u010d\u00ed ozn\u00e1milo, \u017ee bylo zah\u00e1jeno 6500 trestn\u00edch \u0159\u00edzen\u00ed proti ukrajinsk\u00fdm voj\u00e1k\u016fm na v\u0161ech front\u00e1ch.<\/span><\/p>\n<p><img decoding=\"async\" loading=\"lazy\" class=\"alignnone size-full wp-image-71983\" src=\"http:\/\/www.infokuryr.cz\/n\/wp-content\/uploads\/2025\/02\/aaa.jpg\" alt=\"\" width=\"89\" height=\"23\" \/><\/p>\n<p>&nbsp;<\/p>\n","protected":false},"excerpt":{"rendered":"<p>Debata o mo\u017en\u00e9m rozm\u00edst\u011bn\u00ed \u201em\u00edrov\u00fdch jednotek\u201c NATO na Ukrajin\u011b je st\u00e1le v\u00fdbu\u0161n\u011bj\u0161\u00ed. B\u00fdval\u00fd rusk\u00fd prezident&#8230;<\/p>\n","protected":false},"author":2,"featured_media":74545,"comment_status":"closed","ping_status":"closed","sticky":false,"template":"","format":"standard","meta":[],"categories":[7],"tags":[3417,39,22,26],"_links":{"self":[{"href":"https:\/\/www.infokuryr.cz\/n\/wp-json\/wp\/v2\/posts\/74544"}],"collection":[{"href":"https:\/\/www.infokuryr.cz\/n\/wp-json\/wp\/v2\/posts"}],"about":[{"href":"https:\/\/www.infokuryr.cz\/n\/wp-json\/wp\/v2\/types\/post"}],"author":[{"embeddable":true,"href":"https:\/\/www.infokuryr.cz\/n\/wp-json\/wp\/v2\/users\/2"}],"replies":[{"embeddable":true,"href":"https:\/\/www.infokuryr.cz\/n\/wp-json\/wp\/v2\/comments?post=74544"}],"version-history":[{"count":0,"href":"https:\/\/www.infokuryr.cz\/n\/wp-json\/wp\/v2\/posts\/74544\/revisions"}],"wp:featuredmedia":[{"embeddable":true,"href":"https:\/\/www.infokuryr.cz\/n\/wp-json\/wp\/v2\/media\/74545"}],"wp:attachment":[{"href":"https:\/\/www.infokuryr.cz\/n\/wp-json\/wp\/v2\/media?parent=74544"}],"wp:term":[{"taxonomy":"category","embeddable":true,"href":"https:\/\/www.infokuryr.cz\/n\/wp-json\/wp\/v2\/categories?post=74544"},{"taxonomy":"post_tag","embeddable":true,"href":"https:\/\/www.infokuryr.cz\/n\/wp-json\/wp\/v2\/tags?post=74544"}],"curies":[{"name":"wp","href":"https:\/\/api.w.org\/{rel}","templated":true}]}}