{"id":74542,"date":"2025-03-20T00:23:42","date_gmt":"2025-03-19T23:23:42","guid":{"rendered":"https:\/\/www.infokuryr.cz\/n\/?p=74542"},"modified":"2025-03-19T16:34:09","modified_gmt":"2025-03-19T15:34:09","slug":"genderove-silenstvi-zdravotni-pojistovny-v-rakousku-musi-nove-transsexualum-hradit-odstraneni-chloupku","status":"publish","type":"post","link":"https:\/\/www.infokuryr.cz\/n\/2025\/03\/20\/genderove-silenstvi-zdravotni-pojistovny-v-rakousku-musi-nove-transsexualum-hradit-odstraneni-chloupku\/","title":{"rendered":"Genderov\u00e9 \u0161\u00edlenstv\u00ed: Zdravotn\u00ed poji\u0161\u0165ovny v Rakousku mus\u00ed nov\u011b transsexu\u00e1l\u016fm hradit odstran\u011bn\u00ed chloupk\u016f"},"content":{"rendered":"<div id=\"fb-root\"><\/div>\n<p><strong><span>P\u0159esn\u011bji \u0159e\u010deno, v\u0161ichni p\u0159isp\u011bvatel\u00e9 v Rakousku nyn\u00ed mus\u00ed kv\u016fli rozsudku v\u00edde\u0148sk\u00e9ho pracovn\u00edho a soci\u00e1ln\u00edho soudu hradit n\u00e1klady, pokud se mu\u017e c\u00edt\u00ed jako \u017eena a u\u017e nechce m\u00edt ochlupen\u00ed na t\u011ble. Trval\u00e1 laserov\u00e1 epilace mus\u00ed b\u00fdt hrazena ze zdravotn\u00edho poji\u0161t\u011bn\u00ed. Bylo by zaj\u00edmav\u00e9 zjistit, zda by z t\u00e9to l\u00e9\u010dby zalo\u017een\u00e9 na principu rovnosti mohly m\u00edt prosp\u011bch i skute\u010dn\u00e9 \u017eeny, kter\u00e9 by cht\u011bly m\u00edt s p\u0159ib\u00fdvaj\u00edc\u00edm v\u011bkem m\u00e9n\u011b vlas\u016f.<\/span><\/strong><\/p>\n<p><span>Mu\u017e, kter\u00fd by rad\u011bji byl \u017eenou (konven\u010dn\u00ed m\u00e9dia p\u0159\u00edpad popisuj\u00ed jako \u201e\u017eena narozen\u00e1 jako mu\u017e\u201c), podal \u017ealobu u v\u00edde\u0148sk\u00e9ho pracovn\u00edho a soci\u00e1ln\u00edho soudu. Proto\u017ee jeho zdravotn\u00ed poji\u0161\u0165ovna odm\u00edtla uhradit n\u00e1klady na trvalou depilaci vous\u016f. Do\u010dasn\u00e9 metody, jako je holen\u00ed nebo voskov\u00e1n\u00ed, by podle posti\u017een\u00e9ho nesta\u010dily \u2013 a zp\u016fsobily by tak\u00e9 zna\u010dn\u00fd psychick\u00fd stres.<\/span><\/p>\n<p><span>Zdravotn\u00ed poji\u0161\u0165ovna zaujala selsk\u00fd postoj, \u017ee biologick\u00e9 \u017eeny by nem\u011bly po\u010d\u00edtat s propl\u00e1cen\u00edm odstran\u011bn\u00ed ne\u017e\u00e1douc\u00edho ochlupen\u00ed. Ale v roce 2025 v Rakousku, kde vl\u00e1dne levicov\u00e1 strana jednoty (\u00d6VP, SP\u00d6, NEOS), u\u017e skute\u010dn\u00e9 \u017eeny nejsou probl\u00e9mem \u2013 a zejm\u00e9na ne jejich pot\u0159eby. Krom\u011b sv\u00e1tk\u016f na\u0159\u00edzen\u00fdch SP\u00d6, jako je \u201en\u011bco spole\u010dn\u00e9ho s rozd\u00edlem v odm\u011b\u0148ov\u00e1n\u00ed \u017een a mu\u017e\u016f\u201c a \u201eMezin\u00e1rodn\u00ed den \u017een\u201c, jsou \u017eeny pova\u017eov\u00e1ny za jedno ze 71 pohlav\u00ed, kter\u00e9 nejsou mu\u017ei. Nerovn\u00e9 zach\u00e1zen\u00ed je tedy pro soud zjevn\u011b p\u0159ijateln\u00e9.<\/span><\/p>\n<p><span>Okrajov\u00e9 m\u00e9dium \u201eDer Standard\u201c j\u00e1s\u00e1, proto\u017ee \u201en\u00e1roky transsexu\u00e1l\u016f na z\u00e1konn\u00e9 zdravotn\u00ed poji\u0161t\u011bn\u00ed\u201c byly rozhodnut\u00edm \u201epos\u00edleny\u201c. Soudkyn\u011b, kter\u00e1 m\u016f\u017ee b\u00fdt biologickou \u017eenou, prohl\u00e1sila:\u00a0<\/span><em><span>\u201eKdyby se od \u017ealobkyn\u011b vy\u017eadovalo, aby si denn\u011b oholila obli\u010dej, bylo by j\u00ed denn\u011b p\u0159ipom\u00edn\u00e1no, \u017ee je nespr\u00e1vn\u00e9ho pohlav\u00ed.<\/span><\/em><span> Nerozumn\u00e9 by bylo i voskov\u00e1n\u00ed, proto\u017ee by vy\u017eadovalo ost\u0159\u00edh\u00e1n\u00ed p\u00e1r milimetr\u016f vlas\u016f a posti\u017een\u00fd by v obdob\u00ed r\u016fstu vlas\u016f nemohl vych\u00e1zet z domu. \u201eOna\u201c by pak musela j\u00edt tak\u0159\u00edkaj\u00edc na nemocenskou, pokud by m\u011bl b\u00fdt argument interpretov\u00e1n jako \u201eani\u017e by byla zat\u00ed\u017eena nemoc\u00ed\u201c.<\/span><\/p>\n<p><span>Je l\u00e9ka\u0159sk\u00fdm faktem, \u017ee mnoho biologick\u00fdch \u017een m\u00e1 n\u011bjak\u00e9 chloupky, kter\u00e9 si mus\u00ed s p\u0159ib\u00fdvaj\u00edc\u00edm v\u011bkem pravideln\u011b vytrh\u00e1vat. Pokud v Rakousku st\u00e1le plat\u00ed z\u00e1sada \u201erovn\u00fdch pr\u00e1v pro v\u0161echny\u201c, nebylo by ji\u017e pochopiteln\u00e9, pro\u010d jsou t\u011bmto \u017een\u00e1m odp\u00edr\u00e1ny stejn\u00e9 d\u00e1vky zdravotn\u00edho poji\u0161t\u011bn\u00ed. N\u011bkter\u00e9 biologick\u00e9 \u017eeny jsou tak\u00e9 posti\u017eeny a maj\u00ed takzvan\u00fd \u201ekn\u00edr\u201c, kter\u00fd nen\u00ed pro posti\u017een\u00e9 v\u017edy snadn\u00e9 psychicky zvl\u00e1dnout.<\/span><\/p>\n<p><span>Pro\u010d by soud pos\u00edlil pr\u00e1va \u201etranssexu\u00e1l\u016f\u201c nad p\u0159ibli\u017en\u011b 50 procenty biologick\u00fdch \u017een, je pro mnoho pr\u00e1vn\u00edk\u016f i laik\u016f velmi obt\u00ed\u017en\u00e9 pochopit. Zda se lze proti verdiktu je\u0161t\u011b odvolat, nen\u00ed zn\u00e1mo.<\/span><\/p>\n<p><img decoding=\"async\" loading=\"lazy\" class=\"alignnone size-full wp-image-71983\" src=\"http:\/\/www.infokuryr.cz\/n\/wp-content\/uploads\/2025\/02\/aaa.jpg\" alt=\"\" width=\"89\" height=\"23\" \/><\/p>\n<p>&nbsp;<\/p>\n","protected":false},"excerpt":{"rendered":"<p>P\u0159esn\u011bji \u0159e\u010deno, v\u0161ichni p\u0159isp\u011bvatel\u00e9 v Rakousku nyn\u00ed mus\u00ed kv\u016fli rozsudku v\u00edde\u0148sk\u00e9ho pracovn\u00edho a soci\u00e1ln\u00edho soudu&#8230;<\/p>\n","protected":false},"author":2,"featured_media":74543,"comment_status":"closed","ping_status":"closed","sticky":false,"template":"","format":"standard","meta":[],"categories":[7],"tags":[206,120,690,8731],"_links":{"self":[{"href":"https:\/\/www.infokuryr.cz\/n\/wp-json\/wp\/v2\/posts\/74542"}],"collection":[{"href":"https:\/\/www.infokuryr.cz\/n\/wp-json\/wp\/v2\/posts"}],"about":[{"href":"https:\/\/www.infokuryr.cz\/n\/wp-json\/wp\/v2\/types\/post"}],"author":[{"embeddable":true,"href":"https:\/\/www.infokuryr.cz\/n\/wp-json\/wp\/v2\/users\/2"}],"replies":[{"embeddable":true,"href":"https:\/\/www.infokuryr.cz\/n\/wp-json\/wp\/v2\/comments?post=74542"}],"version-history":[{"count":0,"href":"https:\/\/www.infokuryr.cz\/n\/wp-json\/wp\/v2\/posts\/74542\/revisions"}],"wp:featuredmedia":[{"embeddable":true,"href":"https:\/\/www.infokuryr.cz\/n\/wp-json\/wp\/v2\/media\/74543"}],"wp:attachment":[{"href":"https:\/\/www.infokuryr.cz\/n\/wp-json\/wp\/v2\/media?parent=74542"}],"wp:term":[{"taxonomy":"category","embeddable":true,"href":"https:\/\/www.infokuryr.cz\/n\/wp-json\/wp\/v2\/categories?post=74542"},{"taxonomy":"post_tag","embeddable":true,"href":"https:\/\/www.infokuryr.cz\/n\/wp-json\/wp\/v2\/tags?post=74542"}],"curies":[{"name":"wp","href":"https:\/\/api.w.org\/{rel}","templated":true}]}}