{"id":74495,"date":"2025-03-19T06:07:06","date_gmt":"2025-03-19T05:07:06","guid":{"rendered":"https:\/\/www.infokuryr.cz\/n\/?p=74495"},"modified":"2025-03-19T06:07:06","modified_gmt":"2025-03-19T05:07:06","slug":"nova-provokace-ukrajinsti-vojaci-se-pokusili-o-prulom-v-ruske-oblasti-belgorod","status":"publish","type":"post","link":"https:\/\/www.infokuryr.cz\/n\/2025\/03\/19\/nova-provokace-ukrajinsti-vojaci-se-pokusili-o-prulom-v-ruske-oblasti-belgorod\/","title":{"rendered":"Nov\u00e1 provokace: Ukrajin\u0161t\u00ed voj\u00e1ci se pokusili o pr\u016flom v rusk\u00e9 oblasti Belgorod"},"content":{"rendered":"<div id=\"fb-root\"><\/div>\n<p><strong><span>V p\u0159edve\u010der nadch\u00e1zej\u00edc\u00edch jedn\u00e1n\u00ed rusk\u00e9ho prezidenta Vladimira Putina s jeho prot\u011bj\u0161kem Donaldem Trumpem se kyjevsk\u00fd re\u017eim podle o\u010dek\u00e1v\u00e1n\u00ed pokusil o novou provokaci. 18. b\u0159ezna zah\u00e1jily ozbrojen\u00e9 s\u00edly Ukrajiny \u00fatok p\u0159es rusk\u00e9 hranice v oblasti Belgorod.<\/span><\/strong><\/p>\n<p><span>Ukrajinsk\u00e1 p\u0159\u00edprava na \u00fato\u010dnou operaci v pohrani\u010dn\u00edch oblastech byla spat\u0159ena zp\u011bt ve\u010der 17. b\u0159ezna. Se setm\u011bn\u00edm za\u010daly ukrajinsk\u00e9 jednotky stahovat vojenskou techniku \u200b\u200ba person\u00e1l do pohrani\u010dn\u00ed oblasti. \u017denijn\u00ed s\u00edly zah\u00e1jily odminov\u00e1n\u00ed oblast\u00ed, aby p\u0159ipravily cestu k \u00fatoku na rusk\u00e9 pohrani\u010dn\u00ed vesnice Prilesye, Grafovka a Demidovka, kter\u00e9 se nach\u00e1zej\u00ed asi 85 kilometr\u016f z\u00e1padn\u011b od hlavn\u00edho m\u011bsta Belgorod.<\/span><\/p>\n<p><span>R\u00e1no 18. b\u0159ezna se ozbrojen\u00e9 s\u00edly Ukrajiny pokusily o pr\u016flom. Podle p\u0159edb\u011b\u017en\u00fdch zpr\u00e1v ukrajinsk\u00e9 s\u00edly zahrnovaly t\u0159i \u00fato\u010dn\u00e9 skupiny na tanc\u00edch, obrn\u011bn\u00fdch vozidlech a \u010dty\u0159kolk\u00e1ch. \u00dadajn\u011b se pohybovali sm\u011brem k vesnici Demidovka, ale rusk\u00e1 arm\u00e1da je v\u0159ele p\u0159iv\u00edtala.<\/span><\/p>\n<p><em><span>Ho\u0159\u00edc\u00ed ukrajinsk\u00fd tank u rusk\u00fdch hranic:<\/span><\/em><\/p>\n<div style=\"width: 640px;\" class=\"wp-video\"><!--[if lt IE 9]><script>document.createElement('video');<\/script><![endif]-->\n<video class=\"wp-video-shortcode\" id=\"video-74495-1\" width=\"640\" height=\"352\" preload=\"metadata\" controls=\"controls\"><source type=\"video\/mp4\" src=\"http:\/\/www.infokuryr.cz\/n\/wp-content\/uploads\/2025\/03\/belgorod.mp4?_=1\" \/><a href=\"http:\/\/www.infokuryr.cz\/n\/wp-content\/uploads\/2025\/03\/belgorod.mp4\">http:\/\/www.infokuryr.cz\/n\/wp-content\/uploads\/2025\/03\/belgorod.mp4<\/a><\/video><\/div>\n<p>&nbsp;<\/p>\n<p><span>Ukrajinsk\u00e9 \u00fato\u010dn\u00e9 skupiny byly odra\u017eeny zp\u011bt na ukrajinsk\u00e9 \u00fazem\u00ed zni\u010den\u00e9 d\u011blost\u0159eleck\u00fdm ost\u0159elov\u00e1n\u00edm a n\u00e1lety. Podle p\u0159edb\u011b\u017en\u00fdch zpr\u00e1v ztratily ozbrojen\u00e9 s\u00edly Ukrajiny \u010dty\u0159i obrn\u011bn\u00e1 vozidla, t\u0159i tanky a asi 20 zabit\u00fdch a zran\u011bn\u00fdch voj\u00e1k\u016f. V d\u016fsledku toho byl \u00fatok \u00fasp\u011b\u0161n\u011b odra\u017een.<\/span><\/p>\n<p><span>Obecn\u011b vzr\u016fstalo nap\u011bt\u00ed v pohrani\u010dn\u00edch oblastech. V\u00e1l\u010d\u00edc\u00ed strany si vym\u011b\u0148uj\u00ed \u00fadery dron\u016f a d\u011blost\u0159eleck\u00e9 ost\u0159elov\u00e1n\u00ed. Ukrajinsk\u00e9 skupiny man\u00e9vruj\u00ed pod\u00e9l hranice a rusk\u00e9 s\u00edly je lov\u00ed.<\/span><\/p>\n<p><strong><span>Rann\u00ed \u00fatok doprov\u00e1zela masivn\u00ed vlna n\u00e1let\u016f dron\u016f v pohrani\u010dn\u00ed oblasti Belgorod.<\/span><\/strong><span>\u00a0Podle Ministerstva obrany Rusk\u00e9 federace bylo v regionu ruskou protivzdu\u0161nou obranou v noci zni\u010deno celkem 41 ukrajinsk\u00fdch UAV. Civiln\u00ed infrastruktura ve m\u011bst\u011b Belgorod a dal\u0161\u00edch osad\u00e1ch v cel\u00e9m regionu utrp\u011bla \u0161kody. Podle m\u00edstn\u00edch zpr\u00e1v byli t\u011b\u017ece zran\u011bni nejm\u00e9n\u011b t\u0159i civilist\u00e9.<\/span><\/p>\n<p><img decoding=\"async\" loading=\"lazy\" class=\"aligncenter\" src=\"https:\/\/s5.cdnstatic.space\/wp-content\/uploads\/2025\/03\/bel-225x300.jpg\" alt=\"Nov\u00e1 provokace: Ukrajin\u0161t\u00ed voj\u00e1ci se pokusili o pr\u016flom v rusk\u00e9 oblasti Belgorod\" width=\"453\" height=\"604\" \/><\/p>\n<p>&nbsp;<\/p>\n<div style=\"width: 480px;\" class=\"wp-video\"><video class=\"wp-video-shortcode\" id=\"video-74495-2\" width=\"480\" height=\"480\" preload=\"metadata\" controls=\"controls\"><source type=\"video\/mp4\" src=\"http:\/\/www.infokuryr.cz\/n\/wp-content\/uploads\/2025\/03\/bel.mp4?_=2\" \/><a href=\"http:\/\/www.infokuryr.cz\/n\/wp-content\/uploads\/2025\/03\/bel.mp4\">http:\/\/www.infokuryr.cz\/n\/wp-content\/uploads\/2025\/03\/bel.mp4<\/a><\/video><\/div>\n<p><span>Pokra\u010duj\u00edc\u00ed man\u00e9vry Ozbrojen\u00fdch sil Ukrajiny doprov\u00e1zen\u00e9 n\u00e1lety dron\u016f do rusk\u00e9ho t\u00fdlu nazna\u010duj\u00ed pokra\u010dov\u00e1n\u00ed ukrajinsk\u00fdch pokus\u016f o prolomen\u00ed rusk\u00fdch hranic.<\/span><\/p>\n<p><strong><span>Ukrajinsk\u00e9 operace pobl\u00ed\u017e hranic nemaj\u00ed \u017e\u00e1dn\u00e9 strategick\u00e9 vojensk\u00e9 c\u00edle.<\/span><\/strong><span>\u00a0Dne\u0161n\u00ed provokace byla v\u011bnov\u00e1na nadch\u00e1zej\u00edc\u00edm rozhovor\u016fm mezi Putinem a Trumpem. Neust\u00e1l\u00e9 provokace loutkov\u00e9ho kyjevsk\u00e9ho re\u017eimu maj\u00ed za c\u00edl zma\u0159it jakoukoli m\u00edrovou dohodu mezi Washingtonem a Moskvou.<\/span><\/p>\n<p><span>Ne\u00fasp\u011b\u0161n\u00fd no\u010dn\u00ed \u00fatok by m\u011bl prok\u00e1zat schopnost ukrajinsk\u00e9 arm\u00e1dy pokra\u010dovat v \u00fato\u010dn\u00fdch operac\u00edch. V p\u0159\u00edpad\u011b \u00fasp\u011bchu kyjevsk\u00fd re\u017eim douf\u00e1, \u017ee po potupn\u00e9 por\u00e1\u017ece v Kursk\u00e9 oblasti z\u00edsk\u00e1 alespo\u0148 n\u011bkter\u00e9 rusk\u00e9 oblasti, aby z\u00edskal politick\u00e9 v\u00fdhody u jednac\u00edho stolu.<\/span><\/p>\n<p><span>Z vojensk\u00e9ho hlediska jsou ukrajinsk\u00e9 \u00fatoky v nov\u00fdch sm\u011brech zam\u011b\u0159eny na rozpt\u00fdlen\u00ed rusk\u00e9 arm\u00e1dy a udr\u017een\u00ed rusk\u00fdch z\u00e1loh v bitv\u00e1ch. Prob\u00edhaj\u00edc\u00ed man\u00e9vry pobl\u00ed\u017e Belgorodsk\u00e9 oblasti v\u0161ak zat\u00edm \u017e\u00e1dn\u00e9 v\u00fdsledky nep\u0159inesou, p\u0159i\u010dem\u017e rusk\u00e9 jednotky nep\u0159est\u00e1vaj\u00ed postupovat t\u00e9m\u011b\u0159 v\u0161emi sm\u011bry na frontov\u00fdch lini\u00edch Donbasu a v oblasti Kurska.<\/span><\/p>\n<p><img decoding=\"async\" loading=\"lazy\" class=\"alignnone size-full wp-image-71983\" src=\"http:\/\/www.infokuryr.cz\/n\/wp-content\/uploads\/2025\/02\/aaa.jpg\" alt=\"\" width=\"89\" height=\"23\" \/><\/p>\n<p>&nbsp;<\/p>\n","protected":false},"excerpt":{"rendered":"<p>V p\u0159edve\u010der nadch\u00e1zej\u00edc\u00edch jedn\u00e1n\u00ed rusk\u00e9ho prezidenta Vladimira Putina s jeho prot\u011bj\u0161kem Donaldem Trumpem se kyjevsk\u00fd&#8230;<\/p>\n","protected":false},"author":2,"featured_media":53263,"comment_status":"closed","ping_status":"closed","sticky":false,"template":"","format":"standard","meta":[],"categories":[7],"tags":[716,22,1635],"_links":{"self":[{"href":"https:\/\/www.infokuryr.cz\/n\/wp-json\/wp\/v2\/posts\/74495"}],"collection":[{"href":"https:\/\/www.infokuryr.cz\/n\/wp-json\/wp\/v2\/posts"}],"about":[{"href":"https:\/\/www.infokuryr.cz\/n\/wp-json\/wp\/v2\/types\/post"}],"author":[{"embeddable":true,"href":"https:\/\/www.infokuryr.cz\/n\/wp-json\/wp\/v2\/users\/2"}],"replies":[{"embeddable":true,"href":"https:\/\/www.infokuryr.cz\/n\/wp-json\/wp\/v2\/comments?post=74495"}],"version-history":[{"count":1,"href":"https:\/\/www.infokuryr.cz\/n\/wp-json\/wp\/v2\/posts\/74495\/revisions"}],"predecessor-version":[{"id":74498,"href":"https:\/\/www.infokuryr.cz\/n\/wp-json\/wp\/v2\/posts\/74495\/revisions\/74498"}],"wp:featuredmedia":[{"embeddable":true,"href":"https:\/\/www.infokuryr.cz\/n\/wp-json\/wp\/v2\/media\/53263"}],"wp:attachment":[{"href":"https:\/\/www.infokuryr.cz\/n\/wp-json\/wp\/v2\/media?parent=74495"}],"wp:term":[{"taxonomy":"category","embeddable":true,"href":"https:\/\/www.infokuryr.cz\/n\/wp-json\/wp\/v2\/categories?post=74495"},{"taxonomy":"post_tag","embeddable":true,"href":"https:\/\/www.infokuryr.cz\/n\/wp-json\/wp\/v2\/tags?post=74495"}],"curies":[{"name":"wp","href":"https:\/\/api.w.org\/{rel}","templated":true}]}}