{"id":74494,"date":"2025-03-19T05:55:54","date_gmt":"2025-03-19T04:55:54","guid":{"rendered":"https:\/\/www.infokuryr.cz\/n\/?p=74494"},"modified":"2025-03-19T05:55:54","modified_gmt":"2025-03-19T04:55:54","slug":"izrael-zahajil-dalsi-udery-proti-syrii-a-libanonu","status":"publish","type":"post","link":"https:\/\/www.infokuryr.cz\/n\/2025\/03\/19\/izrael-zahajil-dalsi-udery-proti-syrii-a-libanonu\/","title":{"rendered":"Izrael zah\u00e1jil dal\u0161\u00ed \u00fadery proti S\u00fdrii a Libanonu"},"content":{"rendered":"<div id=\"fb-root\"><\/div>\n<p><strong><span>Izraelsk\u00e9 obrann\u00e9 s\u00edly (IDF) zah\u00e1jily pozd\u011b 17. b\u0159ezna n\u011bkolik vln \u00fader\u016f proti c\u00edl\u016fm v S\u00fdrii i Libanonu.<\/span><\/strong><\/p>\n<p><span>V S\u00fdrii byl hlavn\u00edm c\u00edlem \u00fader\u016f ji\u017en\u00ed region. Zasa\u017eeny byly dv\u011b kl\u00ed\u010dov\u00e9 z\u00e1kladny b\u00fdval\u00e9 Syrsk\u00e9 arabsk\u00e9 arm\u00e1dy (SAA) v guvernor\u00e1tu Daraa, 132. brig\u00e1da pobl\u00ed\u017e m\u011bsta Daraa a 175. pluk pobl\u00ed\u017e m\u011bsta Izzra, krom\u011b dal\u0161\u00edch vojensk\u00fdch m\u00edst pobl\u00ed\u017e m\u011bsta Kiswah v guvernor\u00e1tu Rif Dimashq.<\/span><\/p>\n<p><span>IDF v prohl\u00e1\u0161en\u00ed uvedlo, \u017ee \u00fadery zni\u010dily velitelstv\u00ed a dal\u0161\u00ed za\u0159\u00edzen\u00ed pou\u017e\u00edvan\u00e1 k uskladn\u011bn\u00ed zbran\u00ed a vybaven\u00ed pat\u0159\u00edc\u00edho SAA, a dodala, \u017ee identifikovala pokusy bl\u00ed\u017ee nespecifikovan\u00fdch skupin tyto zbran\u011b pou\u017e\u00edt.<\/span><\/p>\n<p><em>&#8222;P\u0159\u00edtomnost t\u011bchto [zbran\u00ed] v ji\u017en\u00ed S\u00fdrii je hrozbou pro St\u00e1t Izrael, IDF nedovol\u00ed existenci vojensk\u00e9 hrozby v ji\u017en\u00ed S\u00fdrii a zakro\u010d\u00ed proti n\u00ed,&#8220; zd\u016fraznila arm\u00e1da.<\/em><\/p>\n<p><span>Podle Syrsk\u00e9 observato\u0159e pro lidsk\u00e1 pr\u00e1va se s\u00eddlem v Lond\u00fdn\u011b p\u0159i \u00faderech zahynul syrsk\u00fd voj\u00e1k a t\u0159i civilist\u00e9. Mnoho dal\u0161\u00edch bylo \u00fadajn\u011b zran\u011bno.<\/span><\/p>\n<div id=\"attachment_218687\" class=\"wp-caption aligncenter\" style=\"width: 596px;\"><img decoding=\"async\" loading=\"lazy\" class=\"wp-image-218687\" title=\"Izrael zahajuje dal\u0161\u00ed \u00fadery proti S\u00fdrii a Libanonu (fotografie)\" src=\"https:\/\/s5.cdnstatic.space\/wp-content\/uploads\/2025\/03\/photo_2025-03-18_13-16-24-490x276.jpg\" sizes=\"(max-width: 600px) 100vw, 600px\" srcset=\"https:\/\/s5.cdnstatic.space\/wp-content\/uploads\/2025\/03\/photo_2025-03-18_13-16-24-490x276.jpg 490w, https:\/\/s5.cdnstatic.space\/wp-content\/uploads\/2025\/03\/photo_2025-03-18_13-16-24.jpg 723w\" alt=\"Izrael zahajuje dal\u0161\u00ed \u00fadery proti S\u00fdrii a Libanonu (fotografie)\" width=\"596\" height=\"336\" aria-describedby=\"caption-attachment-218687\" \/><\/p>\n<p id=\"caption-attachment-218687\" class=\"wp-caption-text\"><span>Kliknut\u00edm zobraz\u00edte obr\u00e1zek v pln\u00e9 velikosti.<\/span><\/p>\n<\/div>\n<div id=\"attachment_218688\" class=\"wp-caption aligncenter\" style=\"width: 595px;\"><img decoding=\"async\" loading=\"lazy\" class=\"wp-image-218688\" title=\"Izrael zahajuje dal\u0161\u00ed \u00fadery proti S\u00fdrii a Libanonu (fotografie)\" src=\"https:\/\/s5.cdnstatic.space\/wp-content\/uploads\/2025\/03\/photo_2025-03-18_13-16-29-490x276.jpg\" sizes=\"(max-width: 600px) 100vw, 600px\" srcset=\"https:\/\/s5.cdnstatic.space\/wp-content\/uploads\/2025\/03\/photo_2025-03-18_13-16-29-490x276.jpg 490w, https:\/\/s5.cdnstatic.space\/wp-content\/uploads\/2025\/03\/photo_2025-03-18_13-16-29-1024x576.jpg 1024w, https:\/\/s5.cdnstatic.space\/wp-content\/uploads\/2025\/03\/photo_2025-03-18_13-16-29-768x432.jpg 768w, https:\/\/s5.cdnstatic.space\/wp-content\/uploads\/2025\/03\/photo_2025-03-18_13-16-29.jpg 1258w\" alt=\"Izrael zahajuje dal\u0161\u00ed \u00fadery proti S\u00fdrii a Libanonu (fotografie)\" width=\"595\" height=\"335\" aria-describedby=\"caption-attachment-218688\" \/><\/p>\n<p id=\"caption-attachment-218688\" class=\"wp-caption-text\"><span>Kliknut\u00edm zobraz\u00edte obr\u00e1zek v pln\u00e9 velikosti.<\/span><\/p>\n<\/div>\n<div id=\"attachment_218689\" class=\"wp-caption aligncenter\" style=\"width: 591px;\"><img decoding=\"async\" loading=\"lazy\" class=\"wp-image-218689\" title=\"Izrael zahajuje dal\u0161\u00ed \u00fadery proti S\u00fdrii a Libanonu (fotografie)\" src=\"https:\/\/s5.cdnstatic.space\/wp-content\/uploads\/2025\/03\/photo_2025-03-18_01-39-42-490x276.jpg\" sizes=\"(max-width: 600px) 100vw, 600px\" srcset=\"https:\/\/s5.cdnstatic.space\/wp-content\/uploads\/2025\/03\/photo_2025-03-18_01-39-42-490x276.jpg 490w, https:\/\/s5.cdnstatic.space\/wp-content\/uploads\/2025\/03\/photo_2025-03-18_01-39-42-1024x576.jpg 1024w, https:\/\/s5.cdnstatic.space\/wp-content\/uploads\/2025\/03\/photo_2025-03-18_01-39-42-768x432.jpg 768w, https:\/\/s5.cdnstatic.space\/wp-content\/uploads\/2025\/03\/photo_2025-03-18_01-39-42.jpg 1226w\" alt=\"Izrael zahajuje dal\u0161\u00ed \u00fadery proti S\u00fdrii a Libanonu (fotografie)\" width=\"591\" height=\"333\" aria-describedby=\"caption-attachment-218689\" \/><\/p>\n<p id=\"caption-attachment-218689\" class=\"wp-caption-text\"><span>Kliknut\u00edm zobraz\u00edte obr\u00e1zek v pln\u00e9 velikosti.<\/span><\/p>\n<\/div>\n<p><span>Mezit\u00edm v Libanonu \u00fadery zas\u00e1hly \u00fadol\u00ed Beqaa na jihu. Podle libanonsk\u00e9 n\u00e1rodn\u00ed tiskov\u00e9 agentury bylo zasa\u017eeno n\u011bkolik pozic pod\u00e9l toku \u0159eky Litani mezi m\u011bsty Zalaya a Qaliya a tak\u00e9 oblast Labaya Hima. \u017d\u00e1dn\u00e9 ob\u011bti v\u0161ak hl\u00e1\u0161eny nebyly.<\/span><\/p>\n<div id=\"attachment_218690\" class=\"wp-caption aligncenter\" style=\"width: 591px;\"><img decoding=\"async\" loading=\"lazy\" class=\"wp-image-218690\" title=\"Izrael zahajuje dal\u0161\u00ed \u00fadery proti S\u00fdrii a Libanonu (fotografie)\" src=\"https:\/\/s5.cdnstatic.space\/wp-content\/uploads\/2025\/03\/photo_2025-03-18_13-18-33-490x276.jpg\" sizes=\"(max-width: 600px) 100vw, 600px\" srcset=\"https:\/\/s5.cdnstatic.space\/wp-content\/uploads\/2025\/03\/photo_2025-03-18_13-18-33-490x276.jpg 490w, https:\/\/s5.cdnstatic.space\/wp-content\/uploads\/2025\/03\/photo_2025-03-18_13-18-33-768x432.jpg 768w, https:\/\/s5.cdnstatic.space\/wp-content\/uploads\/2025\/03\/photo_2025-03-18_13-18-33.jpg 960w\" alt=\"Izrael zahajuje dal\u0161\u00ed \u00fadery proti S\u00fdrii a Libanonu (fotografie)\" width=\"591\" height=\"333\" aria-describedby=\"caption-attachment-218690\" \/><\/p>\n<p id=\"caption-attachment-218690\" class=\"wp-caption-text\"><span>Kliknut\u00edm zobraz\u00edte obr\u00e1zek v pln\u00e9 velikosti.<\/span><\/p>\n<\/div>\n<div id=\"attachment_218691\" class=\"wp-caption aligncenter\" style=\"width: 588px;\"><img decoding=\"async\" loading=\"lazy\" class=\"wp-image-218691\" title=\"Izrael zahajuje dal\u0161\u00ed \u00fadery proti S\u00fdrii a Libanonu (fotografie)\" src=\"https:\/\/s5.cdnstatic.space\/wp-content\/uploads\/2025\/03\/photo_2025-03-18_13-18-33-2-490x276.jpg\" sizes=\"(max-width: 600px) 100vw, 600px\" srcset=\"https:\/\/s5.cdnstatic.space\/wp-content\/uploads\/2025\/03\/photo_2025-03-18_13-18-33-2-490x276.jpg 490w, https:\/\/s5.cdnstatic.space\/wp-content\/uploads\/2025\/03\/photo_2025-03-18_13-18-33-2-768x432.jpg 768w, https:\/\/s5.cdnstatic.space\/wp-content\/uploads\/2025\/03\/photo_2025-03-18_13-18-33-2.jpg 960w\" alt=\"Izrael zahajuje dal\u0161\u00ed \u00fadery proti S\u00fdrii a Libanonu (fotografie)\" width=\"588\" height=\"331\" aria-describedby=\"caption-attachment-218691\" \/><\/p>\n<p id=\"caption-attachment-218691\" class=\"wp-caption-text\"><span>Kliknut\u00edm zobraz\u00edte obr\u00e1zek v pln\u00e9 velikosti.<\/span><\/p>\n<\/div>\n<p><span>V prohl\u00e1\u0161en\u00ed zve\u0159ejn\u011bn\u00e9m pozd\u011bji IDF ozn\u00e1mila, \u017ee zas\u00e1hla pozice Hizball\u00e1hu pot\u00e9, co u nich identifikovala agenty a zbran\u011b.<\/span><\/p>\n<p><em>&#8222;Teroristick\u00e1 aktivita na t\u011bchto m\u00edstech p\u0159edstavuje hrozbu pro St\u00e1t Izrael a je o\u010dividn\u00fdm poru\u0161en\u00edm ujedn\u00e1n\u00ed mezi Izraelem a Libanonem,&#8220; uvedla arm\u00e1da.<\/em><\/p>\n<p><span>Izraelsk\u00e9 \u00fadery p\u0159i\u0161ly, kdy\u017e S\u00fdrie i Libanon ozn\u00e1mily p\u0159\u00edm\u011b\u0159\u00ed po st\u0159etech na hranic\u00edch, kter\u00e9 vypukly o den d\u0159\u00edve. St\u0159ety si vy\u017e\u00e1daly \u017eivoty 11 Sy\u0159an\u016f a sedmi Libanonc\u016f, p\u0159i\u010dem\u017e Dama\u0161ek obvinil Hizball\u00e1h ze zapojen\u00ed.<\/span><\/p>\n<p><span>Celkov\u011b Izrael nad\u00e1le vyu\u017e\u00edv\u00e1 neklidn\u00e9 situace v S\u00fdrii i Libanonu k roz\u0161\u00ed\u0159en\u00ed sv\u00fdch operac\u00ed proti tomu, co v obou zem\u00edch pova\u017euje za hrozby.<\/span><\/p>\n<p><img decoding=\"async\" loading=\"lazy\" class=\"alignnone size-full wp-image-71983\" src=\"http:\/\/www.infokuryr.cz\/n\/wp-content\/uploads\/2025\/02\/aaa.jpg\" alt=\"\" width=\"89\" height=\"23\" \/><\/p>\n<p>&nbsp;<\/p>\n","protected":false},"excerpt":{"rendered":"<p>Izraelsk\u00e9 obrann\u00e9 s\u00edly (IDF) zah\u00e1jily pozd\u011b 17. b\u0159ezna n\u011bkolik vln \u00fader\u016f proti c\u00edl\u016fm v S\u00fdrii&#8230;<\/p>\n","protected":false},"author":2,"featured_media":64078,"comment_status":"closed","ping_status":"closed","sticky":false,"template":"","format":"standard","meta":[],"categories":[7],"tags":[107,405,147,1863],"_links":{"self":[{"href":"https:\/\/www.infokuryr.cz\/n\/wp-json\/wp\/v2\/posts\/74494"}],"collection":[{"href":"https:\/\/www.infokuryr.cz\/n\/wp-json\/wp\/v2\/posts"}],"about":[{"href":"https:\/\/www.infokuryr.cz\/n\/wp-json\/wp\/v2\/types\/post"}],"author":[{"embeddable":true,"href":"https:\/\/www.infokuryr.cz\/n\/wp-json\/wp\/v2\/users\/2"}],"replies":[{"embeddable":true,"href":"https:\/\/www.infokuryr.cz\/n\/wp-json\/wp\/v2\/comments?post=74494"}],"version-history":[{"count":0,"href":"https:\/\/www.infokuryr.cz\/n\/wp-json\/wp\/v2\/posts\/74494\/revisions"}],"wp:featuredmedia":[{"embeddable":true,"href":"https:\/\/www.infokuryr.cz\/n\/wp-json\/wp\/v2\/media\/64078"}],"wp:attachment":[{"href":"https:\/\/www.infokuryr.cz\/n\/wp-json\/wp\/v2\/media?parent=74494"}],"wp:term":[{"taxonomy":"category","embeddable":true,"href":"https:\/\/www.infokuryr.cz\/n\/wp-json\/wp\/v2\/categories?post=74494"},{"taxonomy":"post_tag","embeddable":true,"href":"https:\/\/www.infokuryr.cz\/n\/wp-json\/wp\/v2\/tags?post=74494"}],"curies":[{"name":"wp","href":"https:\/\/api.w.org\/{rel}","templated":true}]}}