{"id":74493,"date":"2025-03-19T05:52:59","date_gmt":"2025-03-19T04:52:59","guid":{"rendered":"https:\/\/www.infokuryr.cz\/n\/?p=74493"},"modified":"2025-03-19T10:54:58","modified_gmt":"2025-03-19T09:54:58","slug":"miroslav-petr-mimoradne-nebezpecny-komunista","status":"publish","type":"post","link":"https:\/\/www.infokuryr.cz\/n\/2025\/03\/19\/miroslav-petr-mimoradne-nebezpecny-komunista\/","title":{"rendered":"Miroslav Petr: Mimo\u0159\u00e1dn\u011b nebezpe\u010dn\u00fd komunista!"},"content":{"rendered":"<div id=\"fb-root\"><\/div>\n<p><strong>\u0160okuj\u00edc\u00ed fakta o agentovi a dvojn\u00e1sobn\u00e9m vlastizr\u00e1dci. Ale o tom a\u017e za chv\u00edli. M\u00e1me nejhor\u0161\u00edho prezidenta v na\u0161ich d\u011bjin\u00e1ch a snad i ve sv\u011bt\u011b. Nejen\u017ee nen\u00e1vid\u00ed d\u016fchodce, kter\u00e9 okradl o pen\u00edze, nejen\u017ee nen\u00e1vid\u00ed \u010desk\u00fd n\u00e1rod, ale n\u011bkolikr\u00e1t s\u00e1m p\u0159iznal, \u017ee poru\u0161il \u00fastavu. Jak je mo\u017en\u00e9, \u017ee hlava st\u00e1tu m\u016f\u017ee beztrestn\u011b a dokonce opakovan\u011b poru\u0161ovat \u00fastavu. \u00dastava m\u00e1 b\u00fdt posv\u00e1tn\u00e1 a nedotknuteln\u00e1 pro ka\u017ed\u00e9ho politika. Je to sv\u011btov\u00fd unik\u00e1t! Je to jako kdyby kn\u011bz poru\u0161oval cel\u00e9 desatero.<\/strong><\/p>\n<p>Pepa na rovinu \u0159ekl, \u017ee nep\u0159ijme premi\u00e9ra, kter\u00fd bude m\u00edt ve vl\u00e1d\u011b vlasteneck\u00e9 strany. Tak\u017ee protipr\u00e1vn\u011b znehodnot\u00ed volby a s\u00e1m rozhodne \/!!!\/ kdo bude vl\u00e1dnout. V tom p\u0159\u00edpad\u011b je to logicky dikt\u00e1tor!!\u00a0 Zn\u00e1te arogantn\u011bj\u0161\u00edho prezidenta? Skute\u010dn\u011b nejde o trestnou \u010dinnost? Opravdu nejde o z\u00e1va\u017enou trestnou \u010dinnost- velezradu? Kdepak jsou na\u0161i &#8222;spojenci&#8220;? Abstinent V\u00e9na by plakal. Nem\u00e1me jistotu ani u politicky z\u00e1visl\u00e9ho proti\u00fastavn\u00edho soudu. Tak\u017ee nezb\u00fdv\u00e1, ne\u017e j\u00edt masov\u011b do ulic jako v Rumunsku.<\/p>\n<p>Pr\u00fd bude spojovat lidi. Ano, t\u00edmto je opravdu spoj\u00ed v jeden celek. Tento totalitn\u00ed dikt\u00e1tor kter\u00fd neuzn\u00e1v\u00e1 demokracii , dosud nepochopil, \u017ee cel\u00fd sv\u011bt se m\u011bn\u00ed o stoosmdes\u00e1t stup\u0148\u016f. Jeho horoskop ukazuje, \u017ee Merkur je v kvadr\u00e1tu na Saturn, co\u017e zna\u010d\u00ed velmi n\u00edzkou inteligenci a\u017e debilitu.<\/p>\n<p>Americk\u00e1 loutka nepochopila, \u017ee o \u017e\u00e1dn\u00e9ho \u010desk\u00e9ho politika u\u017e nem\u00e1 sebemen\u0161\u00ed z\u00e1jem nejen USA, ale i cel\u00fd sv\u011bt. To by snad pochopil i osm\u00e1k.<\/p>\n<p>Podepsal novelu, \u017ee &#8222;um\u011blci&#8220;, kte\u0159\u00ed na sebe neum\u00ed vyd\u011blat, \u017ee jim st\u00e1t pom\u016f\u017ee. Jde o korupci t\u011bchto nefach\u010denk\u016f, aby volili tuto vl\u00e1du.<\/p>\n<p>Z\u00e1m\u011brn\u011b mluv\u00ed a\u017e o p\u00e1t\u00e9m \u010dl\u00e1nku NATO, kdy jsou zem\u011b NATO povinny br\u00e1nit napadenou zemi. Typick\u00e9 pro voj\u00e1ka, kter\u00fd za ka\u017edou cenu prahne po v\u00e1lce. Ka\u017ed\u00fd norm\u00e1ln\u00ed \u010dlov\u011bk by zd\u016fraz\u0148oval prvn\u00ed dva \u010dl\u00e1nky, kde se p\u00ed\u0161e o vz\u00e1jemn\u00e9m jedn\u00e1n\u00ed ukon\u010den\u00ed boje. Tak\u017ee logicky v p\u0159\u00edpad\u011b atomov\u00e9 v\u00e1lky chce vyhladit\/!!\/ \u010desk\u00fd n\u00e1rod. Mnoho lid\u00ed tomu je\u0161t\u011b tlesk\u00e1! \u010capek m\u011bl pravdu. Kdyby dnes \u017eil doktor Gal\u00e9n, lid\u00e9 by ho u\u0161lapali. Bo\u017ee, jak hluboko jsme klesli? \u010capek jako spr\u00e1vn\u00fd vizion\u00e1\u0159 dob\u0159e uhodnul V\u00e1lku mlok\u016f, RUR se tak\u00e9 za\u010d\u00edn\u00e1 plnit.<\/p>\n<p>D\u00e1le agent Pepa podepsal novelu, \u017ee kancel\u00e1\u0159 prezidenta republiky bude nov\u00e9ho prezidenta p\u0159ipravovat na jeho funkci a jeho ve\u0159ejn\u00e9 \u010dinnosti. To je sv\u011btov\u00fd unik\u00e1t, aby n\u011bkdo pou\u010doval nov\u00e9ho prezidenta. Kancel\u00e1\u0159 bude tak\u00e9 obstar\u00e1vat z\u00e1le\u017eitosti spojen\u00e9 s ve\u0159ejnou \u010dinnost\u00ed prezidentovy man\u017eelky \u010di partnerky, p\u0159\u00edpadn\u011b man\u017eela nebo partnera. Nen\u00e1padn\u011b tak z\u00e1kon povoluje, \u017ee prezidentem m\u016f\u017ee b\u00fdt gay, p\u0159\u00edznivec LGBT, bezpohlavn\u00ed asexu\u00e1l nebo trans!! To dokazuje, jak je zvrhl\u00e1 vl\u00e1da a Pepa. Proto je nedostatek psychiatr\u016f. Jakou ve\u0159ejnou \u010dinnost prov\u00e1d\u00ed sou\u010dasn\u00e1 prezidentova \u017eena? Podle v\u0161ech zdroj\u016f jde o prvn\u00ed &#8222;d\u00e1mu&#8220;, kter\u00e1\u00a0 nic ned\u011bl\u00e1, nem\u00e1 ani \u017e\u00e1dnou charitu. Pepo a vl\u00e1do, jak hluboko je\u0161t\u011b klesnete?<\/p>\n<p>Nik\u00fdm nevolen\u00fd oby\u010dejn\u00fd voj\u00e1k Fujt\u00fdn a soudruh Koudelka \u0159\u00edkali, \u017ee ve \u0161kole se mus\u00ed povinn\u011b &#8222;vzd\u011bl\u00e1vat&#8220; v medi\u00e1ln\u00ed gramotnosti. Nev\u00edte, co znamen\u00e1 &#8222;medi\u00e1ln\u00ed gramotnost&#8220;? &#8222;D\u011bti by se m\u011bly u\u010dit ov\u011b\u0159ovat informace, aby nepodl\u00e9haly dezinformac\u00edm.&#8220; Nev\u00edte, co je to dezinformace? Je to v\u016fbec ve slovn\u00edku? &#8222;Informace si ov\u011b\u0159uje ten, kdo chce zn\u00e1t pravdu. Tu chce poznat ten, komu z\u00e1le\u017e\u00ed na pravd\u011b a z\u00e1le\u017e\u00ed mu\u00a0 na druh\u00fdch lidech.&#8220; Takto se ohlupuj\u00ed d\u011bti! P\u0159\u00ed\u0161t\u00ed vl\u00e1da by m\u011bla tuto propagandu ihned zru\u0161it. &#8222;D\u011bti nemaj\u00ed v\u011b\u0159it tomu, z \u010deho maj\u00ed strach, ale maj\u00ed se orientovat podle z\u00e1kladn\u00edch hodnot.&#8220; Nev\u00edte, co jsou ty z\u00e1kladn\u00ed hodnoty? Tuto \u0161\u00edlenost prov\u00e1d\u00ed s povolen\u00edm Mafi\u00e1na a ministra \u0161kolstv\u00ed, kter\u00fd nem\u00e1 pen\u00edze ani na kucha\u0159ky, z na\u0161ich dan\u00ed zkorumpovan\u00e1 ziskovka \u010clov\u011bk v pl\u00edsn\u00ed.<\/p>\n<p>Odvody se neda\u0159\u00ed, proto\u017ee \u010ce\u0161i necht\u011bj\u00ed bojovat a j\u00edt na jistou smrt. Vl\u00e1do, co tak poslat tam sv\u00e9 d\u011bti?<\/p>\n<p><a href=\"https:\/\/www.czechfreepress.cz\/dalsi-blogy\/mimoradne-nebezpecny-komunista.html\">Miroslav Petr<\/a><\/p>\n<p><img decoding=\"async\" loading=\"lazy\" class=\"wp-image-73173 aligncenter\" src=\"http:\/\/www.infokuryr.cz\/n\/wp-content\/uploads\/2025\/02\/demonstrace-08-05-2025-209x300.jpg\" alt=\"\" width=\"562\" height=\"807\" srcset=\"https:\/\/www.infokuryr.cz\/n\/wp-content\/uploads\/2025\/02\/demonstrace-08-05-2025-209x300.jpg 209w, https:\/\/www.infokuryr.cz\/n\/wp-content\/uploads\/2025\/02\/demonstrace-08-05-2025-713x1024.jpg 713w, https:\/\/www.infokuryr.cz\/n\/wp-content\/uploads\/2025\/02\/demonstrace-08-05-2025-768x1103.jpg 768w, https:\/\/www.infokuryr.cz\/n\/wp-content\/uploads\/2025\/02\/demonstrace-08-05-2025.jpg 891w\" sizes=\"(max-width: 562px) 100vw, 562px\" \/><\/p>\n<p>&nbsp;<\/p>\n","protected":false},"excerpt":{"rendered":"<p>\u0160okuj\u00edc\u00ed fakta o agentovi a dvojn\u00e1sobn\u00e9m vlastizr\u00e1dci. Ale o tom a\u017e za chv\u00edli. M\u00e1me nejhor\u0161\u00edho&#8230;<\/p>\n","protected":false},"author":2,"featured_media":21888,"comment_status":"closed","ping_status":"closed","sticky":false,"template":"","format":"standard","meta":[],"categories":[6],"tags":[1503,2712,1173,165,40],"_links":{"self":[{"href":"https:\/\/www.infokuryr.cz\/n\/wp-json\/wp\/v2\/posts\/74493"}],"collection":[{"href":"https:\/\/www.infokuryr.cz\/n\/wp-json\/wp\/v2\/posts"}],"about":[{"href":"https:\/\/www.infokuryr.cz\/n\/wp-json\/wp\/v2\/types\/post"}],"author":[{"embeddable":true,"href":"https:\/\/www.infokuryr.cz\/n\/wp-json\/wp\/v2\/users\/2"}],"replies":[{"embeddable":true,"href":"https:\/\/www.infokuryr.cz\/n\/wp-json\/wp\/v2\/comments?post=74493"}],"version-history":[{"count":0,"href":"https:\/\/www.infokuryr.cz\/n\/wp-json\/wp\/v2\/posts\/74493\/revisions"}],"wp:featuredmedia":[{"embeddable":true,"href":"https:\/\/www.infokuryr.cz\/n\/wp-json\/wp\/v2\/media\/21888"}],"wp:attachment":[{"href":"https:\/\/www.infokuryr.cz\/n\/wp-json\/wp\/v2\/media?parent=74493"}],"wp:term":[{"taxonomy":"category","embeddable":true,"href":"https:\/\/www.infokuryr.cz\/n\/wp-json\/wp\/v2\/categories?post=74493"},{"taxonomy":"post_tag","embeddable":true,"href":"https:\/\/www.infokuryr.cz\/n\/wp-json\/wp\/v2\/tags?post=74493"}],"curies":[{"name":"wp","href":"https:\/\/api.w.org\/{rel}","templated":true}]}}