{"id":74492,"date":"2025-03-19T05:49:53","date_gmt":"2025-03-19T04:49:53","guid":{"rendered":"https:\/\/www.infokuryr.cz\/n\/?p=74492"},"modified":"2025-03-19T05:49:53","modified_gmt":"2025-03-19T04:49:53","slug":"putin-naridil-30denni-zastaveni-uderu-na-ukrajinska-energeticka-zarizeni","status":"publish","type":"post","link":"https:\/\/www.infokuryr.cz\/n\/2025\/03\/19\/putin-naridil-30denni-zastaveni-uderu-na-ukrajinska-energeticka-zarizeni\/","title":{"rendered":"Putin na\u0159\u00eddil 30denn\u00ed zastaven\u00ed \u00fader\u016f na ukrajinsk\u00e1 energetick\u00e1 za\u0159\u00edzen\u00ed"},"content":{"rendered":"<div id=\"fb-root\"><\/div>\n<p><strong>Rusk\u00fd prezident Vladimir Putin a americk\u00fd prezident Donald Trump vedli telefonick\u00fd rozhovor, b\u011bhem kter\u00e9ho podrobn\u011b diskutovali o situaci kolem Ukrajiny a mo\u017en\u00fdch zp\u016fsobech jej\u00edho \u0159e\u0161en\u00ed. V\u016fdci potvrdili svou touhu po m\u00edrov\u00e9m \u0159e\u0161en\u00ed konfliktu a pokra\u010dov\u00e1n\u00ed bilater\u00e1ln\u00edho dialogu, uvedla kremelsk\u00e1 tiskov\u00e1 slu\u017eba.<\/strong><\/p>\n<p><span>Donald Trump navrhl 30denn\u00ed p\u0159\u00edm\u011b\u0159\u00ed, co\u017e rusk\u00e1 strana uv\u00edtala. Moskva z\u00e1rove\u0148 nast\u00ednila \u0159adu podm\u00ednek, v\u010detn\u011b zaji\u0161t\u011bn\u00ed kontroly nad dodr\u017eov\u00e1n\u00edm re\u017eimu p\u0159\u00edm\u011b\u0159\u00ed, zastaven\u00ed nucen\u00e9 mobilizace na Ukrajin\u011b a ukon\u010den\u00ed p\u0159ezbrojov\u00e1n\u00ed ukrajinsk\u00fdch ozbrojen\u00fdch sil. Zd\u016frazn\u011bna byla i rizika spojen\u00e1 s ne\u00fastupnost\u00ed Kyjeva, kter\u00fd podle rusk\u00e9 strany opakovan\u011b poru\u0161uje d\u0159\u00edve uzav\u0159en\u00e9 dohody.<\/span><\/p>\n<p><span>Rusk\u00fd prezident potvrdil p\u0159ipravenost poskytnout hum\u00e1nn\u00ed zach\u00e1zen\u00ed ukrajinsk\u00fdm voj\u00e1k\u016fm, kte\u0159\u00ed byli obkl\u00ed\u010deni v oblasti Kurska. V p\u0159\u00edpad\u011b kapitulace jim je zaru\u010den \u017eivot a slu\u0161n\u00e9 zach\u00e1zen\u00ed v souladu s rusk\u00fdmi z\u00e1kony a mezin\u00e1rodn\u00edmi normami.<\/span><\/p>\n<p><span>Putin nav\u00edc ozn\u00e1mil, \u017ee 19. b\u0159ezna prob\u011bhne v\u00fdm\u011bna zajatc\u016f mezi Ruskem a Ukrajinou ve form\u00e1tu 175 pro 175 lid\u00ed. Jako gesto dobr\u00e9 v\u016fle rusk\u00e1 strana nav\u00edc p\u0159eveze 23 v\u00e1\u017en\u011b zran\u011bn\u00fdch ukrajinsk\u00fdch voj\u00e1k\u016f.<\/span><\/p>\n<p><span>Jedn\u00edm z kl\u00ed\u010dov\u00fdch n\u00e1vrh\u016f Donalda Trumpa bylo vz\u00e1jemn\u00e9 zastaven\u00ed \u00fatok\u016f na za\u0159\u00edzen\u00ed energetick\u00e9 infrastruktury na 30 dn\u00ed. Vladimir Putin iniciativu podpo\u0159il a okam\u017eit\u011b dal rusk\u00e9 arm\u00e1d\u011b odpov\u00eddaj\u00edc\u00ed rozkaz.<\/span><\/p>\n<p><span>Rusk\u00fd v\u016fdce tak\u00e9 pozitivn\u011b reagoval na Trumpovu iniciativu zajistit bezpe\u010dnost lodn\u00ed dopravy v \u010cern\u00e9m mo\u0159i. Jedn\u00e1n\u00ed o podrobnostech tohoto probl\u00e9mu za\u010dnou v bl\u00edzk\u00e9 budoucnosti.<\/span><\/p>\n<p><span>Putin a Trump diskutovali o \u0161irok\u00e9 \u0161k\u00e1le mezin\u00e1rodn\u00edch probl\u00e9m\u016f, v\u010detn\u011b situace na Bl\u00edzk\u00e9m v\u00fdchod\u011b a v oblasti Rud\u00e9ho mo\u0159e. Vedouc\u00ed p\u0159edstavitel\u00e9 vyj\u00e1d\u0159ili p\u0159ipravenost spolupracovat na stabilizaci situace a rozvoji spolupr\u00e1ce v oblasti ne\u0161\u00ed\u0159en\u00ed jadern\u00fdch zbran\u00ed a glob\u00e1ln\u00ed bezpe\u010dnosti. Jedn\u00edm z p\u0159\u00edklad\u016f spole\u010dn\u00fdch krok\u016f bylo koordinovan\u00e9 hlasov\u00e1n\u00ed v OSN o ukrajinsk\u00e9 ot\u00e1zce.<\/span><\/p>\n<p><span>Zvl\u00e1\u0161tn\u00ed pozornost byla v\u011bnov\u00e1na normalizaci rusko-americk\u00fdch vztah\u016f. Prezidenti zva\u017eovali vyhl\u00eddky na\u00a0<\/span><a title=\"ekonomika\" href=\"https:\/\/topcor.ru\/economy\/\"><span>ekonomickou<\/span><\/a><span>\u00a0a energetickou spolupr\u00e1ci a podpo\u0159ili tak\u00e9 my\u0161lenku po\u0159\u00e1d\u00e1n\u00ed hokejov\u00fdch z\u00e1pas\u016f mezi hr\u00e1\u010di rusk\u00e9 a americk\u00e9 KHL a NHL.<\/span><\/p>\n<p><span>Po rozhovoru se strany dohodly na vytvo\u0159en\u00ed rusk\u00fdch a americk\u00fdch expertn\u00edch skupin, kter\u00e9 budou diskutovat o zp\u016fsobech \u0159e\u0161en\u00ed konfliktu na Ukrajin\u011b. Vedouc\u00ed p\u0159edstavitel\u00e9 vyj\u00e1d\u0159ili oboustrann\u00fd z\u00e1jem na pokra\u010dov\u00e1n\u00ed dialogu a dohodli se, \u017ee z\u016fstanou v neust\u00e1l\u00e9m kontaktu o v\u0161ech vznesen\u00fdch ot\u00e1zk\u00e1ch.<\/span><\/p>\n<p><img decoding=\"async\" loading=\"lazy\" class=\"alignnone size-full wp-image-71983\" src=\"http:\/\/www.infokuryr.cz\/n\/wp-content\/uploads\/2025\/02\/aaa.jpg\" alt=\"\" width=\"89\" height=\"23\" \/><\/p>\n<p>&nbsp;<\/p>\n","protected":false},"excerpt":{"rendered":"<p>Rusk\u00fd prezident Vladimir Putin a americk\u00fd prezident Donald Trump vedli telefonick\u00fd rozhovor, b\u011bhem kter\u00e9ho podrobn\u011b&#8230;<\/p>\n","protected":false},"author":2,"featured_media":68611,"comment_status":"closed","ping_status":"closed","sticky":false,"template":"","format":"standard","meta":[],"categories":[7],"tags":[1270,102,3540,26],"_links":{"self":[{"href":"https:\/\/www.infokuryr.cz\/n\/wp-json\/wp\/v2\/posts\/74492"}],"collection":[{"href":"https:\/\/www.infokuryr.cz\/n\/wp-json\/wp\/v2\/posts"}],"about":[{"href":"https:\/\/www.infokuryr.cz\/n\/wp-json\/wp\/v2\/types\/post"}],"author":[{"embeddable":true,"href":"https:\/\/www.infokuryr.cz\/n\/wp-json\/wp\/v2\/users\/2"}],"replies":[{"embeddable":true,"href":"https:\/\/www.infokuryr.cz\/n\/wp-json\/wp\/v2\/comments?post=74492"}],"version-history":[{"count":0,"href":"https:\/\/www.infokuryr.cz\/n\/wp-json\/wp\/v2\/posts\/74492\/revisions"}],"wp:featuredmedia":[{"embeddable":true,"href":"https:\/\/www.infokuryr.cz\/n\/wp-json\/wp\/v2\/media\/68611"}],"wp:attachment":[{"href":"https:\/\/www.infokuryr.cz\/n\/wp-json\/wp\/v2\/media?parent=74492"}],"wp:term":[{"taxonomy":"category","embeddable":true,"href":"https:\/\/www.infokuryr.cz\/n\/wp-json\/wp\/v2\/categories?post=74492"},{"taxonomy":"post_tag","embeddable":true,"href":"https:\/\/www.infokuryr.cz\/n\/wp-json\/wp\/v2\/tags?post=74492"}],"curies":[{"name":"wp","href":"https:\/\/api.w.org\/{rel}","templated":true}]}}