{"id":7449,"date":"2022-01-10T07:26:51","date_gmt":"2022-01-10T06:26:51","guid":{"rendered":"http:\/\/www.infokuryr.cz\/n\/?p=7449"},"modified":"2022-01-10T07:27:41","modified_gmt":"2022-01-10T06:27:41","slug":"nedelnik-adama-b-bartose-69-jak-nam-novy-premier-lakuje-veci-na-fialovo","status":"publish","type":"post","link":"https:\/\/www.infokuryr.cz\/n\/2022\/01\/10\/nedelnik-adama-b-bartose-69-jak-nam-novy-premier-lakuje-veci-na-fialovo\/","title":{"rendered":"NED\u011aLN\u00cdK ADAMA B. BARTO\u0160E (69): JAK N\u00c1M NOV\u00dd PREMI\u00c9R LAKUJE V\u011aCI NA FIALOVO"},"content":{"rendered":"<div id=\"fb-root\"><\/div>\n<p>V\u00e1\u017een\u00e9 a mil\u00e9 \u010dten\u00e1\u0159ky, v\u00e1\u017een\u00ed a mil\u00ed \u010dten\u00e1\u0159i. Prvn\u00ed ned\u011bln\u00edk nov\u00e9ho roku jsem v\u011bnoval zamy\u0161len\u00ed nad t\u00edm, co n\u00e1s asi \u010dek\u00e1 v p\u0159\u00ed\u0161t\u00edch m\u011bs\u00edc\u00edch. Nebyl jsem v\u0161ak s\u00e1m. Novope\u010den\u00fd premi\u00e9r Petr Fiala si pro n\u00e1s p\u0159ipravil tak\u00e9 projev. Ned\u00e1 mi to, abych ho lehce neokomentoval.<\/p>\n<p><span id=\"more-12606\"><\/span>Jeden by od profesora, akademika, \u010dekal n\u011bco na \u00farovni, ale nakonec to byla jen sn\u016f\u0161ka fr\u00e1z\u00ed a floskul\u00ed. Nam\u00e1tkou vyb\u00edr\u00e1m, co mne zaujalo nejv\u00edce.<\/p>\n<p>Nap\u0159\u00edklad ohl\u00e1\u0161en\u00e9 \u0161krt\u00e1n\u00ed, kdy se budou \u201ehledat \u00faspory zejm\u00e9na tam, kde to p\u0159\u00edmo nepoc\u00edt\u00ed na\u0161i ob\u010dan\u00e9\u201c. Podle mne je ve fin\u00e1le jedno, zda lid\u00e9 \u00faspory poc\u00edt\u00ed p\u0159\u00edmo \u010di nep\u0159\u00edmo, proto\u017ee ka\u017ed\u00e9 \u00faspory d\u0159\u00edve \u010di pozd\u011bji poc\u00edt\u00edme v\u0161ichni. Fiala t\u00edm nav\u00edc ukazuje, \u017ee \u0161krt\u00e1n\u00ed lidem nijak nepom\u016f\u017ee. Kdyby se toti\u017e \u0161krtalo na spr\u00e1vn\u00fdch m\u00edstech (t\u0159eba neziskovk\u00e1m), zbyly by pen\u00edze pro lidi. V takov\u00e9m p\u0159\u00edpad\u011b by se Fiala nemusel strachovat, zda to lid\u00e9 poc\u00edt\u00ed p\u0159\u00edmo \u010di nep\u0159\u00edmo, dokonce by si p\u0159\u00e1l, aby to lid\u00e9 poc\u00edtili p\u0159\u00edmo (proto\u017ee by to znamenalo, \u017ee by jim z\u016fstalo v pen\u011b\u017eenk\u00e1ch v\u00edce pen\u011bz). Jen\u017ee Fiala v\u00ed, \u017ee bude \u0161krtat na stran\u011b lid\u00ed, a tak si alespo\u0148 p\u0159eje, aby to na n\u011b dopadlo nep\u0159\u00edmo, \u010dili, aby si toho nev\u0161imli hned a nespojili si to s jeho vl\u00e1dou. Je to jako s vedlej\u0161\u00edmi \u00fa\u010dinky vakc\u00edn \u2013 kdy\u017e se dostav\u00ed pozd\u011bji, nikdo si je do souvislosti s vakc\u00ednou ned\u00e1. Dopadnou na lidi nep\u0159\u00edmo. A\u017e po \u010dase, se zpo\u017ed\u011bn\u00edm. Je to p\u011bkn\u011b vykut\u00e1len\u00e9.<\/p>\n<p>\u0160krtat se pak bude tam, kde \u201epravice\u201c pravideln\u011b a r\u00e1da \u0161krt\u00e1v\u00e1. \u201eM\u00e1me toti\u017e zbytn\u011bl\u00fd a t\u011b\u017ekop\u00e1dn\u00fd st\u00e1t a tomu rozumn\u00e1 redukce jenom prosp\u011bje,\u201c sly\u0161\u00edme v\u011b\u010dnou mantru neoliber\u00e1l\u016f. Tento st\u00e1t p\u0159itom u\u017e t\u00e9m\u011b\u0159 nic nem\u00e1 pod kontrolou, t\u00e9m\u011b\u0159 nic nevlastn\u00ed a t\u00e9m\u011b\u0159 v\u0161e \u201eoutsourcoval\u201c (co\u017e je ve fin\u00e1le dra\u017e\u0161\u00ed, ne\u017e aby si to d\u011blal s\u00e1m), ale \u201epravi\u010d\u00e1ci\u201c budou p\u0159esto tvrdit, \u017ee je zbytn\u011bl\u00fd a \u017ee by ho je\u0161t\u011b v\u00edce redukovali. Co n\u00e1m z toho st\u00e1tu zbyde? pt\u00e1m se\u2026<\/p>\n<p>Kdyby vl\u00e1da cht\u011bla d\u011blat skute\u010dn\u00e9 \u00faspory, m\u011bla by zastavit o\u017eebra\u010dov\u00e1n\u00ed zem\u011b pod z\u00e1minkou covidu, na nulu se\u0161krtat pen\u00edze pro (ne)ziskovky apod. Jenom\u017ee vl\u00e1da, kter\u00e1 tvrd\u00ed, jak chce redukovat zbytn\u011bl\u00fd st\u00e1t, je je\u0161t\u011b zbytn\u011blej\u0161\u00ed, ne\u017e ta p\u0159edchoz\u00ed. Ze \u010dtrn\u00e1cti ministr\u016f se se\u0161krtala na osmn\u00e1ct\u2026<\/p>\n<p>V jin\u00e9 \u010d\u00e1sti proslovu Fiala na\u0159\u00edk\u00e1, jak p\u0159edchoz\u00ed vl\u00e1da zemi zadlu\u017eila. Jedn\u00edm dechem z\u00e1rove\u0148 dod\u00e1v\u00e1, \u017ee na tento jej\u00ed schodek si budeme muset znovu p\u016fj\u010dit. No tak po\u010dkat \u2013 pokud je to \u0161patn\u011b, tak a\u0165 si u\u017e nep\u016fj\u010duj\u00ed. Takov\u00e9 vl\u00e1d\u011b pak r\u00e1d zatlesk\u00e1m. Ale to ne \u2013 to se nesm\u00ed. Vl\u00e1dy se musej\u00ed zadlu\u017eovat, tak\u017ee Fiala kritizuje Babi\u0161ovu vl\u00e1du jen tak naoko. Ve skute\u010dnosti se bude zadlu\u017eovat d\u00e1l a d\u00e1l a je\u0161t\u011b a je\u0161t\u011b v\u00edce. To je p\u0159ece princip vazalstv\u00ed jak\u00e9koli vl\u00e1dy \u2013 bez zadlu\u017een\u00ed by to ne\u0161lo, bez zadlu\u017een\u00ed bychom mohli b\u00fdt a\u017e nebezpe\u010dn\u011b nez\u00e1visl\u00ed, tak\u017ee je pot\u0159eba dostat zemi do okov\u016f dluhu, abychom pak museli poslouchat jako hodinky.<\/p>\n<p>Dal\u0161\u00ed perla z premi\u00e9ra vypadla, kdy\u017e ohla\u0161oval, \u017ee vyv\u00e1zat se z Green Dealu (co\u017e by bylo jedin\u00e9 rozumn\u00e9, jak s Green Dealem nalo\u017eit) je podle n\u011bj \u0161patn\u00e9. No aby ne, kdy\u017e Green Deal prosazuje (skrze EU) hlavn\u011b N\u011bmecko a Fiala se mus\u00ed pokyny z N\u011bmecka \u0159\u00eddit \u2013 m\u016f\u017eeme tedy snad od n\u011bj \u010dekat n\u011bco jin\u00e9ho? Abychom byli p\u0159esn\u011bj\u0161\u00ed, Green Deal Fiala p\u0159\u00edmo nezmi\u0148oval, ale bylo jasn\u00e9, \u017ee mluv\u00ed o n\u011bm, proto\u017ee reagoval za prezidenta Zemana, kter\u00fd p\u0159ed Zelen\u00fdm \u00fad\u011blem varoval. Zde si Fiala s\u00e1m proti\u0159e\u010d\u00ed, proto\u017ee na \u00favod sv\u00e9ho proslovu tvrdil, \u017ee r\u016fst cen energi\u00ed a rostouc\u00ed inflace budou dva v\u00e1\u017en\u00e9 probl\u00e9my, se kter\u00fdmi se budeme tento rok pot\u00fdkat a p\u0159ed kter\u00fdmi n\u00e1s chce jeho vl\u00e1da \u00fadajn\u011b ochr\u00e1nit. Ceny energi\u00ed ale rostou pr\u00e1v\u011b kv\u016fli Green Dealu a kv\u016fli nim pak rostou i ceny v\u0161eho dal\u0161\u00edho (inflace). Kdy\u017e n\u00e1s Fiala slibuje p\u0159ed oboj\u00edm zachr\u00e1nit, ale p\u0159esto nechce Green Deal vypov\u011bd\u011bt, slibuje nemo\u017en\u00e9 a d\u011bl\u00e1 p\u0159esn\u011b to, co v \u00favodu projevu odm\u00edtl \u2013 lakuje v\u011bci na r\u016f\u017eovo. Nebo sp\u00ed\u0161e na fialovo\u2026<\/p>\n<p>O covidu pak \u0159ekl nejot\u0159epan\u011bj\u0161\u00ed z ot\u0159epan\u00fdch fr\u00e1z\u00ed: \u201es covidem je t\u0159eba se nau\u010dit \u017e\u00edt.\u201c To m\u00e1 b\u00fdt jako co? Kdy\u017e jsme to sly\u0161eli poprv\u00e9, mohli jsme to mo\u017en\u00e1 je\u0161t\u011b tehdy pova\u017eovat za dobrou hl\u00e1\u0161ku. Kdy\u017e toto kli\u0161\u00e9 sl\u00fdch\u00e1me u\u017e druh\u00fd rok, zn\u00ed to trapn\u011b. Ale ch\u00e1pu \u2013 zase: co jin\u00e9ho \u010dekat od n\u011bkoho, kdo stejn\u011b nev\u00ed, jak covidovou krizi \u0159e\u0161it a pouze se d\u00edv\u00e1 do N\u011bmecka, aby v\u011bd\u011bl, co \u0159\u00edkat. Je to podobn\u00e1 fr\u00e1ze jako Merkelov\u00e9 \u201ezvl\u00e1dneme to\u201c\u2026<\/p>\n<p>To mi p\u0159ipomn\u011blo, \u017ee nov\u00e1 vl\u00e1da\u00a0<a href=\"https:\/\/www.idnes.cz\/zpravy\/domaci\/vlada-fiala-premier-havel-zahranicni-politika-vojta-komentar.A211216_165013_domaci_mkop?zdroj=zavora\" target=\"_blank\" rel=\"noopener\"><em><strong>pr\u00fd<\/strong><\/em><\/a>\u00a0v koali\u010dn\u00ed smlouv\u011b slibuje, \u017ee obnov\u00ed tradici \u201ehavlovsk\u00e9 zahrani\u010dn\u00ed politiky\u201c. No tak to p\u011bkn\u011b d\u011bkujeme. To se m\u00e1me na co t\u011b\u0161it. Nejsp\u00ed\u0161e na humanit\u00e1rn\u00ed bombardov\u00e1n\u00ed, l\u00eds\u00e1n\u00ed se k USA, opi\u010den\u00ed se po Izraeli, ka\u017edoro\u010dn\u00ed odv\u00e1d\u011bn\u00ed tribut\u016f do \u0158\u00ed\u0161e apod. V\u017edy\u0165 co jin\u00e9ho byla havlovsk\u00e1 zahrani\u010dn\u00ed politika, ne\u017e pozvracen\u00e9 vl\u00e1dn\u00ed speci\u00e1ly po leteck\u00fdch chlasta\u010dk\u00e1ch na zahrani\u010dn\u00ed cesty, omluvy sudetsk\u00fdm N\u011bmc\u016fm, poklonkov\u00e1n\u00ed Z\u00e1padu, ok\u0159ikov\u00e1n\u00ed Ruska, diplomatick\u00fd amat\u00e9rismus, vyv\u011b\u0161ov\u00e1n\u00ed tibetsk\u00fdch vlajek, podpora r\u016fznobarevn\u00fdch soro\u0161ovsk\u00fdch revoluc\u00ed, rozprod\u00e1v\u00e1n\u00ed rodinn\u00e9ho st\u0159\u00edbra apod. A asi by v\u00e1s napadly i dal\u0161\u00ed v\u011bci\u2026<\/p>\n<p>P\u0159esn\u011b v duchu t\u00e9to \u201ehavlovsk\u00e9 zahrani\u010dn\u00ed\u201c politiky Fiala v projevu drze obvi\u0148uje Rusko, \u017ee Evropu \u201evyd\u00edr\u00e1\u201c a je pr\u00fd dokonce \u201ep\u0159ipraveno i na ozbrojen\u00fd konflikt\u201c. Holubi\u010d\u00ed p\u0159edseda strany s pt\u00e1kem v logu se zde na chv\u00edli prom\u011bnil v neokonzervativn\u00edho jest\u0159\u00e1ba, kter\u00fd by nejsp\u00ed\u0161e Rusko humanit\u00e1rn\u011b bombardoval. Tady si ale asi Fiala z\u0159ejm\u011b nevyzvedl noti\u010dky z Berl\u00edna, proto\u017ee N\u011bmecko a Rusko proti sob\u011b moment\u00e1ln\u011b nebojuj\u00ed, ale naopak se podporuj\u00ed. Jenom\u017ee p\u0159esn\u011b toto je \u201ehavlovsk\u00e1 zahrani\u010dn\u00ed politika\u201c \u2013 nekone\u010dn\u00fd a nikdy nekon\u010d\u00edc\u00ed vnit\u0159n\u00ed rozpor mezi t\u00edm, jak\u00e9 mocensk\u00e9 centrum m\u00e1me poslouchat. Zda Washington, Berl\u00edn, Brusel, Tel Aviv \u010di lond\u00fdnsk\u00e9 City. V \u010cesk\u00e9 republice se tradi\u010dn\u011b sna\u017e\u00edme vyhov\u011bt v\u0161em najednou, i kdy\u017e je to krkolomn\u00e9, asi jako kdy\u017e se chcete podrbat na uchu p\u0159es hlavu\u2026<\/p>\n<p>P\u0159\u00edm\u011br s pt\u00e1kem mi zase p\u0159ipomn\u011bl, \u017ee podle tohoto \u010dl\u00e1nku\u00a0<a href=\"https:\/\/www.lidovky.cz\/domov\/koalice-spolu-hleda-narodniho-ptaka-nemaji-ho-vybirat-politici-ale-skolaci.A210922_173635_ln_domov_vag\" target=\"_blank\" rel=\"noopener\"><em><strong>Fiala hled\u00e1 pt\u00e1ka<\/strong><\/em><\/a>. A ne pt\u00e1ka ledasjak\u00e9ho, ale rovnou n\u00e1rodn\u00edho. To je letit\u00e9 ne\u0161t\u011bst\u00ed ODS, kter\u00e1 vlastn\u011b nikdy nev\u011bd\u011bla, co to m\u00e1 ve stranick\u00e9m logu. Zda orla nebo holuba. Kdyby vl\u00e1dl Babi\u0161, bylo by to bez debat \u2013 n\u00e1rodn\u00edm pt\u00e1kem by byl bezpochyby \u010d\u00e1p, ale za Fialovy vl\u00e1dy to nen\u00ed jasn\u00e9. Ale v\u00e1\u017en\u011b \u2013 Fialovy starosti bych cht\u011bl m\u00edt: do lodi jm\u00e9nem \u010cesk\u00e1 republika te\u010de tolika d\u011brami tolik vody a on \u2014 hled\u00e1 \u201en\u00e1rodn\u00edho pt\u00e1ka\u201c.<\/p>\n<p>Ale to jsem notn\u011b odb\u011bhl. Poj\u010fme zp\u011bt k t\u00e9matu. N\u011bkdo by mohl \u0159\u00edci, \u017ee nov\u00e9 vl\u00e1d\u011b k\u0159ivd\u00edm. \u017de se je\u0161t\u011b po\u0159\u00e1dn\u011b nep\u0159edvedla. \u017de jim m\u00e1me d\u00e1t \u010das, aby se s covidovou kriz\u00ed vypo\u0159\u00e1dali, jak slibovali. Nemysl\u00edm si to \u2013 kde nic nen\u00ed, ani smrt nebere. Z t\u00e9to vl\u00e1dy zkr\u00e1tka nic kloudn\u00e9ho nevyleze, m\u016f\u017eeme si tedy u\u0161et\u0159it \u010das, kter\u00fd bychom \u010dek\u00e1n\u00ed na p\u0159\u00edpadn\u00fd z\u00e1zrak v\u011bnovali. Z\u00e1zrak se nestane. Vl\u00e1da bude pokra\u010dovat v covidov\u00e9m teroru, a to i navzdory sv\u00fdm p\u0159edvolebn\u00edm hesl\u016fm. Vzpom\u00edn\u00e1te? \u201eD\u011bti do \u0161kol bez podm\u00ednek\u201c. Samotn\u00fd Fiala ve zmi\u0148ovan\u00e9m novoro\u010dn\u00edm proslovu slibuje, \u017ee vl\u00e1da podpo\u0159\u00ed jen \u201enezbytn\u00e1 opat\u0159en\u00ed\u201c, a to pr\u00fd je\u0161t\u011b takov\u00e1, kter\u00e1 budou \u201erozumn\u00e1\u201c a \u201ep\u0159im\u011b\u0159en\u00e1\u201c. Opak je pravdou. M\u00edsto slibovan\u00e9ho uvoln\u011bn\u00ed se je\u0161t\u011b v\u00edce p\u0159itvrdilo a opat\u0159en\u00ed nejen\u017ee nejsou nezbytn\u00e1, ale u\u017e v\u016fbec ne p\u0159im\u011b\u0159en\u00e1 a o jejich rozumnosti rovn\u011b\u017e nem\u016f\u017ee b\u00fdt \u0159e\u010d\u2026<\/p>\n<p>Nap\u0159\u00edklad ministr zdravotnictv\u00ed V\u00e1lek, kter\u00fd sliboval cosi o uzn\u00e1v\u00e1n\u00ed protil\u00e1tek, na sv\u00e9 sliby jaksi zapomn\u011bl. Ten, kter\u00fd tvrdil, \u017ee plo\u0161n\u00e9 o\u010dkov\u00e1n\u00ed je nevhodn\u00e9, n\u00e1m na Nov\u00fd rok vzk\u00e1zal, \u017ee bychom do roku 2022 m\u011bli vstoupit s\u00a0<a href=\"https:\/\/www.idnes.cz\/zpravy\/domaci\/jednani-vlady-opatretni-proti-koronaviru-omikron-rust-cen-energii-rust-cen.A211229_055009_domaci_kop\" target=\"_blank\" rel=\"noopener\"><em><strong>p\u0159edsevzet\u00edm<\/strong><\/em><\/a>, \u017ee se nech\u00e1me v\u0161ichni nao\u010dkovat. A kdy\u017e se pr\u00fd nenao\u010dkujeme, tak zem\u0159eme. Za\u010dalo se zase masivn\u011b testovat ve firm\u00e1ch a ve \u0161kol\u00e1ch. Ve \u0161kol\u00e1ch je to je\u0161t\u011b brut\u00e1ln\u011bj\u0161\u00ed, ne\u017e p\u0159ed V\u00e1nocemi: zat\u00edmco p\u0159ed V\u00e1nocemi se \u017e\u00e1ci testovali v pond\u011bl\u00ed, te\u010f se testuj\u00ed v pond\u011bl\u00ed a ve \u010dtvrtek. Kdy\u017e se objev\u00ed pozitivn\u011b testovan\u00ed, t\u0159\u00edda sice nejde dom\u016f, ale dokud PCR nepotvrd\u00ed \u010di nevyvr\u00e1t\u00ed tento pozitivn\u00ed n\u00e1lez, testuj\u00ed se d\u011bti ka\u017ed\u00fd den. \u0158\u00edkaj\u00ed tomu\u00a0<em>test-to-stay<\/em>, \u010dili\u00a0<em>\u0161pejluj-se-abys-mohl-z\u016fstat<\/em>. V praxi to bude nejsp\u00ed\u0161e vypadat tak, \u017ee se d\u011bti budou testovat t\u00e9m\u011b\u0159 ka\u017ed\u00fd den a p\u0159itom budou sed\u011bt nav\u00edc po celou dobu v rou\u0161ce.<\/p>\n<p>J\u00e1 tedy sv\u00e9 d\u011bti \u0161pejlovat nenech\u00e1v\u00e1m, kupuju jim plivac\u00ed testy, ale zase to leze do pen\u011bz. Kdy\u017e mus\u00edm d\u00e1t dva testy t\u00fddn\u011b dce\u0159i i synovi, m\u011bs\u00ed\u010dn\u011b mne toto \u201ev\u00fdpaln\u00e9\u201c (v\u00fdpaln\u00e9, aby d\u011bti mohly do \u0161koly) vyjde na 1200-1600 K\u010d (test stoj\u00ed od 75 do 100 K\u010d). Pokud se budou testovat ka\u017ed\u00fd den, bude mne \u00dastavou zaru\u010den\u00e9 bezplatn\u00e9 vzd\u011bl\u00e1v\u00e1n\u00ed d\u011bt\u00ed st\u00e1t je\u0161t\u011b v\u00edce. Nejsp\u00ed\u0161e se na to vyprdnu a budeme se u\u010dit z domova. Jak poznamenal Pavel Opl na sv\u00e9m facebooku: vl\u00e1da by si m\u011bla zm\u011bnit slogan na \u201eutestovat d\u011bti k smrti\u201c:<\/p>\n<p><img decoding=\"async\" loading=\"lazy\" class=\"lazy-hidden alignnone wp-image-12607\" src=\"https:\/\/narodnidemokracie.cz\/wp-content\/uploads\/2022\/01\/271311144_1852374955150483_1554833666711101481_n.jpg\" alt=\"\" width=\"507\" height=\"387\" data-lazy-type=\"image\" data-src=\"https:\/\/narodnidemokracie.cz\/wp-content\/uploads\/2022\/01\/271311144_1852374955150483_1554833666711101481_n.jpg\" \/><\/p>\n<p>\u0160pejlovac\u00ed \u0161koln\u00ed teror p\u0159itom opakovan\u011b prokazuje\u00a0<a href=\"https:\/\/www.idnes.cz\/zpravy\/domaci\/koronavirus-pandemie-covid-19-testovani-zaku-skoly.A220106_123317_domaci_indr\" target=\"_blank\" rel=\"noopener\"><em><strong>zanedbateln\u00e9 \u201ez\u00e1chyty\u201c pozitivn\u00edch \u017e\u00e1k\u016f<\/strong><\/em><\/a>. Podle tohoto\u00a0<a href=\"https:\/\/www.idnes.cz\/zpravy\/domaci\/testovani-omikron-skoly-vysledky-covid-epidemie-zaci-ucitele.A220103_132323_domaci_remy\" target=\"_blank\" rel=\"noopener\"><em><strong>\u010dl\u00e1nku<\/strong><\/em><\/a>\u00a0byly nav\u00edc mnoh\u00e9 z t\u011bchto r\u00e1doby pozitivn\u00edch test\u016f fale\u0161n\u00e9. Jak\u00fd to tedy m\u00e1 smysl a pro\u010d nov\u00e1 vl\u00e1da nesmysln\u00e9 testov\u00e1n\u00ed nezru\u0161\u00ed, ale je\u0161t\u011b v n\u011bm p\u0159itvrzuje? Odpov\u011b\u010f mysl\u00edm v\u0161ichni zn\u00e1me.<\/p>\n<p>Zru\u0161en\u00ed vyhl\u00e1\u0161ky o povinn\u00e9m o\u010dkov\u00e1n\u00ed se zat\u00edm tak\u00e9 nekon\u00e1 a zcela nepochopiteln\u011b se odsouv\u00e1 a\u017e kamsi na p\u016flku \u00fanora. P\u0159itom by se mohla zru\u0161it jako m\u00e1vnut\u00edm kouzeln\u00e9ho proutku \u2013 kdyby se cht\u011blo. M\u00edsto toho jen 14 sen\u00e1tor\u016f sesmolilo jakousi st\u00ed\u017enost k \u00dastavn\u00edmu soudu, se kterou si soudruh Rychetsk\u00fd nejsp\u00ed\u0161e vyt\u0159e sv\u00e9 soudcovsk\u00e9 pozad\u00ed. P\u0159ekvapiv\u00e9 je p\u0159itom u\u017e i to, \u017ee v Sen\u00e1tu, kter\u00fd s p\u0159ehledem ovl\u00e1d\u00e1 demoblok, se na\u0161lo jen 14 sen\u00e1tor\u016f z 81, kte\u0159\u00ed tuto st\u00ed\u017enost podepsali.<\/p>\n<p>Aby toho nebylo m\u00e1lo, ve v\u0161ech t\u011bch zpr\u00e1v\u00e1ch o vakcina\u010dn\u00edm bod\u00e1n\u00ed pon\u011bkud zapadlo, \u017ee \u201ein\u017een\u00fdr\u201c z Afgh\u00e1nist\u00e1nu\u00a0<a href=\"https:\/\/www.idnes.cz\/zpravy\/domaci\/afghanec-silvestr-pobodani-znasilneni-migrant.A220103_174230_zahranicni_albe?zdroj=otvirak\" target=\"_blank\" rel=\"noopener\"><em><strong>oslavil Silvestra<\/strong><\/em><\/a>\u00a0t\u00edm, \u017ee pobodal a zn\u00e1silnil dv\u011b d\u00edvky v Karlov\u00fdch Varech. Ano, bod\u00e1n\u00ed a zn\u00e1sil\u0148ov\u00e1n\u00ed je to, co n\u00e1s nejsp\u00ed\u0161e tento rok \u010dek\u00e1 a nemine. Zn\u00e1sil\u0148ovat a bodat n\u00e1s nejsp\u00ed\u0161e budou st\u0159\u00eddav\u011b vl\u00e1da, st\u0159\u00eddav\u011b \u201edokto\u0159i\u201c a \u201ein\u017een\u00fd\u0159i\u201c z Afgh\u00e1nist\u00e1nu. Na te\u010dku zapome\u0148te, \u017e\u00e1dn\u00e1 se nekon\u00e1. Jedin\u00e1 te\u010dka je ta, kterou m\u00e1 ministr zdravotnictv\u00ed na sv\u00e9m \u010dele\u2026<\/p>\n<p>Pokud to nen\u00ed pov\u011bstn\u00e9 t\u0159et\u00ed oko, pak od n\u011bj asi z\u00e1chranu na\u0161eho zdrav\u00ed \u010dekat nem\u016f\u017eeme. A nejsp\u00ed\u0161e se nedovol\u00e1me ani spravedlnosti, proto\u017ee ministr spravedlnosti m\u00e1 sice na \u010dele tak\u00e9 velkou bradavici, ale rovn\u011b\u017e jsem si nev\u0161iml, \u017ee by se n\u011bco d\u011blalo se z\u00e1chranou na\u0161ich pr\u00e1v a svobod. Sp\u00ed\u0161e to vypad\u00e1, \u017ee n\u00e1m vl\u00e1dne parta kouzelnick\u00fdch u\u010d\u0148\u016f z Bradavic. Ostatn\u011b, \u201eslu\u0161n\u00fd politik\u201c Petr Fiala se sv\u00fdmi kulat\u00fdmi okul\u00e1ry vypad\u00e1 jako p\u0159erostl\u00fd a zarostl\u00fd Harry Potter.<\/p>\n<p>Ale abychom nekon\u010dili nijak negativn\u011b, zm\u00edn\u00edm se o demonstrac\u00edch, kter\u00e9 v sobotu po\u0159\u00e1dala iniciativa Chc\u00edpl pes hned v n\u011bkolika m\u011bstech (a dnes v ned\u011bli pak v Praze). Je dob\u0159e, \u017ee hospod\u0161t\u00ed s Jirkou Jane\u010dkem a Jakubem Olbertem v \u010dele tyto akce d\u011blaj\u00ed, je dob\u0159e, \u017ee na n\u011b lid\u00e9 chod\u00ed a N\u00e1rodn\u00ed demokracie tyto akce podporuje a pokud m\u016f\u017ee, vys\u00edl\u00e1 na n\u011b i sv\u00e9 p\u0159edstavitele. Za N\u00e1rodn\u00ed demokracii tak na protestech v jeden den vystoupil V\u00edt Skalsk\u00fd v Karlov\u00fdch Varech (z Plzn\u011b to nem\u00e1 daleko), v Brn\u011b Radim Maru\u0161ka a Ivan C\u00edcha v \u010cesk\u00fdch Bud\u011bjovic\u00edch. Za t\u00fdden se kon\u00e1 protest v Plzni a tak d\u00e1le. Nesm\u00edme v odporu proti covidov\u00e9 totalit\u011b polevit, i kdy\u017e se ob\u00e1v\u00e1m, \u017ee demonstrace sta\u010dit nebudou. Ka\u017ed\u00fd mus\u00ed demonstrovat sv\u016fj odpor v b\u011b\u017en\u00e9m ka\u017edodenn\u00edm \u017eivot\u011b \u2013 nenechat se dotla\u010dit k n\u00e1hubku, ke \u0161pejlova\u010dce \u010di k \u201ete\u010dce\u201c, kter\u00e1 je dnes u\u017e sp\u00ed\u0161e trojte\u010dkou. Zkr\u00e1tka, nesm\u00edme se nechat oklamat t\u011bmi \u010d\u00e1ryfuky, t\u011bmi kejkl\u00ed\u0159i, t\u011bmi iluzionisty a podvodn\u00edky, co jen slibuj\u00ed, l\u017eou, ml\u017e\u00ed. Nesm\u00edme se nechat oklamat premi\u00e9rem, i kdy\u017e se tv\u00e1\u0159\u00ed jako m\u00edlius a usm\u00edv\u00e1 se na n\u00e1s jak Harry Potter\u2026<\/p>\n<p>Navzdory vl\u00e1d\u011b m\u011bjte p\u011bkn\u00fd t\u00fdden<\/p>\n<p><em>Adam B. Barto\u0161, p\u0159edseda N\u00e1rodn\u00ed demokracie<\/em><\/p>\n<p><img decoding=\"async\" loading=\"lazy\" class=\"alignnone size-full wp-image-678\" src=\"http:\/\/www.infokuryr.cz\/n\/wp-content\/uploads\/2021\/04\/narodni_demokracie_logo.jpg\" alt=\"\" width=\"300\" height=\"85\" \/><\/p>\n","protected":false},"excerpt":{"rendered":"<p>V\u00e1\u017een\u00e9 a mil\u00e9 \u010dten\u00e1\u0159ky, v\u00e1\u017een\u00ed a mil\u00ed \u010dten\u00e1\u0159i. Prvn\u00ed ned\u011bln\u00edk nov\u00e9ho roku jsem v\u011bnoval zamy\u0161len\u00ed&#8230;<\/p>\n","protected":false},"author":2,"featured_media":679,"comment_status":"closed","ping_status":"closed","sticky":false,"template":"","format":"standard","meta":[],"categories":[6],"tags":[367,29,535],"_links":{"self":[{"href":"https:\/\/www.infokuryr.cz\/n\/wp-json\/wp\/v2\/posts\/7449"}],"collection":[{"href":"https:\/\/www.infokuryr.cz\/n\/wp-json\/wp\/v2\/posts"}],"about":[{"href":"https:\/\/www.infokuryr.cz\/n\/wp-json\/wp\/v2\/types\/post"}],"author":[{"embeddable":true,"href":"https:\/\/www.infokuryr.cz\/n\/wp-json\/wp\/v2\/users\/2"}],"replies":[{"embeddable":true,"href":"https:\/\/www.infokuryr.cz\/n\/wp-json\/wp\/v2\/comments?post=7449"}],"version-history":[{"count":0,"href":"https:\/\/www.infokuryr.cz\/n\/wp-json\/wp\/v2\/posts\/7449\/revisions"}],"wp:featuredmedia":[{"embeddable":true,"href":"https:\/\/www.infokuryr.cz\/n\/wp-json\/wp\/v2\/media\/679"}],"wp:attachment":[{"href":"https:\/\/www.infokuryr.cz\/n\/wp-json\/wp\/v2\/media?parent=7449"}],"wp:term":[{"taxonomy":"category","embeddable":true,"href":"https:\/\/www.infokuryr.cz\/n\/wp-json\/wp\/v2\/categories?post=7449"},{"taxonomy":"post_tag","embeddable":true,"href":"https:\/\/www.infokuryr.cz\/n\/wp-json\/wp\/v2\/tags?post=7449"}],"curies":[{"name":"wp","href":"https:\/\/api.w.org\/{rel}","templated":true}]}}