{"id":74458,"date":"2025-03-19T00:29:04","date_gmt":"2025-03-18T23:29:04","guid":{"rendered":"https:\/\/www.infokuryr.cz\/n\/?p=74458"},"modified":"2025-03-18T19:21:28","modified_gmt":"2025-03-18T18:21:28","slug":"zacharovova-bude-zvlastni-videt-vnucku-nacisty-jako-predsedkyni-valneho-shromazdeni-osn","status":"publish","type":"post","link":"https:\/\/www.infokuryr.cz\/n\/2025\/03\/19\/zacharovova-bude-zvlastni-videt-vnucku-nacisty-jako-predsedkyni-valneho-shromazdeni-osn\/","title":{"rendered":"Zacharovov\u00e1: Bude zvl\u00e1\u0161tn\u00ed vid\u011bt vnu\u010dku nacisty jako p\u0159edsedkyni Valn\u00e9ho shrom\u00e1\u017ed\u011bn\u00ed OSN"},"content":{"rendered":"<div id=\"fb-root\"><\/div>\n<p class=\"lead\"><strong>N\u011bmeck\u00e1 ministryn\u011b zahrani\u010d\u00ed Annalena Baerbock, kter\u00e1 je hrd\u00e1 na sv\u00e9ho nacistick\u00e9ho d\u011bde\u010dka, by jako p\u0159edsedkyn\u011b Valn\u00e9ho shrom\u00e1\u017ed\u011bn\u00ed OSN vypadala divn\u011b. Agentu\u0159e TASS\u00a0to\u00a0<a href=\"https:\/\/tass.ru\/politika\/23435601\" target=\"_blank\" rel=\"noopener\">\u0159ekla<\/a>\u00a0ofici\u00e1ln\u00ed z\u00e1stupkyn\u011b rusk\u00e9ho ministerstva zahrani\u010d\u00ed Maria Zacharovov\u00e1.<\/strong><\/p>\n<p><img decoding=\"async\" loading=\"lazy\" class=\"wp-image-68933 aligncenter\" src=\"http:\/\/www.infokuryr.cz\/n\/wp-content\/uploads\/2024\/12\/zacharovova-300x169.jpg\" alt=\"\" width=\"591\" height=\"333\" srcset=\"https:\/\/www.infokuryr.cz\/n\/wp-content\/uploads\/2024\/12\/zacharovova-300x169.jpg 300w, https:\/\/www.infokuryr.cz\/n\/wp-content\/uploads\/2024\/12\/zacharovova.jpg 768w\" sizes=\"(max-width: 591px) 100vw, 591px\" \/><\/p>\n<p><em>\u201eBude zvl\u00e1\u0161tn\u00ed vid\u011bt vnu\u010dku nacisty, kter\u00e1 je hrd\u00e1 na \u201e\u010din\u201c sv\u00e9ho d\u011bde\u010dka, v roce 80. v\u00fdro\u010d\u00ed v\u00edt\u011bzstv\u00ed jako p\u0159edsedkyni Valn\u00e9ho shrom\u00e1\u017ed\u011bn\u00ed,\u201c<span class=\"after-quote\">\u00a0\u2014 poznamenala.<\/span><\/em><\/p>\n<p><span>Ji\u017e d\u0159\u00edve vy\u0161lo najevo, \u017ee n\u011bmeck\u00fd kabinet pl\u00e1nuje nominovat Baerbocka jako kandid\u00e1ta na post p\u0159edsedy Valn\u00e9ho shrom\u00e1\u017ed\u011bn\u00ed OSN na roky 2025-2026.<\/span><\/p>\n<p><img decoding=\"async\" loading=\"lazy\" class=\"alignnone size-full wp-image-71983\" src=\"http:\/\/www.infokuryr.cz\/n\/wp-content\/uploads\/2025\/02\/aaa.jpg\" alt=\"\" width=\"89\" height=\"23\" \/><\/p>\n<p>&nbsp;<\/p>\n","protected":false},"excerpt":{"rendered":"<p>N\u011bmeck\u00e1 ministryn\u011b zahrani\u010d\u00ed Annalena Baerbock, kter\u00e1 je hrd\u00e1 na sv\u00e9ho nacistick\u00e9ho d\u011bde\u010dka, by jako p\u0159edsedkyn\u011b&#8230;<\/p>\n","protected":false},"author":2,"featured_media":66494,"comment_status":"closed","ping_status":"closed","sticky":false,"template":"","format":"standard","meta":[],"categories":[7],"tags":[84,186,3539],"_links":{"self":[{"href":"https:\/\/www.infokuryr.cz\/n\/wp-json\/wp\/v2\/posts\/74458"}],"collection":[{"href":"https:\/\/www.infokuryr.cz\/n\/wp-json\/wp\/v2\/posts"}],"about":[{"href":"https:\/\/www.infokuryr.cz\/n\/wp-json\/wp\/v2\/types\/post"}],"author":[{"embeddable":true,"href":"https:\/\/www.infokuryr.cz\/n\/wp-json\/wp\/v2\/users\/2"}],"replies":[{"embeddable":true,"href":"https:\/\/www.infokuryr.cz\/n\/wp-json\/wp\/v2\/comments?post=74458"}],"version-history":[{"count":1,"href":"https:\/\/www.infokuryr.cz\/n\/wp-json\/wp\/v2\/posts\/74458\/revisions"}],"predecessor-version":[{"id":74459,"href":"https:\/\/www.infokuryr.cz\/n\/wp-json\/wp\/v2\/posts\/74458\/revisions\/74459"}],"wp:featuredmedia":[{"embeddable":true,"href":"https:\/\/www.infokuryr.cz\/n\/wp-json\/wp\/v2\/media\/66494"}],"wp:attachment":[{"href":"https:\/\/www.infokuryr.cz\/n\/wp-json\/wp\/v2\/media?parent=74458"}],"wp:term":[{"taxonomy":"category","embeddable":true,"href":"https:\/\/www.infokuryr.cz\/n\/wp-json\/wp\/v2\/categories?post=74458"},{"taxonomy":"post_tag","embeddable":true,"href":"https:\/\/www.infokuryr.cz\/n\/wp-json\/wp\/v2\/tags?post=74458"}],"curies":[{"name":"wp","href":"https:\/\/api.w.org\/{rel}","templated":true}]}}